{"id":12044,"date":"2025-06-22T22:05:37","date_gmt":"2025-06-22T20:05:37","guid":{"rendered":"https:\/\/agora.xtec.cat\/ies-mediterrania-castelldefels\/?p=12044"},"modified":"2025-07-08T14:51:12","modified_gmt":"2025-07-08T12:51:12","slug":"premis-fpempren","status":"publish","type":"post","link":"https:\/\/agora.xtec.cat\/ies-mediterrania-castelldefels\/portada\/premis-fpempren\/","title":{"rendered":"Premis FPempr\u00e8n"},"content":{"rendered":"<p><img loading=\"lazy\" decoding=\"async\" class=\" wp-image-12045 aligncenter\" src=\"https:\/\/agora.xtec.cat\/ies-mediterrania-castelldefels\/wp-content\/uploads\/usu1078\/2025\/06\/FPempren-300x145.png\" alt=\"\" width=\"333\" height=\"161\" srcset=\"https:\/\/agora.xtec.cat\/ies-mediterrania-castelldefels\/wp-content\/uploads\/usu1078\/2025\/06\/FPempren-300x145.png 300w, https:\/\/agora.xtec.cat\/ies-mediterrania-castelldefels\/wp-content\/uploads\/usu1078\/2025\/06\/FPempren-1024x494.png 1024w, https:\/\/agora.xtec.cat\/ies-mediterrania-castelldefels\/wp-content\/uploads\/usu1078\/2025\/06\/FPempren-768x371.png 768w, https:\/\/agora.xtec.cat\/ies-mediterrania-castelldefels\/wp-content\/uploads\/usu1078\/2025\/06\/FPempren.png 1353w\" sizes=\"auto, (max-width: 333px) 100vw, 333px\" \/><\/p>\n<p>Els alumnes del cicle mitj\u00e0 d&#8217;activitats comercials van presentar 4 projectes a les 16a edici\u00f3 dels premois FPempr\u00e8n, dels quals 2 van ser guanyadors:<\/p>\n<div>\n<div class=\"gmail_default\">\n<ul>\n<li><b><span style=\"font-size: large;\">Premi emprenedor<\/span>\u00a0<\/b>per al projecte:\u00a0<b><span style=\"font-size: large;\">&#8220;HANDS TO THE WOOD&#8221;<\/span>, <\/b>realitzat per: Alejandro Ram\u00edrez i Pol Monera.<\/li>\n<li><b>P<span style=\"font-size: large;\">remi Fabricaci\u00f3\u00a0intel.ligent i transformaci\u00f3 digital<\/span><\/b>\u00a0per al projecte<b><span style=\"font-size: large;\">\u00a0&#8220;BEAUTY REFLECT<\/span><\/b>&#8221; realitzat per Lucas Insa i M\u00aa Jos\u00e9 Valencia<\/li>\n<\/ul>\n<\/div>\n<p>Tots els projectes van ser tuttoritzats per la professora Remedios Lucena.<\/p>\n<\/div>\n<div class=\"gmail_default\">\n<p>Moltes felicitats!!!<\/p>\n<\/div>\n<div><a href=\"https:\/\/photos.app.goo.gl\/csfHm2vs1iVpA4Ri8\" target=\"_blank\" rel=\"noopener\">\u00c0lbum fotos<\/a><\/div>\n<div><\/div>\n","protected":false},"excerpt":{"rendered":"<p>Els alumnes del cicle mitj\u00e0 d&#8217;activitats comercials van presentar 4 projectes a les 16a edici\u00f3 dels premois FPempr\u00e8n, dels quals 2 van ser guanyadors: Premi emprenedor\u00a0per al projecte:\u00a0&#8220;HANDS TO THE WOOD&#8221;, realitzat per: Alejandro Ram\u00edrez i Pol Monera. Premi Fabricaci\u00f3\u00a0intel.ligent i transformaci\u00f3 digital\u00a0per al projecte\u00a0&#8220;BEAUTY REFLECT&#8221; realitzat per Lucas Insa i M\u00aa Jos\u00e9 Valencia Tots [&hellip;]<\/p>\n","protected":false},"author":1,"featured_media":0,"comment_status":"closed","ping_status":"closed","sticky":false,"template":"","format":"standard","meta":{"_bbp_topic_count":0,"_bbp_reply_count":0,"_bbp_total_topic_count":0,"_bbp_total_reply_count":0,"_bbp_voice_count":0,"_bbp_anonymous_reply_count":0,"_bbp_topic_count_hidden":0,"_bbp_reply_count_hidden":0,"_bbp_forum_subforum_count":0,"site-sidebar-layout":"default","site-content-layout":"","ast-site-content-layout":"","site-content-style":"default","site-sidebar-style":"default","ast-global-header-display":"","ast-banner-title-visibility":"","ast-main-header-display":"","ast-hfb-above-header-display":"","ast-hfb-below-header-display":"","ast-hfb-mobile-header-display":"","site-post-title":"","ast-breadcrumbs-content":"","ast-featured-img":"","footer-sml-layout":"","theme-transparent-header-meta":"","adv-header-id-meta":"","stick-header-meta":"","header-above-stick-meta":"","header-main-stick-meta":"","header-below-stick-meta":"","astra-migrate-meta-layouts":"default","ast-page-background-enabled":"default","ast-page-background-meta":{"desktop":{"background-color":"var(--ast-global-color-4)","background-image":"","background-repeat":"repeat","background-position":"center center","background-size":"auto","background-attachment":"scroll","background-type":"","background-media":"","overlay-type":"","overlay-color":"","overlay-opacity":"","overlay-gradient":""},"tablet":{"background-color":"","background-image":"","background-repeat":"repeat","background-position":"center center","background-size":"auto","background-attachment":"scroll","background-type":"","background-media":"","overlay-type":"","overlay-color":"","overlay-opacity":"","overlay-gradient":""},"mobile":{"background-color":"","background-image":"","background-repeat":"repeat","background-position":"center center","background-size":"auto","background-attachment":"scroll","background-type":"","background-media":"","overlay-type":"","overlay-color":"","overlay-opacity":"","overlay-gradient":""}},"ast-content-background-meta":{"desktop":{"background-color":"var(--ast-global-color-5)","background-image":"","background-repeat":"repeat","background-position":"center center","background-size":"auto","background-attachment":"scroll","background-type":"","background-media":"","overlay-type":"","overlay-color":"","overlay-opacity":"","overlay-gradient":""},"tablet":{"background-color":"var(--ast-global-color-5)","background-image":"","background-repeat":"repeat","background-position":"center center","background-size":"auto","background-attachment":"scroll","background-type":"","background-media":"","overlay-type":"","overlay-color":"","overlay-opacity":"","overlay-gradient":""},"mobile":{"background-color":"var(--ast-global-color-5)","background-image":"","background-repeat":"repeat","background-position":"center center","background-size":"auto","background-attachment":"scroll","background-type":"","background-media":"","overlay-type":"","overlay-color":"","overlay-opacity":"","overlay-gradient":""}},"footnotes":""},"categories":[129,30,29],"tags":[],"class_list":["post-12044","post","type-post","status-publish","format-standard","hentry","category-act-24-25","category-cicles-formatius","category-portada"],"post_mailing_queue_ids":[],"_links":{"self":[{"href":"https:\/\/agora.xtec.cat\/ies-mediterrania-castelldefels\/wp-json\/wp\/v2\/posts\/12044","targetHints":{"allow":["GET"]}}],"collection":[{"href":"https:\/\/agora.xtec.cat\/ies-mediterrania-castelldefels\/wp-json\/wp\/v2\/posts"}],"about":[{"href":"https:\/\/agora.xtec.cat\/ies-mediterrania-castelldefels\/wp-json\/wp\/v2\/types\/post"}],"author":[{"embeddable":true,"href":"https:\/\/agora.xtec.cat\/ies-mediterrania-castelldefels\/wp-json\/wp\/v2\/users\/1"}],"replies":[{"embeddable":true,"href":"https:\/\/agora.xtec.cat\/ies-mediterrania-castelldefels\/wp-json\/wp\/v2\/comments?post=12044"}],"version-history":[{"count":5,"href":"https:\/\/agora.xtec.cat\/ies-mediterrania-castelldefels\/wp-json\/wp\/v2\/posts\/12044\/revisions"}],"predecessor-version":[{"id":12081,"href":"https:\/\/agora.xtec.cat\/ies-mediterrania-castelldefels\/wp-json\/wp\/v2\/posts\/12044\/revisions\/12081"}],"wp:attachment":[{"href":"https:\/\/agora.xtec.cat\/ies-mediterrania-castelldefels\/wp-json\/wp\/v2\/media?parent=12044"}],"wp:term":[{"taxonomy":"category","embeddable":true,"href":"https:\/\/agora.xtec.cat\/ies-mediterrania-castelldefels\/wp-json\/wp\/v2\/categories?post=12044"},{"taxonomy":"post_tag","embeddable":true,"href":"https:\/\/agora.xtec.cat\/ies-mediterrania-castelldefels\/wp-json\/wp\/v2\/tags?post=12044"}],"curies":[{"name":"wp","href":"https:\/\/api.w.org\/{rel}","templated":true}]}}