{"id":11669,"date":"2025-02-24T10:59:36","date_gmt":"2025-02-24T09:59:36","guid":{"rendered":"https:\/\/agora.xtec.cat\/ies-mediterrania-castelldefels\/?p=11669"},"modified":"2025-02-24T11:02:04","modified_gmt":"2025-02-24T10:02:04","slug":"sortida-hotel-catalonia-barcelona-placa","status":"publish","type":"post","link":"https:\/\/agora.xtec.cat\/ies-mediterrania-castelldefels\/general\/sortida-hotel-catalonia-barcelona-placa\/","title":{"rendered":"Sortida Hotel Catal\u00f2nia Barcelona Pla\u00e7a"},"content":{"rendered":"<p><img loading=\"lazy\" decoding=\"async\" class=\"size-medium wp-image-11670 aligncenter\" src=\"https:\/\/agora.xtec.cat\/ies-mediterrania-castelldefels\/wp-content\/uploads\/usu1078\/2025\/02\/Hotel-300x252.png\" alt=\"\" width=\"300\" height=\"252\" srcset=\"https:\/\/agora.xtec.cat\/ies-mediterrania-castelldefels\/wp-content\/uploads\/usu1078\/2025\/02\/Hotel-300x252.png 300w, https:\/\/agora.xtec.cat\/ies-mediterrania-castelldefels\/wp-content\/uploads\/usu1078\/2025\/02\/Hotel-768x644.png 768w, https:\/\/agora.xtec.cat\/ies-mediterrania-castelldefels\/wp-content\/uploads\/usu1078\/2025\/02\/Hotel.png 1007w\" sizes=\"auto, (max-width: 300px) 100vw, 300px\" \/><\/p>\n<p dir=\"ltr\">El passat dimecres, 12 de febrer, l&#8217;alumnat del CFGS de Gesti\u00f3 d&#8217;Allotjaments tur\u00edstics i del CFGS d&#8217;Ag\u00e8ncies de viatges i gesti\u00f3 d\u2019esdeveniments, vam realitzar una visita a l&#8217;hotel Catal\u00f2nia Barcelona Pla\u00e7a.<\/p>\n<p dir=\"ltr\">La Directora Comercial ens va mostrar les diferents instal\u00b7lacions de l\u2019hotel, els diferents salons on es fan els esdeveniments, i els diferents tipus d\u2019habitacions que t\u00e9 l\u2019hotel. Tamb\u00e9 ens va explicar la hist\u00f2ria i segmentaci\u00f3 de l&#8217;hotel, aix\u00ed com tot el proc\u00e9s que se segueix en la contractaci\u00f3 i organitzaci\u00f3 d&#8217;un esdeveniment.<\/p>\n<p dir=\"ltr\"><a href=\"https:\/\/photos.app.goo.gl\/KLZM8zEjw1aYdAVZ9\" target=\"_blank\" rel=\"noopener\">\u00c0lbum fotos<\/a><\/p>\n","protected":false},"excerpt":{"rendered":"<p>El passat dimecres, 12 de febrer, l&#8217;alumnat del CFGS de Gesti\u00f3 d&#8217;Allotjaments tur\u00edstics i del CFGS d&#8217;Ag\u00e8ncies de viatges i gesti\u00f3 d\u2019esdeveniments, vam realitzar una visita a l&#8217;hotel Catal\u00f2nia Barcelona Pla\u00e7a. La Directora Comercial ens va mostrar les diferents instal\u00b7lacions de l\u2019hotel, els diferents salons on es fan els esdeveniments, i els diferents tipus d\u2019habitacions [&hellip;]<\/p>\n","protected":false},"author":1,"featured_media":0,"comment_status":"closed","ping_status":"closed","sticky":false,"template":"","format":"standard","meta":{"_bbp_topic_count":0,"_bbp_reply_count":0,"_bbp_total_topic_count":0,"_bbp_total_reply_count":0,"_bbp_voice_count":0,"_bbp_anonymous_reply_count":0,"_bbp_topic_count_hidden":0,"_bbp_reply_count_hidden":0,"_bbp_forum_subforum_count":0,"site-sidebar-layout":"default","site-content-layout":"","ast-site-content-layout":"","site-content-style":"default","site-sidebar-style":"default","ast-global-header-display":"","ast-banner-title-visibility":"","ast-main-header-display":"","ast-hfb-above-header-display":"","ast-hfb-below-header-display":"","ast-hfb-mobile-header-display":"","site-post-title":"","ast-breadcrumbs-content":"","ast-featured-img":"","footer-sml-layout":"","theme-transparent-header-meta":"","adv-header-id-meta":"","stick-header-meta":"","header-above-stick-meta":"","header-main-stick-meta":"","header-below-stick-meta":"","astra-migrate-meta-layouts":"default","ast-page-background-enabled":"default","ast-page-background-meta":{"desktop":{"background-color":"var(--ast-global-color-4)","background-image":"","background-repeat":"repeat","background-position":"center center","background-size":"auto","background-attachment":"scroll","background-type":"","background-media":"","overlay-type":"","overlay-color":"","overlay-opacity":"","overlay-gradient":""},"tablet":{"background-color":"","background-image":"","background-repeat":"repeat","background-position":"center center","background-size":"auto","background-attachment":"scroll","background-type":"","background-media":"","overlay-type":"","overlay-color":"","overlay-opacity":"","overlay-gradient":""},"mobile":{"background-color":"","background-image":"","background-repeat":"repeat","background-position":"center center","background-size":"auto","background-attachment":"scroll","background-type":"","background-media":"","overlay-type":"","overlay-color":"","overlay-opacity":"","overlay-gradient":""}},"ast-content-background-meta":{"desktop":{"background-color":"var(--ast-global-color-5)","background-image":"","background-repeat":"repeat","background-position":"center center","background-size":"auto","background-attachment":"scroll","background-type":"","background-media":"","overlay-type":"","overlay-color":"","overlay-opacity":"","overlay-gradient":""},"tablet":{"background-color":"var(--ast-global-color-5)","background-image":"","background-repeat":"repeat","background-position":"center center","background-size":"auto","background-attachment":"scroll","background-type":"","background-media":"","overlay-type":"","overlay-color":"","overlay-opacity":"","overlay-gradient":""},"mobile":{"background-color":"var(--ast-global-color-5)","background-image":"","background-repeat":"repeat","background-position":"center center","background-size":"auto","background-attachment":"scroll","background-type":"","background-media":"","overlay-type":"","overlay-color":"","overlay-opacity":"","overlay-gradient":""}},"footnotes":""},"categories":[30,1,29],"tags":[],"class_list":["post-11669","post","type-post","status-publish","format-standard","hentry","category-cicles-formatius","category-general","category-portada"],"post_mailing_queue_ids":[],"_links":{"self":[{"href":"https:\/\/agora.xtec.cat\/ies-mediterrania-castelldefels\/wp-json\/wp\/v2\/posts\/11669","targetHints":{"allow":["GET"]}}],"collection":[{"href":"https:\/\/agora.xtec.cat\/ies-mediterrania-castelldefels\/wp-json\/wp\/v2\/posts"}],"about":[{"href":"https:\/\/agora.xtec.cat\/ies-mediterrania-castelldefels\/wp-json\/wp\/v2\/types\/post"}],"author":[{"embeddable":true,"href":"https:\/\/agora.xtec.cat\/ies-mediterrania-castelldefels\/wp-json\/wp\/v2\/users\/1"}],"replies":[{"embeddable":true,"href":"https:\/\/agora.xtec.cat\/ies-mediterrania-castelldefels\/wp-json\/wp\/v2\/comments?post=11669"}],"version-history":[{"count":2,"href":"https:\/\/agora.xtec.cat\/ies-mediterrania-castelldefels\/wp-json\/wp\/v2\/posts\/11669\/revisions"}],"predecessor-version":[{"id":11672,"href":"https:\/\/agora.xtec.cat\/ies-mediterrania-castelldefels\/wp-json\/wp\/v2\/posts\/11669\/revisions\/11672"}],"wp:attachment":[{"href":"https:\/\/agora.xtec.cat\/ies-mediterrania-castelldefels\/wp-json\/wp\/v2\/media?parent=11669"}],"wp:term":[{"taxonomy":"category","embeddable":true,"href":"https:\/\/agora.xtec.cat\/ies-mediterrania-castelldefels\/wp-json\/wp\/v2\/categories?post=11669"},{"taxonomy":"post_tag","embeddable":true,"href":"https:\/\/agora.xtec.cat\/ies-mediterrania-castelldefels\/wp-json\/wp\/v2\/tags?post=11669"}],"curies":[{"name":"wp","href":"https:\/\/api.w.org\/{rel}","templated":true}]}}