{"id":813,"date":"2015-02-23T14:51:27","date_gmt":"2015-02-23T13:51:27","guid":{"rendered":"http:\/\/agora.xtec.cat\/ies-jaumebalmes\/general\/aparaoabalaeamaeasa-aaa-alaaeasaparaianata-a2a0a1a5a-aaeasaoa1a-aia-aeasaoa2aa\/"},"modified":"2015-02-23T14:51:27","modified_gmt":"2015-02-23T13:51:27","slug":"aparaoabalaeamaeasa-aaa-alaaeasaparaianata-a2a0a1a5a-aaeasaoa1a-aia-aeasaoa2aa","status":"publish","type":"post","link":"https:\/\/agora.xtec.cat\/ies-jaumebalmes\/general\/aparaoabalaeamaeasa-aaa-alaaeasaparaianata-a2a0a1a5a-aaeasaoa1a-aia-aeasaoa2aa\/","title":{"rendered":"Problemes a l&#8217;Esprint 2015 (ESO1 i ESO2)"},"content":{"rendered":"<p><strong><span style=\"font-style: normal; font-variant: normal; font-weight: normal; letter-spacing: normal; line-height: 18.2px; text-align: start; text-indent: 0px; text-transform: none; white-space: normal; word-spacing: 0px; display: inline ! important; float: none; background-color: #ffffff;\">La tarda del dimecres 18 de febrer 3 alumnes (Carolina Musard\u00f3 ESO1, Anna Riu ESO2A i Elsa Blanco ESO2C) van participar en aquesta activitat ludico-matem\u00e0tica,<\/span><\/strong><br style=\"font-style: normal; font-variant: normal; font-weight: normal; letter-spacing: normal; line-height: 18.2px; text-align: start; text-indent: 0px; text-transform: none; white-space: normal; word-spacing: 0px; background-color: #ffffff;\" \/><span style=\"font-style: normal; font-variant: normal; font-weight: normal; letter-spacing: normal; line-height: 18.2px; text-align: start; text-indent: 0px; text-transform: none; white-space: normal; word-spacing: 0px; display: inline ! important; float: none; background-color: #ffffff;\">Malgrat tenir un equip amb pocs membres la seva actuaci\u00f3 va ser molt bona. Van ser dels 79 dels 148 centres que van solucionar tots els exercicis correctament i dels 39 que ho van fer en un temps inferior a 1h i 15 minuts.<\/span><br style=\"font-style: normal; font-variant: normal; font-weight: normal; letter-spacing: normal; line-height: 18.2px; text-align: start; text-indent: 0px; text-transform: none; white-space: normal; word-spacing: 0px; background-color: #ffffff;\" \/><strong><br style=\"font-style: normal; font-variant: normal; font-weight: normal; letter-spacing: normal; line-height: 18.2px; text-align: start; text-indent: 0px; text-transform: none; white-space: normal; word-spacing: 0px; background-color: #ffffff;\" \/><span style=\"font-style: normal; font-variant: normal; font-weight: normal; letter-spacing: normal; line-height: 18.2px; text-align: start; text-indent: 0px; text-transform: none; white-space: normal; word-spacing: 0px; display: inline ! important; float: none; background-color: #ffffff;\">Felicitats!<\/span><\/strong><\/p>\n<p><a href=\"https:\/\/plus.google.com\/photos\/109082993004267794892\/albums\/6119031359887160161\" target=\"_blank\"><img decoding=\"async\" src=\"https:\/\/lh3.googleusercontent.com\/XEBoZunp_yWLxMdMDZwXV3Gcpc5OvNVdxuOPx6279KLB=w152-h207-p-no\" \/> <img decoding=\"async\" src=\"https:\/\/lh3.googleusercontent.com\/WE_y35E45UY7i6S56Mrma5bcnDJspCL7xGMBHa8D_dcQ=w276-h207-p-no\" \/><\/a><\/p>\n","protected":false},"excerpt":{"rendered":"<p>La tarda del dimecres 18 de febrer 3 alumnes (Carolina Musard\u00f3 ESO1, Anna Riu ESO2A i Elsa Blanco ESO2C) van participar en aquesta activitat ludico-matem\u00e0tica,Malgrat tenir un equip amb pocs membres la seva actuaci\u00f3 va ser molt bona. Van ser dels 79 dels 148 centres&hellip;  <a href=\"https:\/\/agora.xtec.cat\/ies-jaumebalmes\/general\/aparaoabalaeamaeasa-aaa-alaaeasaparaianata-a2a0a1a5a-aaeasaoa1a-aia-aeasaoa2aa\/\" title=\"Read Problemes a l&#8217;Esprint 2015 (ESO1 i ESO2)\">Llegeix m\u00e9s\u00bb<\/a><\/p>\n","protected":false},"author":3,"featured_media":0,"comment_status":"open","ping_status":"open","sticky":false,"template":"","format":"standard","meta":{"_bbp_topic_count":0,"_bbp_reply_count":0,"_bbp_total_topic_count":0,"_bbp_total_reply_count":0,"_bbp_voice_count":0,"_bbp_anonymous_reply_count":0,"_bbp_topic_count_hidden":0,"_bbp_reply_count_hidden":0,"_bbp_forum_subforum_count":0,"footnotes":""},"categories":[1],"tags":[97,100],"class_list":["post-813","post","type-post","status-publish","format-standard","hentry","category-general","tag-intraweb","tag-noticies"],"post_mailing_queue_ids":[],"_links":{"self":[{"href":"https:\/\/agora.xtec.cat\/ies-jaumebalmes\/wp-json\/wp\/v2\/posts\/813","targetHints":{"allow":["GET"]}}],"collection":[{"href":"https:\/\/agora.xtec.cat\/ies-jaumebalmes\/wp-json\/wp\/v2\/posts"}],"about":[{"href":"https:\/\/agora.xtec.cat\/ies-jaumebalmes\/wp-json\/wp\/v2\/types\/post"}],"author":[{"embeddable":true,"href":"https:\/\/agora.xtec.cat\/ies-jaumebalmes\/wp-json\/wp\/v2\/users\/3"}],"replies":[{"embeddable":true,"href":"https:\/\/agora.xtec.cat\/ies-jaumebalmes\/wp-json\/wp\/v2\/comments?post=813"}],"version-history":[{"count":0,"href":"https:\/\/agora.xtec.cat\/ies-jaumebalmes\/wp-json\/wp\/v2\/posts\/813\/revisions"}],"wp:attachment":[{"href":"https:\/\/agora.xtec.cat\/ies-jaumebalmes\/wp-json\/wp\/v2\/media?parent=813"}],"wp:term":[{"taxonomy":"category","embeddable":true,"href":"https:\/\/agora.xtec.cat\/ies-jaumebalmes\/wp-json\/wp\/v2\/categories?post=813"},{"taxonomy":"post_tag","embeddable":true,"href":"https:\/\/agora.xtec.cat\/ies-jaumebalmes\/wp-json\/wp\/v2\/tags?post=813"}],"curies":[{"name":"wp","href":"https:\/\/api.w.org\/{rel}","templated":true}]}}