{"id":809,"date":"2015-02-17T15:05:34","date_gmt":"2015-02-17T14:05:34","guid":{"rendered":"http:\/\/agora.xtec.cat\/ies-jaumebalmes\/general\/aparaeamaaataraacaualaaa-adaea-alaeasa-apaaaua-a2a0a1a5a\/"},"modified":"2015-02-17T15:05:34","modified_gmt":"2015-02-17T14:05:34","slug":"aparaeamaaataraacaualaaa-adaea-alaeasa-apaaaua-a2a0a1a5a","status":"publish","type":"post","link":"https:\/\/agora.xtec.cat\/ies-jaumebalmes\/general\/aparaeamaaataraacaualaaa-adaea-alaeasa-apaaaua-a2a0a1a5a\/","title":{"rendered":"Prematr\u00edcula de les PAU 2015"},"content":{"rendered":"<p>Avui a l&#8217;hora de tutoria de 2n de BTX s&#8217;ha fet una xerrada d&#8217;orientaci\u00f3 sobre les PAU remarcant que <strong>comen\u00e7a el termini de la Prematr\u00edcula del 18\/2 al&nbsp;2\/3.<\/strong><\/p>\n<p> <a target=\"_blank\" href=\"\/ies-jaumebalmes\/intranet\/index.php?module=documents&amp;type=user&amp;func=viewDocs&amp;categoryId=28\">DOCUMENTS P\u00daBLICS<\/a><a href=\"\/ies-jaumebalmes\/intranet\/index.php?module=documents&amp;type=user&amp;func=viewDocs&amp;categoryId=28\" target=\"_blank\"> \/ Batxillerat, PAU i Preinscripci\u00f3 universit\u00e0ria<\/a><\/p>\n<p> Trobareu:<\/p>\n<ul>\n<li><a href=\"\/ies-jaumebalmes\/intranet\/index.php?module=documents&amp;type=user&amp;func=downloadDocument&amp;documentId=718\" target=\"_blank\">La presentaci\u00f3 que s&#8217;ha fet servir.<br \/><\/a><\/li>\n<li><a href=\"\/ies-jaumebalmes\/intranet\/index.php?module=documents&amp;type=user&amp;func=downloadDocument&amp;documentId=713\" target=\"_blank\">El fullet\u00f3 informatiu sobre les PAU 2015<\/a> per a l&#8217;alumnat de Batxillerat.<\/li>\n<li><a href=\"\/ies-jaumebalmes\/intranet\/index.php?module=documents&amp;type=user&amp;func=downloadDocument&amp;documentId=707\" target=\"_blank\">Guia informativa de la Prematr\u00edcula a les PAU 2015 <\/a>per a l&#8217;alumnat de 2n de Batxillerat.<\/li>\n<li><a href=\"\/ies-jaumebalmes\/intranet\/index.php?module=documents&amp;type=user&amp;func=downloadDocument&amp;documentId=727\" target=\"_blank\">BatxiBac 2015: Acc\u00e9s estudis superiors a Fran\u00e7a i Espanya. Preinscripci\u00f3.<\/a> [AFEGIT EL 25\/2\/15]<\/li>\n<\/ul>\n","protected":false},"excerpt":{"rendered":"<p>Avui a l&#8217;hora de tutoria de 2n de BTX s&#8217;ha fet una xerrada d&#8217;orientaci\u00f3 sobre les PAU remarcant que comen\u00e7a el termini de la Prematr\u00edcula del 18\/2 al&nbsp;2\/3.<br \/>\n <a target=\"_blank\" href=\"\/ies-jaumebalmes\/intranet\/index.php?module=documents&amp;type=user&amp;func=viewDocs&amp;categoryId=28\">DOCUMENTS P\u00daBLICS<\/a><a href=\"\/ies-jaumebalmes\/intranet\/index.php?module=documents&amp;type=user&amp;func=viewDocs&amp;categoryId=28\" target=\"_blank\"> \/ Batxillerat, PAU i Preinscripci\u00f3 universit\u00e0ria<\/a><br \/>\n Trobareu:<\/p>\n<ul>\n<li><a href=\"\/ies-jaumebalmes\/intranet\/index.php?module=documents&amp;type=user&amp;func=downloadDocument&amp;documentId=718\" target=\"_blank\">La presentaci\u00f3 que&hellip;  <a href=\"https:\/\/agora.xtec.cat\/ies-jaumebalmes\/general\/aparaeamaaataraacaualaaa-adaea-alaeasa-apaaaua-a2a0a1a5a\/\" title=\"Read Prematr\u00edcula de les PAU 2015\">Llegeix m\u00e9s\u00bb<\/a><br \/>\n","protected":false},"author":3,"featured_media":0,"comment_status":"open","ping_status":"open","sticky":false,"template":"","format":"standard","meta":{"_bbp_topic_count":0,"_bbp_reply_count":0,"_bbp_total_topic_count":0,"_bbp_total_reply_count":0,"_bbp_voice_count":0,"_bbp_anonymous_reply_count":0,"_bbp_topic_count_hidden":0,"_bbp_reply_count_hidden":0,"_bbp_forum_subforum_count":0,"footnotes":""},"categories":[1],"tags":[97,100],"class_list":["post-809","post","type-post","status-publish","format-standard","hentry","category-general","tag-intraweb","tag-noticies"],"post_mailing_queue_ids":[],"_links":{"self":[{"href":"https:\/\/agora.xtec.cat\/ies-jaumebalmes\/wp-json\/wp\/v2\/posts\/809","targetHints":{"allow":["GET"]}}],"collection":[{"href":"https:\/\/agora.xtec.cat\/ies-jaumebalmes\/wp-json\/wp\/v2\/posts"}],"about":[{"href":"https:\/\/agora.xtec.cat\/ies-jaumebalmes\/wp-json\/wp\/v2\/types\/post"}],"author":[{"embeddable":true,"href":"https:\/\/agora.xtec.cat\/ies-jaumebalmes\/wp-json\/wp\/v2\/users\/3"}],"replies":[{"embeddable":true,"href":"https:\/\/agora.xtec.cat\/ies-jaumebalmes\/wp-json\/wp\/v2\/comments?post=809"}],"version-history":[{"count":0,"href":"https:\/\/agora.xtec.cat\/ies-jaumebalmes\/wp-json\/wp\/v2\/posts\/809\/revisions"}],"wp:attachment":[{"href":"https:\/\/agora.xtec.cat\/ies-jaumebalmes\/wp-json\/wp\/v2\/media?parent=809"}],"wp:term":[{"taxonomy":"category","embeddable":true,"href":"https:\/\/agora.xtec.cat\/ies-jaumebalmes\/wp-json\/wp\/v2\/categories?post=809"},{"taxonomy":"post_tag","embeddable":true,"href":"https:\/\/agora.xtec.cat\/ies-jaumebalmes\/wp-json\/wp\/v2\/tags?post=809"}],"curies":[{"name":"wp","href":"https:\/\/api.w.org\/{rel}","templated":true}]}}