{"id":776,"date":"2014-09-16T16:31:06","date_gmt":"2014-09-16T15:31:06","guid":{"rendered":"http:\/\/agora.xtec.cat\/ies-jaumebalmes\/general\/aeaxapalaiacaaacaiaa-asaoabaraea-alaeasa-apaaaua-a2a0a1a5a-aia-a2a0a1a6a\/"},"modified":"2014-09-16T16:31:06","modified_gmt":"2014-09-16T15:31:06","slug":"aeaxapalaiacaaacaiaa-asaoabaraea-alaeasa-apaaaua-a2a0a1a5a-aia-a2a0a1a6a","status":"publish","type":"post","link":"https:\/\/agora.xtec.cat\/ies-jaumebalmes\/general\/aeaxapalaiacaaacaiaa-asaoabaraea-alaeasa-apaaaua-a2a0a1a5a-aia-a2a0a1a6a\/","title":{"rendered":"Explicaci\u00f3 sobre les PAU 2015 i 2016"},"content":{"rendered":"<p>A la primera sessi\u00f3 de tutoria de l&#8217;alumnat de BTX di\u00fcrn s&#8217;ha fet una <strong>explicaci\u00f3 sobres les PAU, estudis universitaris, notes de tall i preinscripci\u00f3 universit\u00e0ria. <\/strong><a target=\"_blank\" href=\"\/ies-jaumebalmes\/intranet\/index.php?module=documents&amp;type=user&amp;func=downloadDocument&amp;documentId=689\">Aqu\u00ed teniu la presentaci\u00f3 utilitzada<\/a>. Les sessions es fan el dimarts 16\/9 per BTX2 i el dijous 18\/9 per BTX1.<\/p>\n","protected":false},"excerpt":{"rendered":"<p>A la primera sessi\u00f3 de tutoria de l&#8217;alumnat de BTX di\u00fcrn s&#8217;ha fet una explicaci\u00f3 sobres les PAU, estudis universitaris, notes de tall i preinscripci\u00f3 universit\u00e0ria. <a target=\"_blank\" href=\"\/ies-jaumebalmes\/intranet\/index.php?module=documents&amp;type=user&amp;func=downloadDocument&amp;documentId=689\">Aqu\u00ed teniu la presentaci\u00f3 utilitzada<\/a>. Les sessions es fan el dimarts 16\/9 per BTX2 i el dijous&hellip;  <a href=\"https:\/\/agora.xtec.cat\/ies-jaumebalmes\/general\/aeaxapalaiacaaacaiaa-asaoabaraea-alaeasa-apaaaua-a2a0a1a5a-aia-a2a0a1a6a\/\" title=\"Read Explicaci\u00f3 sobre les PAU 2015 i 2016\">Llegeix m\u00e9s\u00bb<\/a><\/p>\n","protected":false},"author":3,"featured_media":0,"comment_status":"open","ping_status":"open","sticky":false,"template":"","format":"standard","meta":{"_bbp_topic_count":0,"_bbp_reply_count":0,"_bbp_total_topic_count":0,"_bbp_total_reply_count":0,"_bbp_voice_count":0,"_bbp_anonymous_reply_count":0,"_bbp_topic_count_hidden":0,"_bbp_reply_count_hidden":0,"_bbp_forum_subforum_count":0,"footnotes":""},"categories":[1],"tags":[97,100],"class_list":["post-776","post","type-post","status-publish","format-standard","hentry","category-general","tag-intraweb","tag-noticies"],"post_mailing_queue_ids":[],"_links":{"self":[{"href":"https:\/\/agora.xtec.cat\/ies-jaumebalmes\/wp-json\/wp\/v2\/posts\/776","targetHints":{"allow":["GET"]}}],"collection":[{"href":"https:\/\/agora.xtec.cat\/ies-jaumebalmes\/wp-json\/wp\/v2\/posts"}],"about":[{"href":"https:\/\/agora.xtec.cat\/ies-jaumebalmes\/wp-json\/wp\/v2\/types\/post"}],"author":[{"embeddable":true,"href":"https:\/\/agora.xtec.cat\/ies-jaumebalmes\/wp-json\/wp\/v2\/users\/3"}],"replies":[{"embeddable":true,"href":"https:\/\/agora.xtec.cat\/ies-jaumebalmes\/wp-json\/wp\/v2\/comments?post=776"}],"version-history":[{"count":0,"href":"https:\/\/agora.xtec.cat\/ies-jaumebalmes\/wp-json\/wp\/v2\/posts\/776\/revisions"}],"wp:attachment":[{"href":"https:\/\/agora.xtec.cat\/ies-jaumebalmes\/wp-json\/wp\/v2\/media?parent=776"}],"wp:term":[{"taxonomy":"category","embeddable":true,"href":"https:\/\/agora.xtec.cat\/ies-jaumebalmes\/wp-json\/wp\/v2\/categories?post=776"},{"taxonomy":"post_tag","embeddable":true,"href":"https:\/\/agora.xtec.cat\/ies-jaumebalmes\/wp-json\/wp\/v2\/tags?post=776"}],"curies":[{"name":"wp","href":"https:\/\/api.w.org\/{rel}","templated":true}]}}