{"id":768,"date":"2014-06-12T08:16:48","date_gmt":"2014-06-12T07:16:48","guid":{"rendered":"http:\/\/agora.xtec.cat\/ies-jaumebalmes\/general\/preinscripcio-universitaria-pel-curs-2014-2015\/"},"modified":"2014-06-12T08:16:48","modified_gmt":"2014-06-12T07:16:48","slug":"preinscripcio-universitaria-pel-curs-2014-2015","status":"publish","type":"post","link":"https:\/\/agora.xtec.cat\/ies-jaumebalmes\/general\/preinscripcio-universitaria-pel-curs-2014-2015\/","title":{"rendered":"PREINSCRIPCI\u00d3 UNIVERSIT\u00c0RIA pel curs 2014-2015"},"content":{"rendered":"<p><!--[if gte mso 9]><xml>\n <w:WordDocument>\n  <w:View>Normal<\/w:View>\n  <w:Zoom>0<\/w:Zoom>\n  <w:HyphenationZone>21<\/w:HyphenationZone>\n  <w:PunctuationKerning\/>\n  <w:ValidateAgainstSchemas\/>\n  <w:SaveIfXMLInvalid>false<\/w:SaveIfXMLInvalid>\n  <w:IgnoreMixedContent>false<\/w:IgnoreMixedContent>\n  <w:AlwaysShowPlaceholderText>false<\/w:AlwaysShowPlaceholderText>\n  <w:Compatibility>\n   <w:BreakWrappedTables\/>\n   <w:SnapToGridInCell\/>\n   <w:WrapTextWithPunct\/>\n   <w:UseAsianBreakRules\/>\n   <w:DontGrowAutofit\/>\n  <\/w:Compatibility>\n  <w:BrowserLevel>MicrosoftInternetExplorer4<\/w:BrowserLevel>\n <\/w:WordDocument>\n<\/xml><![endif]--> <\/p>\n<p class=\"MsoBodyText\" style=\"text-align: justify;\"><span lang=\"CA\">Per accedir al primer curs d&#8217;un estudi<br \/>\nuniversitari de grau de qualsevol de les set universitats p\u00fabliques de<br \/>\nCatalunya i la Universitat de Vic i la Universitat Central de Catalunya, cal fer<br \/>\nla preinscripci\u00f3 universit\u00e0ria. <span>Aquesta<br \/>\npreinscripci\u00f3 es formalitza per Internet: <\/span><strong><a href=\"https:\/\/accesnet.gencat.cat\">https:\/\/accesnet.gencat.cat<\/a><\/strong>.<\/span><\/p>\n<p class=\"MsoBodyText\" style=\"text-align: justify;\"><strong><span lang=\"CA\" style=\"font-size: 11pt; font-family: Helvetica;\">Tota la informaci\u00f3 sobre el proc\u00e9s de preinscripci\u00f3 universit\u00e0ria es pot<br \/>\nconsultar al web de la Secretaria d&#8217;Universitats i Recerca <\/span><\/strong><span lang=\"CA\" style=\"font-size: 11pt; font-family: Helvetica;\"><a target=\"_blank\" href=\"http:\/\/universitatsirecerca.gencat.cat\/ca\">http:\/\/universitatsirecerca.gencat.cat\/ca<\/a> <\/span><\/p>\n<p>A Documents p\u00fablics teniu el <a target=\"_blank\" href=\"\/ies-jaumebalmes\/intranet\/index.php?module=documents&amp;type=user&amp;func=downloadDocument&amp;documentId=666\">document resum<\/a> que ens han enviat per correu electr\u00f2nic l&#8217;11\/6\/2014<\/p>\n","protected":false},"excerpt":{"rendered":"<p>\nPer accedir al primer curs d&#8217;un estudi<br \/>\nuniversitari de grau de qualsevol de les set universitats p\u00fabliques de<br \/>\nCatalunya i la Universitat de Vic i la Universitat Central de Catalunya, cal fer<br \/>\nla preinscripci\u00f3 universit\u00e0ria. Aquesta<br \/>\npreinscripci\u00f3 es formalitza per Internet: <a href=\"https:\/\/accesnet.gencat.cat\">https:\/\/accesnet.gencat.cat<\/a>.<br \/>\nTota la informaci\u00f3 sobre el proc\u00e9s&hellip;  <a href=\"https:\/\/agora.xtec.cat\/ies-jaumebalmes\/general\/preinscripcio-universitaria-pel-curs-2014-2015\/\" title=\"Read PREINSCRIPCI\u00d3 UNIVERSIT\u00c0RIA pel curs 2014-2015\">Llegeix m\u00e9s\u00bb<\/a><\/p>\n","protected":false},"author":3,"featured_media":0,"comment_status":"open","ping_status":"open","sticky":false,"template":"","format":"standard","meta":{"_bbp_topic_count":0,"_bbp_reply_count":0,"_bbp_total_topic_count":0,"_bbp_total_reply_count":0,"_bbp_voice_count":0,"_bbp_anonymous_reply_count":0,"_bbp_topic_count_hidden":0,"_bbp_reply_count_hidden":0,"_bbp_forum_subforum_count":0,"footnotes":""},"categories":[1],"tags":[97,100],"class_list":["post-768","post","type-post","status-publish","format-standard","hentry","category-general","tag-intraweb","tag-noticies"],"post_mailing_queue_ids":[],"_links":{"self":[{"href":"https:\/\/agora.xtec.cat\/ies-jaumebalmes\/wp-json\/wp\/v2\/posts\/768","targetHints":{"allow":["GET"]}}],"collection":[{"href":"https:\/\/agora.xtec.cat\/ies-jaumebalmes\/wp-json\/wp\/v2\/posts"}],"about":[{"href":"https:\/\/agora.xtec.cat\/ies-jaumebalmes\/wp-json\/wp\/v2\/types\/post"}],"author":[{"embeddable":true,"href":"https:\/\/agora.xtec.cat\/ies-jaumebalmes\/wp-json\/wp\/v2\/users\/3"}],"replies":[{"embeddable":true,"href":"https:\/\/agora.xtec.cat\/ies-jaumebalmes\/wp-json\/wp\/v2\/comments?post=768"}],"version-history":[{"count":0,"href":"https:\/\/agora.xtec.cat\/ies-jaumebalmes\/wp-json\/wp\/v2\/posts\/768\/revisions"}],"wp:attachment":[{"href":"https:\/\/agora.xtec.cat\/ies-jaumebalmes\/wp-json\/wp\/v2\/media?parent=768"}],"wp:term":[{"taxonomy":"category","embeddable":true,"href":"https:\/\/agora.xtec.cat\/ies-jaumebalmes\/wp-json\/wp\/v2\/categories?post=768"},{"taxonomy":"post_tag","embeddable":true,"href":"https:\/\/agora.xtec.cat\/ies-jaumebalmes\/wp-json\/wp\/v2\/tags?post=768"}],"curies":[{"name":"wp","href":"https:\/\/api.w.org\/{rel}","templated":true}]}}