{"id":766,"date":"2014-06-06T14:02:47","date_gmt":"2014-06-06T13:02:47","guid":{"rendered":"http:\/\/agora.xtec.cat\/ies-jaumebalmes\/general\/matricula-per-al-curs-2014-2015\/"},"modified":"2014-06-06T14:02:47","modified_gmt":"2014-06-06T13:02:47","slug":"matricula-per-al-curs-2014-2015","status":"publish","type":"post","link":"https:\/\/agora.xtec.cat\/ies-jaumebalmes\/general\/matricula-per-al-curs-2014-2015\/","title":{"rendered":"Matriculaci\u00f3 de l&#8217;alumnat pel curs 2014-2015"},"content":{"rendered":"<table border=\"0\" bgcolor=\"#ffff99\">\n<tbody>\n<tr>\n<td>\n<h1>Matriculaci\u00f3 de l&#8217;alumnat pel curs 2014-2015:&nbsp;<\/h1>\n<\/td>\n<\/tr>\n<tr bgcolor=\"#FFCC00\">\n<td>\n<h2><strong>ALUMNAT DE 1r D&#8217;ESO:<\/strong><strong> Cal matricular-se del 10 al 13 de juny.<\/strong><strong> <\/strong> <\/h2>\n<h1> <\/h1>\n<ul>\n<li><strong>Aqu\u00ed teniu tres documents amb tota la informaci\u00f3 de la matr\u00edcula per al proper curs escolar:<\/strong><\/li>\n<\/ul>\n<blockquote><p><strong><a href=\"\/ies-jaumebalmes\/intranet\/index.php?module=documents&amp;type=user&amp;func=downloadDocument&amp;documentId=663\" target=\"_blank\">1) MATR\u00cdCULA<\/a> \/\/  <a href=\"\/ies-jaumebalmes\/intranet\/index.php?module=documents&amp;type=user&amp;func=downloadDocument&amp;documentId=665\" target=\"_blank\">2) ASSOCIACI\u00d3 ESPORTIVA ESCOLAR<\/a> i&nbsp; \/\/&nbsp; <a href=\"\/ies-jaumebalmes\/intranet\/index.php?module=documents&amp;type=user&amp;func=downloadDocument&amp;documentId=661\" target=\"_blank\">3) AMPA<\/a> <\/strong><\/p><\/blockquote>\n<ul>\n<li><strong> 30 de juny a les 19h reuni\u00f3 per explicar a les fam\u00edlies del nou alumnat, el sistema de venda i reutilitzaci\u00f3 de llibres (ecoBooks) amb l&#8217;empresa IDDINK<\/strong><\/li>\n<\/ul>\n<ul> <\/ul>\n<\/td>\n<\/tr>\n<tr>\n<td>\n<h2><strong>Calendari de matriculaci\u00f3 de la resta d&#8217;alumnat.<\/strong> Aqu\u00ed tindreu les carpetes amb la documentaci\u00f3 per a la matriculaci\u00f3 per a la resta de cursos.<\/h2>\n<h3>Com\u00fa a tots els cursos:  <strong><a href=\"\/ies-jaumebalmes\/intranet\/index.php?module=documents&amp;type=user&amp;func=downloadDocument&amp;documentId=665\" target=\"_blank\">2) ASSOCIACI\u00d3 ESPORTIVA ESCOLAR<\/a> i&nbsp; \/\/&nbsp; <a href=\"\/ies-jaumebalmes\/intranet\/index.php?module=documents&amp;type=user&amp;func=downloadDocument&amp;documentId=661\" target=\"_blank\">3) AMPA<\/a><\/strong><\/h3>\n<h3>Documentaci\u00f3 pr\u00f2pia de cada nivell: <br \/><\/h3>\n<ul>\n<li><strong>2n d&#8217;ESO<\/strong><strong> <\/strong><strong>(<\/strong>l&#8217;alumnat que a juny ja passi de curs <strong>ha de matricular-se del 23 al 26 de juny, <\/strong>la resta el 4 de setembre de 9h a 13h<strong>):&nbsp;<\/strong><strong> <\/strong><strong><a href=\"\/ies-jaumebalmes\/intranet\/index.php?module=documents&amp;type=user&amp;func=downloadDocument&amp;documentId=663\" target=\"_blank\">1) MATR\u00cdCULA 1r i 2n d&#8217;ESO<\/a> \/\/&nbsp; <\/strong><\/li>\n<li><strong>3r i 4t d&#8217;ESO <\/strong><strong>(<\/strong>l&#8217;alumnat que a juny ja passi de curs <strong>ha de matricular-se del 23 al 26 de juny, <\/strong>la resta el 4 de setembre de 9h a 13h<strong>): <\/strong><strong><a href=\"\/ies-jaumebalmes\/intranet\/index.php?module=documents&amp;type=user&amp;func=downloadDocument&amp;documentId=667\" target=\"_blank\">1) MATR\u00cdCULA 3r i 4t d&#8217;ESO<\/a> \/\/<\/strong><a target=\"_blank\" href=\"\/ies-jaumebalmes\/intranet\/index.php?module=Downloads&amp;func=prep_hand_out&amp;lid=583\"><strong> <\/strong><\/a><\/li>\n<p><a target=\"_blank\" href=\"\/ies-jaumebalmes\/intranet\/index.php?module=Downloads&amp;func=prep_hand_out&amp;lid=583\"> <\/a> <\/p>\n<li><strong>Batxillerat Di\u00fcrn i Nocturn <\/strong><strong><strong>[ BTX1-Nocturn &#8211; BTX2-Nocturn] <\/strong><\/strong><strong>(l&#8217;alumnat del centre<\/strong> que a juny ja passi de curs<strong> ha de matricular-se el 27 o 30 de juny, <\/strong>la resta el 4 de setembre de 9h a 13h<strong>) :<\/strong><strong><a href=\"\/ies-jaumebalmes\/intranet\/index.php?module=documents&amp;type=user&amp;func=downloadDocument&amp;documentId=669\" target=\"_blank\"> 1) MATR\u00cdCULA BATXILLERAT<\/a> \/\/<\/strong><\/li>\n<li><strong>Matr\u00edcula de l&#8217;alumnat nou al centre, de <\/strong><strong>Batxillerat Di\u00fcrn<\/strong><strong><strong> i <\/strong><\/strong><strong>Nocturn <\/strong><strong><strong>[ BTX1-Nocturn &#8211; BTX2-Nocturn]<\/strong><\/strong><strong>, de l&#8217;1 al 9 de juliol de 9h a 13h:&nbsp;<\/strong><strong><a href=\"\/ies-jaumebalmes\/intranet\/index.php?module=documents&amp;type=user&amp;func=downloadDocument&amp;documentId=669\" target=\"_blank\"> 1) MATR\u00cdCULA BATXILLERAT<\/a> \/\/<\/strong><\/li>\n<li><strong>Matr\u00edcula de l&#8217;alumnat de Formaci\u00f3 Professional<\/strong><strong><strong><strong>,<\/strong><\/strong> de l&#8217;1 al 9 de juliol <\/strong><strong><strong>de 9h a 13h<\/strong>: <a target=\"_blank\" href=\"http:\/\/fpjaumebalmes.blogspot.com.es\/2014\/06\/matricula-fp-curs-2014-15.html\">MATR\u00cdCULA FP<\/a> \/\/<br \/><\/strong><\/li>\n<ul>\n<li><strong>1r FPGM Sistemes microinform\u00e0tics i xarxes<\/strong><\/li>\n<p><strong> <\/strong> <\/p>\n<li><strong>FPGS ASIX Administraci\u00f3 de sistemes inform\u00e0tics en xarxa<\/strong><\/li>\n<p><strong> <\/strong> <\/p>\n<li><strong>FPGS DAW Desenvolupament d&#8217;aplicacions Web<\/strong><\/li>\n<\/ul>\n<\/ul>\n<h2>Altres informacions importants.<\/h2>\n<ul>\n<li> <strong><a href=\"\/ies-jaumebalmes\/moodle\/course\/view.php?id=1782\" target=\"_blank\">Activitats de refor\u00e7 d&#8217;estiu 2014: De recuperaci\u00f3 i de consolidaci\u00f3<\/a><\/strong>. Les teniu al <a href=\"\/ies-jaumebalmes\/moodle\/\" target=\"_blank\">Moodle<\/a> del centre, podeu entrar identificats o com a convidats. <\/li>\n<li><strong><a href=\"\/ies-jaumebalmes\/intranet\/index.php?module=documents&amp;type=user&amp;func=downloadDocument&amp;documentId=670\" target=\"_blank\">Calendari dels ex\u00e0mens extraordinaris d&#8217;ESO i BTX1 di\u00fcrn<\/a> (1 i 2 de setembre de 2014)<\/strong> i per\u00edode extraordinari de matriculaci\u00f3 al setembre.<\/li>\n<li><a target=\"_blank\" href=\"\/ies-jaumebalmes\/intranet\/index.php?module=documents&amp;type=user&amp;func=downloadDocument&amp;documentId=671\"><strong>Lectures obligat\u00f2ries&nbsp; pel curs 2014-2015<\/strong> (castell\u00e0, catal\u00e0, angl\u00e8s i franc\u00e8s) <\/a><\/li>\n<li><a target=\"_blank\" href=\"http:\/\/www.edubcn.cat\/ca\/alumnat_i_familia\/ajuts_beques_i_subvencions\/convocatories_ceb\/ajuts_de_menjador#.U5lKnKzLNyF\"><strong>Ajuts de menjador escolar<\/strong><\/a>. Termini de presentaci\u00f3 de les sol\u00b7licitud<\/li>\n<\/ul>\n<blockquote><p>Primer per\u00edode: del 10 al 20 de juny de 2014, ambd\u00f3s inclosos.<br \/>Segon per\u00edode: del 8 al 19 de setembre de 2014, ambd\u00f3s inclosos, per aquelles fam\u00edlies que no tenien centre assignat durant el primer per\u00edode<\/p><\/blockquote>\n<\/td>\n<\/tr>\n<\/tbody>\n<\/table>\n<p><a href=\"\/ies-jaumebalmes\/intranet\/index.php?module=news&amp;func=display&amp;sid=329\">Aqu\u00ed teniu la not\u00edcia anterior sobre la Preinscripci\u00f3 i Matriculaci\u00f3 que ha estat a portada fins el 6\/6\/2014<\/a><\/p>\n<p>Altres informacions importants&#8230;..<\/p>\n<p><font size=\"6\">Portes Obertes <\/font><\/p>\n<p><img loading=\"lazy\" decoding=\"async\" width=\"567\" align=\"middle\" height=\"196\" src=\"http:\/\/www.xtec.cat\/ies-jaumebalmes\/imatges\/portesobertes2014.jpg\" alt=\"calendari portes obertes 2014\" title=\"calendari portes obertes\" \/> <\/p>\n<h3><strong>Dissabte 8 de mar\u00e7 de 2014 ===&gt; ESO <\/strong>[<a target=\"_blank\" href=\"\/ies-jaumebalmes\/intranet\/index.php?module=documents&amp;type=user&amp;func=downloadDocument&amp;documentId=638\">MATERIAL DE LA SESSI\u00d3<\/a>]&nbsp; [<a target=\"_blank\" href=\"http:\/\/www.gencat.cat\/preinscripcio\">Web Preinscripci\u00f3 i Matriculaci\u00f3<\/a>]&nbsp;<\/h3>\n<h2> <\/h2>\n<h3><strong><strong>Dissabte 22 de mar\u00e7 de 2014 ===&gt;<\/strong> Batxillerat i FP <\/strong>[MATERIAL DE LA SESSI\u00d3: <a href=\"\/ies-jaumebalmes\/intranet\/index.php?module=documents&amp;type=user&amp;func=downloadDocument&amp;documentId=650\" target=\"_blank\">Batxillerat<\/a>&nbsp; &#8212; <a href=\"\/ies-jaumebalmes\/intranet\/index.php?module=documents&amp;type=user&amp;func=downloadDocument&amp;documentId=653\" target=\"_blank\">Formaci\u00f3 Professional<\/a>] <strong>[Itineraris BTX del centre<\/strong> <a target=\"_blank\" href=\"\/ies-jaumebalmes\/intranet\/index.php?module=documents&amp;type=user&amp;func=downloadDocument&amp;documentId=644\">BTX1-Di\u00fcrn<\/a> === <a target=\"_blank\" href=\"\/ies-jaumebalmes\/intranet\/index.php?module=documents&amp;type=user&amp;func=downloadDocument&amp;documentId=643\">BTX2-Di\u00fcrn<\/a> === <a target=\"_blank\" href=\"\/ies-jaumebalmes\/intranet\/index.php?module=documents&amp;type=user&amp;func=downloadDocument&amp;documentId=642\">BTX1-Nocturn<\/a> === <a target=\"_blank\" href=\"\/ies-jaumebalmes\/intranet\/index.php?module=documents&amp;type=user&amp;func=downloadDocument&amp;documentId=641\">BTX2-Nocturn<\/a><strong>]<\/strong> [<a target=\"_blank\" href=\"http:\/\/www.gencat.cat\/preinscripcio\">Web Preinscripci\u00f3 i Matriculaci\u00f3<\/a>]<\/p>\n<p>  [<a href=\"http:\/\/www20.gencat.cat\/portal\/site\/OVT\/menuitem.8d9f3f7e23c1cd519e629e30b0c0e1a0\/?vgnextoid=6b829fef421bb110VgnVCM1000008d0c1e0aRCRD&amp;vgnextchannel=6b829fef421bb110VgnVCM1000008d0c1e0aRCRD&amp;vgnextfmt=detall&amp;contentid=cb186091bdbaa3106091bdbaa3108d0c1e0aRCRD&amp;idTipusAction=1&amp;idAction=1\" target=\"_blank\" title=\"Per al BTX\">Formulari de sol\u00b7licitud de la preinscripci\u00f3 per al BTX<\/a>]<\/h3>\n<p> <\/p>\n<p><font size=\"6\">Xerrades d&#8217;orientaci\u00f3 pel nostre alumnat i fam\u00edlies (2014) <\/font><\/p>\n<h3>Xerrada &quot;Cicles formatius, sortides professional i itineraris&quot; per alumnat de Batxillerat<br \/><\/h3>\n<ul>\n<li><strong>11 de mar\u00e7 13,30h. Xerrada &quot;Cicles formatius, sortides professional i itineraris&quot;<\/strong> <strong>per alumnat de<br \/>\nBTX interessat. <\/strong>La xerrada de la Lourdes Tamayo t\u00e8cnica en<br \/>\norientaci\u00f3 del Pla Jove del Consorci d&#8217;Educaci\u00f3 de Barcelona. Aqu\u00ed<br \/>\nteniu&nbsp; les presentacions que va utilitzar en la xerrada:<\/li>\n<\/ul>\n<blockquote>\n<ul>\n<li><a target=\"_blank\" href=\"\/ies-jaumebalmes\/intranet\/index.php?module=documents&amp;type=user&amp;func=downloadDocument&amp;documentId=639\">&quot;Cicles formatius de GRAU MITJ\u00c0, sortides professional i itineraris&quot;<\/a><\/li>\n<li><a target=\"_blank\" href=\"\/ies-jaumebalmes\/intranet\/index.php?module=documents&amp;type=user&amp;func=downloadDocument&amp;documentId=640\">&quot;Cicles formatius de GRAU SUPERIOR, sortides professional i itineraris&quot;<\/a><\/li>\n<\/ul>\n<\/blockquote>\n<h3> Xerrada d&#8217;orientaci\u00f3 pel nostre alumnat de 1r de Batxillerat&nbsp;<br \/>\n    <\/h3>\n<ul>\n<li><strong>24 de mar\u00e7 13.30h: alumnat actual de 1r de BTX<\/strong>. &quot;<em>Itineraris 2n de BTX, orientaci\u00f3 i altres sortides<\/em>\u009d&quot;. [<a target=\"_blank\" href=\"\/ies-jaumebalmes\/intranet\/index.php?module=documents&amp;type=user&amp;func=downloadDocument&amp;documentId=652\">Material de la sessi\u00f3<\/a>] &#8212; [<a href=\"\/ies-jaumebalmes\/intranet\/index.php?module=documents&amp;type=user&amp;func=downloadDocument&amp;documentId=643\" target=\"_blank\">Itineraris&nbsp;BTX2-Di\u00fcrn<\/a>]&nbsp;<\/li>\n<\/ul>\n<h3>Xerrades d&#8217;orientaci\u00f3 pel nostre alumnat de 3r i 4t d&#8217;ESO i les seves fam\u00edlies.<br \/>\n  <\/h3>\n<ul>\n<li><strong>&nbsp;19 de mar\u00e7 10h: alumnat actual de 4t d&#8217;ESO. <\/strong><em>&quot;Sortides professionalitzadores&quot;<\/em>. [<a href=\"\/ies-jaumebalmes\/intranet\/index.php?module=documents&amp;type=user&amp;func=downloadDocument&amp;documentId=649\" target=\"_blank\">Material de la sessi\u00f3<\/a>]<\/li>\n<\/ul>\n<ul>\n<li><strong>25 de mar\u00e7 11,30h: alumnat actual de 3r d&#8217;ESO<\/strong>. &quot;<em>Presentaci\u00f3 del 4t<br \/>\nd\u00e2??ESO i els diferents itineraris formatius&quot;<\/em>\u009d. [<a href=\"\/ies-jaumebalmes\/intranet\/index.php?module=documents&amp;type=user&amp;func=downloadDocument&amp;documentId=654\" target=\"_blank\">Material de la sessi\u00f3<\/a>] &#8212;<br \/>\n [<a target=\"_blank\" href=\"\/ies-jaumebalmes\/intranet\/index.php?module=documents&amp;type=user&amp;func=downloadDocument&amp;documentId=651\">Matr\u00edcula mat\u00e8ries espec\u00edfiques 4t d&#8217;ESO<\/a>]<\/li>\n<\/ul>\n<ul>\n<li><strong>25 de mar\u00e7 19,30h<\/strong>: reuni\u00f3 amb les<strong> fam\u00edlies de l&#8217;alumnat actual de 4t d&#8217;ESO<\/strong>. <em>&quot;Sortides<br \/>\n posteriors a l&#8217;ESO, els diferents itineraris formatius i l&#8217;organitzaci\u00f3<br \/>\n del Batxillerat al centre&quot;<\/em>\u009d.&nbsp; [<a href=\"\/ies-jaumebalmes\/intranet\/index.php?module=documents&amp;type=user&amp;func=downloadDocument&amp;documentId=655\" target=\"_blank\">Material de la sessi\u00f3<\/a>] &#8212; [<a href=\"\/ies-jaumebalmes\/intranet\/index.php?module=documents&amp;type=user&amp;func=downloadDocument&amp;documentId=644\" target=\"_blank\">Itineraris<br \/>\nBTX1-Di\u00fcrn<\/a>] <\/li>\n<\/ul>\n<ul>\n<li><strong>26 de mar\u00e7&nbsp; 10h: alumnat actual de 4t d&#8217;ESO<\/strong>. <em>&quot;Sortides posteriors a<br \/>\n l&#8217;ESO, els diferents itineraris formatius i l&#8217;organitzaci\u00f3 del<br \/>\nBatxillerat al centre&quot;<\/em>\u009d. [<a href=\"\/ies-jaumebalmes\/intranet\/index.php?module=documents&amp;type=user&amp;func=downloadDocument&amp;documentId=655\" target=\"_blank\">Material de la sessi\u00f3<\/a>] &#8212; [<a href=\"\/ies-jaumebalmes\/intranet\/index.php?module=documents&amp;type=user&amp;func=downloadDocument&amp;documentId=644\" target=\"_blank\">Itineraris<br \/>\nBTX1-Di\u00fcrn<\/a>]&nbsp; <\/li>\n<\/ul>\n<ul>\n<li><strong>26 <\/strong><strong>de mar\u00e7 18h<\/strong>: reuni\u00f3 amb les <strong>fam\u00edlies de l&#8217;alumnat actual de 3r d&#8217;ESO<\/strong>. <em>&quot;Presentaci\u00f3<br \/>\n del 4t d&#8217;ESO i els diferents itineraris formatius&quot;<\/em>\u009d. [<a href=\"\/ies-jaumebalmes\/intranet\/index.php?module=documents&amp;type=user&amp;func=downloadDocument&amp;documentId=654\" target=\"_blank\">Material de la<br \/>\nsessi\u00f3<\/a>] &#8212; [<a target=\"_blank\" href=\"\/ies-jaumebalmes\/intranet\/index.php?module=documents&amp;type=user&amp;func=downloadDocument&amp;documentId=651\">Matr\u00edcula mat\u00e8ries espec\u00edfiques 4t d&#8217;ESO<\/a>]<\/li>\n<\/ul>\n","protected":false},"excerpt":{"rendered":"<p>Matriculaci\u00f3 de l&#8217;alumnat pel curs 2014-2015:&nbsp;<\/p>\n<p>ALUMNAT DE 1r D&#8217;ESO: Cal matricular-se del 10 al 13 de juny.  <\/p>\n<ul>\n<li>Aqu\u00ed teniu tres documents amb tota la informaci\u00f3 de la matr\u00edcula per al proper curs escolar:<\/li>\n<\/ul>\n<p><a href=\"\/ies-jaumebalmes\/intranet\/index.php?module=documents&amp;type=user&amp;func=downloadDocument&amp;documentId=663\" target=\"_blank\">1) MATR\u00cdCULA<\/a> \/\/  <a href=\"\/ies-jaumebalmes\/intranet\/index.php?module=documents&amp;type=user&amp;func=downloadDocument&amp;documentId=665\" target=\"_blank\">2) ASSOCIACI\u00d3 ESPORTIVA&hellip;  <a href=\"https:\/\/agora.xtec.cat\/ies-jaumebalmes\/general\/matricula-per-al-curs-2014-2015\/\" title=\"Read Matriculaci\u00f3 de l&#8217;alumnat pel curs 2014-2015\">Llegeix m\u00e9s\u00bb<\/a><\/p>\n","protected":false},"author":3,"featured_media":0,"comment_status":"open","ping_status":"open","sticky":false,"template":"","format":"standard","meta":{"_bbp_topic_count":0,"_bbp_reply_count":0,"_bbp_total_topic_count":0,"_bbp_total_reply_count":0,"_bbp_voice_count":0,"_bbp_anonymous_reply_count":0,"_bbp_topic_count_hidden":0,"_bbp_reply_count_hidden":0,"_bbp_forum_subforum_count":0,"footnotes":""},"categories":[1],"tags":[97,100],"class_list":["post-766","post","type-post","status-publish","format-standard","hentry","category-general","tag-intraweb","tag-noticies"],"post_mailing_queue_ids":[],"_links":{"self":[{"href":"https:\/\/agora.xtec.cat\/ies-jaumebalmes\/wp-json\/wp\/v2\/posts\/766","targetHints":{"allow":["GET"]}}],"collection":[{"href":"https:\/\/agora.xtec.cat\/ies-jaumebalmes\/wp-json\/wp\/v2\/posts"}],"about":[{"href":"https:\/\/agora.xtec.cat\/ies-jaumebalmes\/wp-json\/wp\/v2\/types\/post"}],"author":[{"embeddable":true,"href":"https:\/\/agora.xtec.cat\/ies-jaumebalmes\/wp-json\/wp\/v2\/users\/3"}],"replies":[{"embeddable":true,"href":"https:\/\/agora.xtec.cat\/ies-jaumebalmes\/wp-json\/wp\/v2\/comments?post=766"}],"version-history":[{"count":0,"href":"https:\/\/agora.xtec.cat\/ies-jaumebalmes\/wp-json\/wp\/v2\/posts\/766\/revisions"}],"wp:attachment":[{"href":"https:\/\/agora.xtec.cat\/ies-jaumebalmes\/wp-json\/wp\/v2\/media?parent=766"}],"wp:term":[{"taxonomy":"category","embeddable":true,"href":"https:\/\/agora.xtec.cat\/ies-jaumebalmes\/wp-json\/wp\/v2\/categories?post=766"},{"taxonomy":"post_tag","embeddable":true,"href":"https:\/\/agora.xtec.cat\/ies-jaumebalmes\/wp-json\/wp\/v2\/tags?post=766"}],"curies":[{"name":"wp","href":"https:\/\/api.w.org\/{rel}","templated":true}]}}