{"id":765,"date":"2014-06-06T12:30:25","date_gmt":"2014-06-06T11:30:25","guid":{"rendered":"http:\/\/agora.xtec.cat\/ies-jaumebalmes\/general\/premi-als-jocs-florals-escolars-de-barcelona-2014\/"},"modified":"2014-06-06T12:30:25","modified_gmt":"2014-06-06T11:30:25","slug":"premi-als-jocs-florals-escolars-de-barcelona-2014","status":"publish","type":"post","link":"https:\/\/agora.xtec.cat\/ies-jaumebalmes\/general\/premi-als-jocs-florals-escolars-de-barcelona-2014\/","title":{"rendered":"Premi als JOCS FLORALS ESCOLARS DE BARCELONA 2014"},"content":{"rendered":"<p><strong>J\u00falia Carb\u00f3 (2n ESO) ha guanyat el premi en la categoria de 1r cicle de secund\u00e0ria, en la modalitat de poesia<\/strong>, amb el seu poema <em>&quot;Barcelona, la meva ciutat&quot;<\/em>.<\/p>\n<p><a target=\"_blank\" href=\"https:\/\/plus.google.com\/photos\/109082993004267794892\/albums\/6006180933731822145\"><img decoding=\"async\" src=\"https:\/\/lh6.googleusercontent.com\/89kqEm8LX2dbP4m0I-e-al5pjb4YAFHtCk_6Wwlo_GDR=w155-h207-p-no\" \/><\/a> <\/p><\/p>\n","protected":false},"excerpt":{"rendered":"<p>J\u00falia Carb\u00f3 (2n ESO) ha guanyat el premi en la categoria de 1r cicle de secund\u00e0ria, en la modalitat de poesia, amb el seu poema &quot;Barcelona, la meva ciutat&quot;.<br \/>\n<a target=\"_blank\" href=\"https:\/\/plus.google.com\/photos\/109082993004267794892\/albums\/6006180933731822145\"><\/a> <\/p>\n","protected":false},"author":3,"featured_media":0,"comment_status":"open","ping_status":"open","sticky":false,"template":"","format":"standard","meta":{"_bbp_topic_count":0,"_bbp_reply_count":0,"_bbp_total_topic_count":0,"_bbp_total_reply_count":0,"_bbp_voice_count":0,"_bbp_anonymous_reply_count":0,"_bbp_topic_count_hidden":0,"_bbp_reply_count_hidden":0,"_bbp_forum_subforum_count":0,"footnotes":""},"categories":[1],"tags":[97,100],"class_list":["post-765","post","type-post","status-publish","format-standard","hentry","category-general","tag-intraweb","tag-noticies"],"post_mailing_queue_ids":[],"_links":{"self":[{"href":"https:\/\/agora.xtec.cat\/ies-jaumebalmes\/wp-json\/wp\/v2\/posts\/765","targetHints":{"allow":["GET"]}}],"collection":[{"href":"https:\/\/agora.xtec.cat\/ies-jaumebalmes\/wp-json\/wp\/v2\/posts"}],"about":[{"href":"https:\/\/agora.xtec.cat\/ies-jaumebalmes\/wp-json\/wp\/v2\/types\/post"}],"author":[{"embeddable":true,"href":"https:\/\/agora.xtec.cat\/ies-jaumebalmes\/wp-json\/wp\/v2\/users\/3"}],"replies":[{"embeddable":true,"href":"https:\/\/agora.xtec.cat\/ies-jaumebalmes\/wp-json\/wp\/v2\/comments?post=765"}],"version-history":[{"count":0,"href":"https:\/\/agora.xtec.cat\/ies-jaumebalmes\/wp-json\/wp\/v2\/posts\/765\/revisions"}],"wp:attachment":[{"href":"https:\/\/agora.xtec.cat\/ies-jaumebalmes\/wp-json\/wp\/v2\/media?parent=765"}],"wp:term":[{"taxonomy":"category","embeddable":true,"href":"https:\/\/agora.xtec.cat\/ies-jaumebalmes\/wp-json\/wp\/v2\/categories?post=765"},{"taxonomy":"post_tag","embeddable":true,"href":"https:\/\/agora.xtec.cat\/ies-jaumebalmes\/wp-json\/wp\/v2\/tags?post=765"}],"curies":[{"name":"wp","href":"https:\/\/api.w.org\/{rel}","templated":true}]}}