{"id":764,"date":"2014-06-03T13:22:27","date_gmt":"2014-06-03T12:22:27","guid":{"rendered":"http:\/\/agora.xtec.cat\/ies-jaumebalmes\/general\/seleccio-de-fotos-de-la-triatlo-2014\/"},"modified":"2014-06-03T13:22:27","modified_gmt":"2014-06-03T12:22:27","slug":"seleccio-de-fotos-de-la-triatlo-2014","status":"publish","type":"post","link":"https:\/\/agora.xtec.cat\/ies-jaumebalmes\/general\/seleccio-de-fotos-de-la-triatlo-2014\/","title":{"rendered":"Selecci\u00f3 de fotos de la Triatl\u00f3 2014"},"content":{"rendered":"<p>Aqu\u00ed teniu una selecci\u00f3 de fotos de la Triatl\u00f3 2014 que s&#8217;ha celebrat avui a la Mar Bella.<\/p>\n<p><a href=\"https:\/\/plus.google.com\/photos\/109082993004267794892\/albums\/6020659258655443841\" target=\"_blank\"><img decoding=\"async\" src=\"https:\/\/lh3.googleusercontent.com\/okX2Bmm3nUhWu_Dr6D_3tn8Sc6SrMpZlgyupDrMcNIyk=w274-h204-p-no\" \/><\/a><a href=\"https:\/\/plus.google.com\/photos\/109082993004267794892\/albums\/6020659258655443841\" target=\"_blank\"><img decoding=\"async\" src=\"https:\/\/lh3.googleusercontent.com\/jKLQEtDuCaoqERKznXeARRh0ItTdxVuiShpA5lm5ZVPl=w273-h204-p-no\" \/><\/a><\/p>\n","protected":false},"excerpt":{"rendered":"<p>Aqu\u00ed teniu una selecci\u00f3 de fotos de la Triatl\u00f3 2014 que s&#8217;ha celebrat avui a la Mar Bella.<br \/>\n<a href=\"https:\/\/plus.google.com\/photos\/109082993004267794892\/albums\/6020659258655443841\" target=\"_blank\"><\/a><a href=\"https:\/\/plus.google.com\/photos\/109082993004267794892\/albums\/6020659258655443841\" target=\"_blank\"><\/a><\/p>\n","protected":false},"author":3,"featured_media":0,"comment_status":"open","ping_status":"open","sticky":false,"template":"","format":"standard","meta":{"_bbp_topic_count":0,"_bbp_reply_count":0,"_bbp_total_topic_count":0,"_bbp_total_reply_count":0,"_bbp_voice_count":0,"_bbp_anonymous_reply_count":0,"_bbp_topic_count_hidden":0,"_bbp_reply_count_hidden":0,"_bbp_forum_subforum_count":0,"footnotes":""},"categories":[1],"tags":[97,100],"class_list":["post-764","post","type-post","status-publish","format-standard","hentry","category-general","tag-intraweb","tag-noticies"],"post_mailing_queue_ids":[],"_links":{"self":[{"href":"https:\/\/agora.xtec.cat\/ies-jaumebalmes\/wp-json\/wp\/v2\/posts\/764","targetHints":{"allow":["GET"]}}],"collection":[{"href":"https:\/\/agora.xtec.cat\/ies-jaumebalmes\/wp-json\/wp\/v2\/posts"}],"about":[{"href":"https:\/\/agora.xtec.cat\/ies-jaumebalmes\/wp-json\/wp\/v2\/types\/post"}],"author":[{"embeddable":true,"href":"https:\/\/agora.xtec.cat\/ies-jaumebalmes\/wp-json\/wp\/v2\/users\/3"}],"replies":[{"embeddable":true,"href":"https:\/\/agora.xtec.cat\/ies-jaumebalmes\/wp-json\/wp\/v2\/comments?post=764"}],"version-history":[{"count":0,"href":"https:\/\/agora.xtec.cat\/ies-jaumebalmes\/wp-json\/wp\/v2\/posts\/764\/revisions"}],"wp:attachment":[{"href":"https:\/\/agora.xtec.cat\/ies-jaumebalmes\/wp-json\/wp\/v2\/media?parent=764"}],"wp:term":[{"taxonomy":"category","embeddable":true,"href":"https:\/\/agora.xtec.cat\/ies-jaumebalmes\/wp-json\/wp\/v2\/categories?post=764"},{"taxonomy":"post_tag","embeddable":true,"href":"https:\/\/agora.xtec.cat\/ies-jaumebalmes\/wp-json\/wp\/v2\/tags?post=764"}],"curies":[{"name":"wp","href":"https:\/\/api.w.org\/{rel}","templated":true}]}}