{"id":763,"date":"2014-06-03T08:13:43","date_gmt":"2014-06-03T07:13:43","guid":{"rendered":"http:\/\/agora.xtec.cat\/ies-jaumebalmes\/general\/premis-als-xxv-jocs-florals-escolars-de-leixample-2014\/"},"modified":"2014-06-03T08:13:43","modified_gmt":"2014-06-03T07:13:43","slug":"premis-als-xxv-jocs-florals-escolars-de-leixample-2014","status":"publish","type":"post","link":"https:\/\/agora.xtec.cat\/ies-jaumebalmes\/general\/premis-als-xxv-jocs-florals-escolars-de-leixample-2014\/","title":{"rendered":"Premis als XXV  JOCS FLORALS ESCOLARS DE L\u00e2??EIXAMPLE 2014"},"content":{"rendered":"<p><strong>J\u00falia Carb\u00f3 (2n ESO) ha guanyat el primer premi de poesia&nbsp; en la categoria D<\/strong>, alumnes de 1r cicle d\u00e2??ESO, amb el poema Barcelona, la meva ciutat.<br \/><strong>Elisenda Passola (1r Batxillerat) ha guanyat el segon premi de poesia&nbsp; en la categoria F<\/strong>, alumnes de secund\u00e0ria postobligat\u00f2ria, amb el poema Transicions.<br \/><strong>Marina Camallonga (1r Batxillerat) ha guanyat el tercer premi de prosa en la categoria F<\/strong>, alumnes de secund\u00e0ria postobligat\u00f2ria, amb l\u00e2??obra Holden.<\/p>\n<p><strong>MOLTES FELICITATS!!!<\/strong><\/p>\n<p> <a href=\"https:\/\/plus.google.com\/photos\/109082993004267794892\/albums\/6006180933731822145\/6020581108040600498?pid=6020581108040600498&amp;oid=109082993004267794892\" target=\"_blank\"><img decoding=\"async\" src=\"https:\/\/lh5.googleusercontent.com\/6sr-hKcEvgDBhn0D-l8BTJlSSOIUbkgmSA6l9EEQY0Kc=w276-h207-p-no\" \/><\/a> <\/p>\n","protected":false},"excerpt":{"rendered":"<p>J\u00falia Carb\u00f3 (2n ESO) ha guanyat el primer premi de poesia&nbsp; en la categoria D, alumnes de 1r cicle d\u00e2??ESO, amb el poema Barcelona, la meva ciutat.Elisenda Passola (1r Batxillerat) ha guanyat el segon premi de poesia&nbsp; en la categoria F, alumnes de secund\u00e0ria postobligat\u00f2ria,&hellip;  <a href=\"https:\/\/agora.xtec.cat\/ies-jaumebalmes\/general\/premis-als-xxv-jocs-florals-escolars-de-leixample-2014\/\" title=\"Read Premis als XXV  JOCS FLORALS ESCOLARS DE L\u00e2??EIXAMPLE 2014\">Llegeix m\u00e9s\u00bb<\/a><\/p>\n","protected":false},"author":3,"featured_media":0,"comment_status":"open","ping_status":"open","sticky":false,"template":"","format":"standard","meta":{"_bbp_topic_count":0,"_bbp_reply_count":0,"_bbp_total_topic_count":0,"_bbp_total_reply_count":0,"_bbp_voice_count":0,"_bbp_anonymous_reply_count":0,"_bbp_topic_count_hidden":0,"_bbp_reply_count_hidden":0,"_bbp_forum_subforum_count":0,"footnotes":""},"categories":[1],"tags":[97,100],"class_list":["post-763","post","type-post","status-publish","format-standard","hentry","category-general","tag-intraweb","tag-noticies"],"post_mailing_queue_ids":[],"_links":{"self":[{"href":"https:\/\/agora.xtec.cat\/ies-jaumebalmes\/wp-json\/wp\/v2\/posts\/763","targetHints":{"allow":["GET"]}}],"collection":[{"href":"https:\/\/agora.xtec.cat\/ies-jaumebalmes\/wp-json\/wp\/v2\/posts"}],"about":[{"href":"https:\/\/agora.xtec.cat\/ies-jaumebalmes\/wp-json\/wp\/v2\/types\/post"}],"author":[{"embeddable":true,"href":"https:\/\/agora.xtec.cat\/ies-jaumebalmes\/wp-json\/wp\/v2\/users\/3"}],"replies":[{"embeddable":true,"href":"https:\/\/agora.xtec.cat\/ies-jaumebalmes\/wp-json\/wp\/v2\/comments?post=763"}],"version-history":[{"count":0,"href":"https:\/\/agora.xtec.cat\/ies-jaumebalmes\/wp-json\/wp\/v2\/posts\/763\/revisions"}],"wp:attachment":[{"href":"https:\/\/agora.xtec.cat\/ies-jaumebalmes\/wp-json\/wp\/v2\/media?parent=763"}],"wp:term":[{"taxonomy":"category","embeddable":true,"href":"https:\/\/agora.xtec.cat\/ies-jaumebalmes\/wp-json\/wp\/v2\/categories?post=763"},{"taxonomy":"post_tag","embeddable":true,"href":"https:\/\/agora.xtec.cat\/ies-jaumebalmes\/wp-json\/wp\/v2\/tags?post=763"}],"curies":[{"name":"wp","href":"https:\/\/api.w.org\/{rel}","templated":true}]}}