{"id":762,"date":"2014-05-30T13:07:41","date_gmt":"2014-05-30T12:07:41","guid":{"rendered":"http:\/\/agora.xtec.cat\/ies-jaumebalmes\/general\/festa-de-final-de-btx-diuern\/"},"modified":"2014-05-30T13:07:41","modified_gmt":"2014-05-30T12:07:41","slug":"festa-de-final-de-btx-diuern","status":"publish","type":"post","link":"https:\/\/agora.xtec.cat\/ies-jaumebalmes\/general\/festa-de-final-de-btx-diuern\/","title":{"rendered":"Festa de final de BTX-Di\u00fcrn"},"content":{"rendered":"<p>El divendres 23 de juny es va fer la festa de final de Batxillerat-Di\u00fcrn. <strong>Una promoci\u00f3 excel\u00b7lent<\/strong> amb 10 matr\u00edcules d&#8217;honor, 15 persones amb possibilitat de presentar-se a les proves per obtenir el premi extraordinari de batxillerat, etc. <strong>Moltes felicitats a totes i tots.<\/strong><\/p>\n<p>Aqu\u00ed teniu el v\u00eddeo que l&#8217;alumnat va presentar durant l&#8217;acta i una selecci\u00f3 de fotos de l&#8217;acte:<\/p>\n<p>\n    <iframe loading=\"lazy\" width=\"560\" height=\"315\" frameborder=\"0\" src=\"http:\/\/www.youtube.com\/embed\/dq83QbpOqU4?list=UUZ6r2TVn2BUX9-2HldgS-YQ\">&amp;amp;lt;span id=&amp;amp;quot;XinhaEditingPostion&amp;amp;quot;&amp;amp;gt;&amp;amp;lt;\/span&amp;amp;gt;<\/iframe><a target=\"_blank\" href=\"https:\/\/plus.google.com\/photos\/109082993004267794892\/albums\/6020223006405096497?sort=1\"><img decoding=\"async\" src=\"https:\/\/lh3.googleusercontent.com\/KzYustW3uR0hlhqVwZCm3a7oeDOkvy8_5X7nv3vlnml3=w273-h204-p-no\" \/><\/a>\n  <\/p>\n","protected":false},"excerpt":{"rendered":"<p>El divendres 23 de juny es va fer la festa de final de Batxillerat-Di\u00fcrn. Una promoci\u00f3 excel\u00b7lent amb 10 matr\u00edcules d&#8217;honor, 15 persones amb possibilitat de presentar-se a les proves per obtenir el premi extraordinari de batxillerat, etc. Moltes felicitats a totes i tots.<br \/>\nAqu\u00ed teniu&hellip;  <a href=\"https:\/\/agora.xtec.cat\/ies-jaumebalmes\/general\/festa-de-final-de-btx-diuern\/\" title=\"Read Festa de final de BTX-Di\u00fcrn\">Llegeix m\u00e9s\u00bb<\/a><\/p>\n","protected":false},"author":3,"featured_media":0,"comment_status":"open","ping_status":"open","sticky":false,"template":"","format":"standard","meta":{"_bbp_topic_count":0,"_bbp_reply_count":0,"_bbp_total_topic_count":0,"_bbp_total_reply_count":0,"_bbp_voice_count":0,"_bbp_anonymous_reply_count":0,"_bbp_topic_count_hidden":0,"_bbp_reply_count_hidden":0,"_bbp_forum_subforum_count":0,"footnotes":""},"categories":[1],"tags":[97,100],"class_list":["post-762","post","type-post","status-publish","format-standard","hentry","category-general","tag-intraweb","tag-noticies"],"post_mailing_queue_ids":[],"_links":{"self":[{"href":"https:\/\/agora.xtec.cat\/ies-jaumebalmes\/wp-json\/wp\/v2\/posts\/762","targetHints":{"allow":["GET"]}}],"collection":[{"href":"https:\/\/agora.xtec.cat\/ies-jaumebalmes\/wp-json\/wp\/v2\/posts"}],"about":[{"href":"https:\/\/agora.xtec.cat\/ies-jaumebalmes\/wp-json\/wp\/v2\/types\/post"}],"author":[{"embeddable":true,"href":"https:\/\/agora.xtec.cat\/ies-jaumebalmes\/wp-json\/wp\/v2\/users\/3"}],"replies":[{"embeddable":true,"href":"https:\/\/agora.xtec.cat\/ies-jaumebalmes\/wp-json\/wp\/v2\/comments?post=762"}],"version-history":[{"count":0,"href":"https:\/\/agora.xtec.cat\/ies-jaumebalmes\/wp-json\/wp\/v2\/posts\/762\/revisions"}],"wp:attachment":[{"href":"https:\/\/agora.xtec.cat\/ies-jaumebalmes\/wp-json\/wp\/v2\/media?parent=762"}],"wp:term":[{"taxonomy":"category","embeddable":true,"href":"https:\/\/agora.xtec.cat\/ies-jaumebalmes\/wp-json\/wp\/v2\/categories?post=762"},{"taxonomy":"post_tag","embeddable":true,"href":"https:\/\/agora.xtec.cat\/ies-jaumebalmes\/wp-json\/wp\/v2\/tags?post=762"}],"curies":[{"name":"wp","href":"https:\/\/api.w.org\/{rel}","templated":true}]}}