{"id":760,"date":"2014-05-29T09:06:57","date_gmt":"2014-05-29T08:06:57","guid":{"rendered":"http:\/\/agora.xtec.cat\/ies-jaumebalmes\/general\/matriculacio-2014-2015\/"},"modified":"2014-05-29T09:06:57","modified_gmt":"2014-05-29T08:06:57","slug":"matriculacio-2014-2015","status":"publish","type":"post","link":"https:\/\/agora.xtec.cat\/ies-jaumebalmes\/general\/matriculacio-2014-2015\/","title":{"rendered":"Matriculaci\u00f3 2014-2015"},"content":{"rendered":"<hr \/>\n<table border=\"0\" bgcolor=\"#ffff99\">\n<tbody>\n<tr>\n<td>\n<h1>Matriculaci\u00f3 de l\u00e2??alumnat pel curs escolar 2014-2015:&nbsp;<\/h1>\n<\/td>\n<\/tr>\n<tr bgcolor=\"#FFCC00\">\n<td>\n<h2><strong>ALUMNAT DE 1r D\u00e2??ESO:<\/strong><strong> Cal matricular-se del 10 al 13 de juny.<\/strong><strong> <\/strong> <\/h2>\n<h1> <\/h1>\n<ul>\n<li><strong>AQU\u00cd TINDREU LA CARPETA DE MATRICULACI\u00c3?&nbsp;<br \/>\n amb tota la informaci\u00f3 i documents que cal omplir i portar (fulls de<br \/>\ndades, pagaments a efectuar, llistat de llibres, autoritzacions, etc.).<\/strong> Qui prefereixi recollir la documentaci\u00f3 al centre ho podr\u00e0 fer a partir del divendres 7 de juny a consergeria. <\/li>\n<li><strong>????????????Dimecres 19 de juny a les 19h reuni\u00f3 per explicar, a les fam\u00edlies del nou alumnat, el <\/strong><strong>sistema de venda i reutilitzaci\u00f3 de llibres (ecoBooks) amb l\u00e2??empresa IDDINK.<\/strong> <\/li>\n<\/ul>\n<\/td>\n<\/tr>\n<tr>\n<td>\n<h2><strong>A continuaci\u00f3 trobareu les carpetes amb la documentaci\u00f3 per a la matriculaci\u00f3 per a la resta de cursos: <\/strong> <\/h2>\n<ul>\n<li><strong>2n d\u00e2??ESO<\/strong><strong> <\/strong><strong>(<\/strong>l\u00e2??alumnat que a juny ja passi de curs <strong>ha de matricular-se del 23 al 26 de juny, <\/strong>la resta el 4 de setembre de 9h a 13h<strong>) <\/strong><strong> <br \/><\/strong><\/li>\n<li><strong>3r i 4t d\u00e2??ESO <\/strong><strong>(<\/strong>l\u00e2??alumnat que a juny ja passi de curs <strong>ha de matricular-se del 23 al 26 de juny, <\/strong>la resta el 4 de setembre de 9h a 13h<strong>) <\/strong><a href=\"\/ies-jaumebalmes\/intranet\/index.php?module=Downloads&amp;func=prep_hand_out&amp;lid=583\" target=\"_blank\"><strong> <\/strong><\/a><\/li>\n<p><a href=\"\/ies-jaumebalmes\/intranet\/index.php?module=Downloads&amp;func=prep_hand_out&amp;lid=583\" target=\"_blank\"> <\/a> <\/p>\n<li><strong>Batxillerat Di\u00fcrn i Nocturn <\/strong><strong><strong>[ BTX1-Nocturn &#8211; BTX2-Nocturn] <\/strong><\/strong><strong>(l\u00e2??alumnat del centre<\/strong> que a juny ja passi de curs<strong> ha de matricular-se el 27 o 30 de juny, <\/strong>la resta el 4 de setembre de 9h a 13h<strong>) .<\/strong><strong><br \/><\/strong><\/li>\n<li><strong>Matr\u00edcula de l&#8217;alumnat nou al centre, de <\/strong><strong>Batxillerat Di\u00fcrn<\/strong><strong><strong> i <\/strong><\/strong><strong>Nocturn <\/strong><strong><strong>[ BTX1-Nocturn &#8211; BTX2-Nocturn]<\/strong><\/strong><strong>, de l&#8217;1 al 9 de juliol de 9h a 13h.<\/strong><\/li>\n<li><strong>Matr\u00edcula de l&#8217;alumnat de Formaci\u00f3 Professional<\/strong><strong><strong><strong>,<\/strong><\/strong> de l&#8217;1 al 9 de juliol <\/strong><strong><strong>de 9h a 13h<\/strong>.<\/strong><\/li>\n<ul>\n<li><strong>1r FPGM Sistemes microinform\u00e0tics i xarxes<\/strong><\/li>\n<p><strong> <\/strong> <\/p>\n<li><strong>FPGS ASIX Administraci\u00f3 de sistemes inform\u00e0tics en xarxa<\/strong><\/li>\n<p><strong> <\/strong> <\/p>\n<li><strong>FPGS DAW Desenvolupament d&#8217;aplicacions Web<\/strong><\/li>\n<\/ul>\n<\/ul>\n<\/td>\n<\/tr>\n<\/tbody>\n<\/table>\n<h1> <\/h1>\n<h1>Altres informacions:<br \/>\n  <\/h1>\n<ul>\n<li>\n<h3> <strong>Tota la <a href=\"http:\/\/www.gencat.cat\/preinscripcio\/\" target=\"_blank\">informaci\u00f3 oficial sobre la preinscripci\u00f3 i matriculaci\u00f3 pel curs escolar 2014-2015<\/a><\/strong> <\/h3>\n<\/li>\n<\/ul>\n<ul>\n<li>\n<h3 style=\"color: #000000; font-family: 'Times New Roman'; font-style: normal; font-variant: normal; letter-spacing: normal; line-height: normal; text-align: start; text-indent: 0px; text-transform: none; white-space: normal; word-spacing: 0px;\">Si<br \/>\n voleu accedir al material de les nostres portes obertes o als de les<br \/>\nsessions d&#8217;orientaci\u00f3 que hem&nbsp; fet al nostres alumnat, amplieu aquesta<br \/>\nnot\u00edcia.<span class=\"Apple-converted-space\"><\/span><\/h3>\n<\/li>\n<\/ul>\n<ul> <\/ul>\n<p style=\"color: #000000; font-family: 'Times New Roman'; font-size: medium; font-style: normal; font-variant: normal; font-weight: normal; letter-spacing: normal; line-height: normal; text-align: start; text-indent: 0px; text-transform: none; white-space: normal; word-spacing: 0px;\"><font size=\"6\">Portes Obertes<span class=\"Apple-converted-space\"> <\/span><\/font><\/p>\n<p style=\"color: #000000; font-family: 'Times New Roman'; font-size: medium; font-style: normal; font-variant: normal; font-weight: normal; letter-spacing: normal; line-height: normal; text-align: start; text-indent: 0px; text-transform: none; white-space: normal; word-spacing: 0px;\"><img loading=\"lazy\" decoding=\"async\" width=\"567\" align=\"middle\" height=\"196\" style=\"cursor: default;\" title=\"calendari portes obertes\" alt=\"calendari portes obertes 2014\" src=\"http:\/\/www.xtec.cat\/ies-jaumebalmes\/imatges\/portesobertes2014.jpg\" \/><span class=\"Apple-converted-space\"> <\/span><\/p>\n<h3 style=\"color: #000000; font-family: 'Times New Roman'; font-style: normal; font-variant: normal; letter-spacing: normal; line-height: normal; text-align: start; text-indent: 0px; text-transform: none; white-space: normal; word-spacing: 0px;\"><strong>Dissabte 8 de mar\u00e7 de 2014 ===&gt; ESO<span class=\"Apple-converted-space\"> <\/span><\/strong>[<a style=\"color: #ff0000;\" href=\"\/ies-jaumebalmes\/intranet\/index.php?module=Downloads&amp;func=prep_hand_out&amp;lid=638\" target=\"_blank\">MATERIAL DE LA SESSI\u00c3?<\/a>]&nbsp; [<a style=\"color: #ff0000;\" href=\"http:\/\/www.gencat.cat\/preinscripcio\" target=\"_blank\">Web Preinscripci\u00f3 i Matriculaci\u00f3<\/a>]&nbsp;<\/h3>\n<h3 style=\"color: #000000; font-family: 'Times New Roman'; font-style: normal; font-variant: normal; letter-spacing: normal; line-height: normal; text-align: start; text-indent: 0px; text-transform: none; white-space: normal; word-spacing: 0px;\"><strong><strong>Dissabte 22 de mar\u00e7 de 2014 ===&gt;<\/strong><span class=\"Apple-converted-space\"> <\/span>Batxillerat i FP<span class=\"Apple-converted-space\"> <\/span><\/strong>[MATERIAL DE LA SESSI\u00c3?:<span class=\"Apple-converted-space\"> <\/span><a style=\"color: #ff0000;\" target=\"_blank\" href=\"\/ies-jaumebalmes\/intranet\/index.php?module=Downloads&amp;func=prep_hand_out&amp;lid=650\">Batxillerat<\/a>&nbsp; &#8212;<span class=\"Apple-converted-space\"> <\/span><a style=\"color: #ff0000;\" target=\"_blank\" href=\"\/ies-jaumebalmes\/intranet\/index.php?module=Downloads&amp;func=prep_hand_out&amp;lid=653\">Formaci\u00f3 Professional<\/a>]<span class=\"Apple-converted-space\"> <\/span><strong>[Itineraris BTX del centre<\/strong><span class=\"Apple-converted-space\"> <\/span><a style=\"color: #ff0000;\" href=\"\/ies-jaumebalmes\/intranet\/index.php?module=Downloads&amp;func=prep_hand_out&amp;lid=644\" target=\"_blank\">BTX1-Di\u00fcrn<\/a><span class=\"Apple-converted-space\"> <\/span>===<span class=\"Apple-converted-space\"> <\/span><a style=\"color: #ff0000;\" href=\"\/ies-jaumebalmes\/intranet\/index.php?module=Downloads&amp;func=prep_hand_out&amp;lid=643\" target=\"_blank\">BTX2-Di\u00fcrn<\/a><span class=\"Apple-converted-space\"> <\/span>===<a style=\"color: #ff0000;\" href=\"\/ies-jaumebalmes\/intranet\/index.php?module=Downloads&amp;func=prep_hand_out&amp;lid=642\" target=\"_blank\">BTX1-Nocturn<\/a><span class=\"Apple-converted-space\"> <\/span>===<span class=\"Apple-converted-space\"> <\/span><a style=\"color: #ff0000;\" href=\"\/ies-jaumebalmes\/intranet\/index.php?module=Downloads&amp;func=prep_hand_out&amp;lid=641\" target=\"_blank\">BTX2-Nocturn<\/a><strong>]<\/strong><span class=\"Apple-converted-space\"> <\/span>[<a style=\"color: #ff0000;\" href=\"http:\/\/www.gencat.cat\/preinscripcio\" target=\"_blank\">Web Preinscripci\u00f3 i Matriculaci\u00f3<\/a>] <br \/><\/h3>\n<p><br style=\"color: #000000; font-family: 'Times New Roman'; font-size: medium; font-style: normal; font-variant: normal; font-weight: normal; letter-spacing: normal; line-height: normal; text-align: start; text-indent: 0px; text-transform: none; white-space: normal; word-spacing: 0px;\" \/> <\/p>\n<p style=\"color: #000000; font-family: 'Times New Roman'; font-size: medium; font-style: normal; font-variant: normal; font-weight: normal; letter-spacing: normal; line-height: normal; text-align: start; text-indent: 0px; text-transform: none; white-space: normal; word-spacing: 0px;\"><font size=\"6\">Xerrades d&#8217;orientaci\u00f3 pel nostre alumnat i fam\u00edlies (2014)<span class=\"Apple-converted-space\"> <\/span><\/font><\/p>\n<h3 style=\"color: #000000; font-family: 'Times New Roman'; font-style: normal; font-variant: normal; letter-spacing: normal; line-height: normal; text-align: start; text-indent: 0px; text-transform: none; white-space: normal; word-spacing: 0px;\">Xerrada &quot;Cicles formatius, sortides professional i itineraris&quot; per alumnat de Batxillerat<br \/><\/h3>\n<ul style=\"color: #000000; font-family: 'Times New Roman'; font-size: medium; font-style: normal; font-variant: normal; font-weight: normal; letter-spacing: normal; line-height: normal; text-align: start; text-indent: 0px; text-transform: none; white-space: normal; word-spacing: 0px;\">\n<li><strong>11 de mar\u00e7 13,30h. Xerrada &quot;Cicles formatius, sortides professional i itineraris&quot;<\/strong><span class=\"Apple-converted-space\"> <\/span><strong>per alumnat de BTX interessat.<span class=\"Apple-converted-space\"> <\/span><\/strong>La xerrada de la Lourdes Tamayo t\u00e8cnica en orientaci\u00f3 del Pla Jove del Consorci d&#8217;Educaci\u00f3 de Barcelona. Aqu\u00ed teniu&nbsp; les presentacions que va utilitzar en la xerrada:<\/li>\n<\/ul>\n<blockquote style=\"color: #000000; font-family: 'Times New Roman'; font-size: medium; font-style: normal; font-variant: normal; font-weight: normal; letter-spacing: normal; line-height: normal; text-align: start; text-indent: 0px; text-transform: none; white-space: normal; word-spacing: 0px;\">\n<ul>\n<li><a style=\"color: #ff0000;\" href=\"\/ies-jaumebalmes\/intranet\/index.php?module=Downloads&amp;func=prep_hand_out&amp;lid=639\" target=\"_blank\">&quot;Cicles formatius de GRAU MITJ\u00c3?, sortides professional i itineraris&quot;<\/a><\/li>\n<li><a style=\"color: #ff0000;\" href=\"\/ies-jaumebalmes\/intranet\/index.php?module=Downloads&amp;func=prep_hand_out&amp;lid=640\" target=\"_blank\">&quot;Cicles formatius de GRAU SUPERIOR, sortides professional i itineraris&quot;<\/a><\/li>\n<\/ul>\n<\/blockquote>\n<h3 style=\"color: #000000; font-family: 'Times New Roman'; font-style: normal; font-variant: normal; letter-spacing: normal; line-height: normal; text-align: start; text-indent: 0px; text-transform: none; white-space: normal; word-spacing: 0px;\">Xerrada d\u00e2??orientaci\u00f3 pel nostre alumnat de 1r de Batxillerat&nbsp;<\/h3>\n<ul style=\"color: #000000; font-family: 'Times New Roman'; font-size: medium; font-style: normal; font-variant: normal; font-weight: normal; letter-spacing: normal; line-height: normal; text-align: start; text-indent: 0px; text-transform: none; white-space: normal; word-spacing: 0px;\">\n<li><strong>24 de mar\u00e7 13.30h: alumnat actual de 1r de BTX<\/strong>. \u00e2??Itineraris 2n de BTX, orientaci\u00f3 i altres sortides\u00e2?\u009d. [<a style=\"color: #ff0000;\" href=\"\/ies-jaumebalmes\/intranet\/index.php?module=Downloads&amp;func=prep_hand_out&amp;lid=652\" target=\"_blank\">Material de la sessi\u00f3<\/a>] &#8212; [<a style=\"color: #ff0000;\" target=\"_blank\" href=\"\/ies-jaumebalmes\/intranet\/index.php?module=Downloads&amp;func=prep_hand_out&amp;lid=643\">Itineraris&nbsp;BTX2-Di\u00fcrn<\/a>]&nbsp;<\/li>\n<\/ul>\n<h3 style=\"color: #000000; font-family: 'Times New Roman'; font-style: normal; font-variant: normal; letter-spacing: normal; line-height: normal; text-align: start; text-indent: 0px; text-transform: none; white-space: normal; word-spacing: 0px;\">Xerrades d\u00e2??orientaci\u00f3 pel nostre alumnat de 3r i 4t d\u00e2??ESO i les seves fam\u00edlies.<\/h3>\n<ul style=\"color: #000000; font-family: 'Times New Roman'; font-size: medium; font-style: normal; font-variant: normal; font-weight: normal; letter-spacing: normal; line-height: normal; text-align: start; text-indent: 0px; text-transform: none; white-space: normal; word-spacing: 0px;\">\n<li><strong>&nbsp;19 de mar\u00e7 10h: alumnat actual de 4t d\u00e2??ESO.<span class=\"Apple-converted-space\"> <\/span><\/strong>&quot;Sortides professionalitzadores&quot;. [<a style=\"color: #ff0000;\" target=\"_blank\" href=\"\/ies-jaumebalmes\/intranet\/index.php?module=Downloads&amp;func=prep_hand_out&amp;lid=649\">Material de la sessi\u00f3<\/a>]<\/li>\n<\/ul>\n<ul style=\"color: #000000; font-family: 'Times New Roman'; font-size: medium; font-style: normal; font-variant: normal; font-weight: normal; letter-spacing: normal; line-height: normal; text-align: start; text-indent: 0px; text-transform: none; white-space: normal; word-spacing: 0px;\">\n<li><strong>25 de mar\u00e7 11,30h: alumnat actual de 3r d\u00e2??ESO<\/strong>.\u00e2??Presentaci\u00f3 del 4t d\u00e2??ESO i els diferents itineraris formatius\u00e2?\u009d. [<a style=\"color: #ff0000;\" target=\"_blank\" href=\"\/ies-jaumebalmes\/intranet\/index.php?module=Downloads&amp;func=prep_hand_out&amp;lid=654\">Material de la sessi\u00f3<\/a>] &#8212; [<a style=\"color: #ff0000;\" href=\"\/ies-jaumebalmes\/intranet\/index.php?module=Downloads&amp;func=prep_hand_out&amp;lid=651\" target=\"_blank\">Matr\u00edcula mat\u00e8ries espec\u00edfiques 4t d\u00e2??ESO<\/a>]<\/li>\n<\/ul>\n<ul style=\"color: #000000; font-family: 'Times New Roman'; font-size: medium; font-style: normal; font-variant: normal; font-weight: normal; letter-spacing: normal; line-height: normal; text-align: start; text-indent: 0px; text-transform: none; white-space: normal; word-spacing: 0px;\">\n<li><strong>25 de mar\u00e7 19,30h<\/strong>: reuni\u00f3 amb les<strong><span class=\"Apple-converted-space\"> <\/span>fam\u00edlies de l\u00e2??alumnat actual de 4t d\u00e2??ESO<\/strong>.\u00e2??Sortides posteriors a l\u00e2??ESO, els diferents itineraris formatius i l\u00e2??organitzaci\u00f3 del Batxillerat al centre\u00e2?\u009d.&nbsp; [<a style=\"color: #ff0000;\" target=\"_blank\" href=\"\/ies-jaumebalmes\/intranet\/index.php?module=Downloads&amp;func=prep_hand_out&amp;lid=655\">Material de la sessi\u00f3<\/a>] &#8212; [<a style=\"color: #ff0000;\" target=\"_blank\" href=\"\/ies-jaumebalmes\/intranet\/index.php?module=Downloads&amp;func=prep_hand_out&amp;lid=644\">Itineraris BTX1-Di\u00fcrn<\/a>]<span class=\"Apple-converted-space\"> <\/span><\/li>\n<\/ul>\n<ul style=\"color: #000000; font-family: 'Times New Roman'; font-size: medium; font-style: normal; font-variant: normal; font-weight: normal; letter-spacing: normal; line-height: normal; text-align: start; text-indent: 0px; text-transform: none; white-space: normal; word-spacing: 0px;\">\n<li><strong>26 de mar\u00e7&nbsp; 10h: alumnat actual de 4t d\u00e2??ESO<\/strong>.\u00e2??Sortides posteriors a l\u00e2??ESO, els diferents itineraris formatius i l\u00e2??organitzaci\u00f3 del Batxillerat al centre\u00e2?\u009d. [<a style=\"color: #ff0000;\" target=\"_blank\" href=\"\/ies-jaumebalmes\/intranet\/index.php?module=Downloads&amp;func=prep_hand_out&amp;lid=655\">Material de la sessi\u00f3<\/a>] &#8212; [<a style=\"color: #ff0000;\" target=\"_blank\" href=\"\/ies-jaumebalmes\/intranet\/index.php?module=Downloads&amp;func=prep_hand_out&amp;lid=644\">Itineraris BTX1-Di\u00fcrn<\/a>]&nbsp;<\/li>\n<\/ul>\n<ul style=\"color: #000000; font-family: 'Times New Roman'; font-size: medium; font-style: normal; font-variant: normal; font-weight: normal; letter-spacing: normal; line-height: normal; text-align: start; text-indent: 0px; text-transform: none; white-space: normal; word-spacing: 0px;\">\n<li><strong>26<span class=\"Apple-converted-space\"> <\/span><\/strong><strong>de mar\u00e7 18h<\/strong>: reuni\u00f3 amb les<span class=\"Apple-converted-space\"> <\/span><strong>fam\u00edlies de l\u00e2??alumnat actual de 3r d\u00e2??ESO<\/strong>.\u00e2??Presentaci\u00f3 del 4t d\u00e2??ESO i els diferents itineraris formatius\u00e2?\u009d. [<a style=\"color: #ff0000;\" target=\"_blank\" href=\"\/ies-jaumebalmes\/intranet\/index.php?module=Downloads&amp;func=prep_hand_out&amp;lid=654\">Material de la sessi\u00f3<\/a>] &#8212; [<a style=\"color: #ff0000;\" href=\"\/ies-jaumebalmes\/intranet\/index.php?module=Downloads&amp;func=prep_hand_out&amp;lid=651\" target=\"_blank\">Matr\u00edcula mat\u00e8ries espec\u00edfiques 4t d\u00e2??ESO<\/a>]<\/li>\n<\/ul>\n","protected":false},"excerpt":{"rendered":"<p>Matriculaci\u00f3 de l\u00e2??alumnat pel curs escolar 2014-2015:&nbsp;<\/p>\n<p>ALUMNAT DE 1r D\u00e2??ESO: Cal matricular-se del 10 al 13 de juny.  <\/p>\n<ul>\n<li>AQU\u00cd TINDREU LA CARPETA DE MATRICULACI\u00c3?&nbsp;<br \/>\n amb tota la informaci\u00f3 i documents que cal omplir i portar (fulls de<br \/>\ndades, pagaments a efectuar, llistat de llibres,&hellip;  <a href=\"https:\/\/agora.xtec.cat\/ies-jaumebalmes\/general\/matriculacio-2014-2015\/\" title=\"Read Matriculaci\u00f3 2014-2015\">Llegeix m\u00e9s\u00bb<\/a><\/p>\n","protected":false},"author":3,"featured_media":0,"comment_status":"open","ping_status":"open","sticky":false,"template":"","format":"standard","meta":{"_bbp_topic_count":0,"_bbp_reply_count":0,"_bbp_total_topic_count":0,"_bbp_total_reply_count":0,"_bbp_voice_count":0,"_bbp_anonymous_reply_count":0,"_bbp_topic_count_hidden":0,"_bbp_reply_count_hidden":0,"_bbp_forum_subforum_count":0,"footnotes":""},"categories":[1],"tags":[97,100],"class_list":["post-760","post","type-post","status-publish","format-standard","hentry","category-general","tag-intraweb","tag-noticies"],"post_mailing_queue_ids":[],"_links":{"self":[{"href":"https:\/\/agora.xtec.cat\/ies-jaumebalmes\/wp-json\/wp\/v2\/posts\/760","targetHints":{"allow":["GET"]}}],"collection":[{"href":"https:\/\/agora.xtec.cat\/ies-jaumebalmes\/wp-json\/wp\/v2\/posts"}],"about":[{"href":"https:\/\/agora.xtec.cat\/ies-jaumebalmes\/wp-json\/wp\/v2\/types\/post"}],"author":[{"embeddable":true,"href":"https:\/\/agora.xtec.cat\/ies-jaumebalmes\/wp-json\/wp\/v2\/users\/3"}],"replies":[{"embeddable":true,"href":"https:\/\/agora.xtec.cat\/ies-jaumebalmes\/wp-json\/wp\/v2\/comments?post=760"}],"version-history":[{"count":0,"href":"https:\/\/agora.xtec.cat\/ies-jaumebalmes\/wp-json\/wp\/v2\/posts\/760\/revisions"}],"wp:attachment":[{"href":"https:\/\/agora.xtec.cat\/ies-jaumebalmes\/wp-json\/wp\/v2\/media?parent=760"}],"wp:term":[{"taxonomy":"category","embeddable":true,"href":"https:\/\/agora.xtec.cat\/ies-jaumebalmes\/wp-json\/wp\/v2\/categories?post=760"},{"taxonomy":"post_tag","embeddable":true,"href":"https:\/\/agora.xtec.cat\/ies-jaumebalmes\/wp-json\/wp\/v2\/tags?post=760"}],"curies":[{"name":"wp","href":"https:\/\/api.w.org\/{rel}","templated":true}]}}