{"id":758,"date":"2014-05-14T12:31:29","date_gmt":"2014-05-14T11:31:29","guid":{"rendered":"http:\/\/agora.xtec.cat\/ies-jaumebalmes\/general\/particpacio-al-congres-antartic-al-museu-blau-13-5-2014\/"},"modified":"2014-05-14T12:31:29","modified_gmt":"2014-05-14T11:31:29","slug":"particpacio-al-congres-antartic-al-museu-blau-13-5-2014","status":"publish","type":"post","link":"https:\/\/agora.xtec.cat\/ies-jaumebalmes\/general\/particpacio-al-congres-antartic-al-museu-blau-13-5-2014\/","title":{"rendered":"Particpaci\u00f3 al Congr\u00e9s Ant\u00e0rtic al museu Blau (13\/5\/2014)"},"content":{"rendered":"<p><!--[if gte mso 9]><xml>\n <o:OfficeDocumentSettings>\n  <o:RelyOnVML\/>\n  <o:AllowPNG\/>\n <\/o:OfficeDocumentSettings>\n<\/xml><![endif]--> <\/p>\n<p class=\"MsoNormal\"><span lang=\"CA\">Els alumnes de Ci\u00e8ncies de la Terra i del medi<br \/>\nambient de primer de Batxillerat han tingut l\u00e2??ocasi\u00f3 de participar en un<br \/>\nprojecte de seguiment de <\/span>l\u00e2??expedici\u00f3 a<br \/>\nl\u00e2??Ant\u00e0rtida <em>Ant XXIX-9 Filchner Outflow System<\/em> titulat \u00e2??L\u00e2??Ant\u00e0rtida, la<br \/>\nfascinaci\u00f3 de la Recerca\u00e2?\u009d. Aquest<br \/>\nprojecte va comen\u00e7ar el 26 de novembre<br \/>\nquan, els nostres alumnes es van trobar al <em>Museu blau<\/em> amb un grup<br \/>\nd\u00e2??investigadors de l\u00e2??Institut de Ci\u00e8ncies del mar, entre ells els participants<br \/>\na l\u00e2??expedici\u00f3. All\u00e0 varen comentar quins temes estudiarien des de l\u00e2??Institut, a<br \/>\npartir de la informaci\u00f3 que els anirien enviant els expedicionaris i com seria<br \/>\nla comunicaci\u00f3. El vaixell Polarstern va sortir de Ciutat del Cap dia 9 de<br \/>\ndesembre del 2013 i hi va tornar el 5 de mar\u00e7 del 2014. Durant tot aquest<br \/>\ntemps, els nostres alumnes plantejaven<br \/>\npreguntes als expedicionaris  que<br \/>\nresponien, encara que no sempre amb la immediatesa que nosaltres desitj\u00e0vem,<br \/>\ns\u00e2??ha de tenir en compte que les comunicacions des del vaixell no s\u00f3n f\u00e0cils.<br \/>\nAmb la informaci\u00f3 rebuda, els alumnes varen estudiar diferents aspectes de<br \/>\nl\u00e2??expedici\u00f3 que varen quedar reflectits en dos p\u00f2sters i avui, encara que<br \/>\nfaltaven alguns companys que eren d\u00e2??intercanvi a Carcassonne, han tingut<br \/>\nl\u00e2??ocasi\u00f3 de tornar al Museu Blau per participar en el I Congr\u00e9s ant\u00e0rtic i<br \/>\npresentar els seus treballs als expedicionaris que, alhora, tamb\u00e9 han fet cinc c\u00e8ntims del qu\u00e8 han trobat<br \/>\ni de com es desenvolupar\u00e0 la seva investigaci\u00f3 a partir d\u00e2??ara.<\/p>\n<p class=\"MsoNormal\"><span lang=\"CA\">A la <a href=\"https:\/\/plus.google.com\/photos\/109082993004267794892\/albums\/6013221546738644097\" target=\"_blank\">Galeria<br \/>\nMultim\u00e8dia del centre teniu algunes fotografies de l\u00e2??exposici\u00f3<\/a> <\/span>i a <a href=\"http:\/\/www.xtec.cat\/ies-jaumebalmes\/revista\/\" target=\"_blank\">Publicacions del centre<\/a><br \/>\nels dos p\u00f2sters presentats. <\/p>\n<p><a target=\"_blank\" href=\"https:\/\/plus.google.com\/photos\/109082993004267794892\/albums\/6013221546738644097\"><img decoding=\"async\" src=\"https:\/\/lh5.googleusercontent.com\/WyQYGf8w0Lc2bMrX-q5jV5YssoAHTMFgVaN8d55hJBTB=w273-h204-p-no\" \/><\/a> <a target=\"_blank\" href=\"http:\/\/www.xtec.cat\/ies-jaumebalmes\/revista\/20140513CongresAntartidaPOSTER1.pdf\"><img decoding=\"async\" src=\"https:\/\/lh4.googleusercontent.com\/ml6b1acD_vti50JNd8e9L6QFxLpgv4vEGkXCWjLzhIdW=w138-h207-p-no\" \/><\/a> <a target=\"_blank\" href=\"http:\/\/www.xtec.cat\/ies-jaumebalmes\/revista\/20140513CongresAntartidaPOSTER2.pdf\"><img decoding=\"async\" src=\"https:\/\/lh3.googleusercontent.com\/RRuGc45lqdAsuwnjOpthQV_4ZHSL70PYizTUCv1gKumk=w292-h207-p-no\" \/><\/a><\/p>\n","protected":false},"excerpt":{"rendered":"<p>\nEls alumnes de Ci\u00e8ncies de la Terra i del medi<br \/>\nambient de primer de Batxillerat han tingut l\u00e2??ocasi\u00f3 de participar en un<br \/>\nprojecte de seguiment de l\u00e2??expedici\u00f3 a<br \/>\nl\u00e2??Ant\u00e0rtida Ant XXIX-9 Filchner Outflow System titulat \u00e2??L\u00e2??Ant\u00e0rtida, la<br \/>\nfascinaci\u00f3 de la Recerca\u00e2?\u009d. Aquest<br \/>\nprojecte va comen\u00e7ar el 26 de novembre<br \/>\nquan,&hellip;  <a href=\"https:\/\/agora.xtec.cat\/ies-jaumebalmes\/general\/particpacio-al-congres-antartic-al-museu-blau-13-5-2014\/\" title=\"Read Particpaci\u00f3 al Congr\u00e9s Ant\u00e0rtic al museu Blau (13\/5\/2014)\">Llegeix m\u00e9s\u00bb<\/a><\/p>\n","protected":false},"author":3,"featured_media":0,"comment_status":"open","ping_status":"open","sticky":false,"template":"","format":"standard","meta":{"_bbp_topic_count":0,"_bbp_reply_count":0,"_bbp_total_topic_count":0,"_bbp_total_reply_count":0,"_bbp_voice_count":0,"_bbp_anonymous_reply_count":0,"_bbp_topic_count_hidden":0,"_bbp_reply_count_hidden":0,"_bbp_forum_subforum_count":0,"footnotes":""},"categories":[1],"tags":[97,100],"class_list":["post-758","post","type-post","status-publish","format-standard","hentry","category-general","tag-intraweb","tag-noticies"],"post_mailing_queue_ids":[],"_links":{"self":[{"href":"https:\/\/agora.xtec.cat\/ies-jaumebalmes\/wp-json\/wp\/v2\/posts\/758","targetHints":{"allow":["GET"]}}],"collection":[{"href":"https:\/\/agora.xtec.cat\/ies-jaumebalmes\/wp-json\/wp\/v2\/posts"}],"about":[{"href":"https:\/\/agora.xtec.cat\/ies-jaumebalmes\/wp-json\/wp\/v2\/types\/post"}],"author":[{"embeddable":true,"href":"https:\/\/agora.xtec.cat\/ies-jaumebalmes\/wp-json\/wp\/v2\/users\/3"}],"replies":[{"embeddable":true,"href":"https:\/\/agora.xtec.cat\/ies-jaumebalmes\/wp-json\/wp\/v2\/comments?post=758"}],"version-history":[{"count":0,"href":"https:\/\/agora.xtec.cat\/ies-jaumebalmes\/wp-json\/wp\/v2\/posts\/758\/revisions"}],"wp:attachment":[{"href":"https:\/\/agora.xtec.cat\/ies-jaumebalmes\/wp-json\/wp\/v2\/media?parent=758"}],"wp:term":[{"taxonomy":"category","embeddable":true,"href":"https:\/\/agora.xtec.cat\/ies-jaumebalmes\/wp-json\/wp\/v2\/categories?post=758"},{"taxonomy":"post_tag","embeddable":true,"href":"https:\/\/agora.xtec.cat\/ies-jaumebalmes\/wp-json\/wp\/v2\/tags?post=758"}],"curies":[{"name":"wp","href":"https:\/\/api.w.org\/{rel}","templated":true}]}}