{"id":757,"date":"2014-04-26T17:00:19","date_gmt":"2014-04-26T16:00:19","guid":{"rendered":"http:\/\/agora.xtec.cat\/ies-jaumebalmes\/general\/premi-al-treball-de-recerca-de-langela-sanchez-orti\/"},"modified":"2014-04-26T17:00:19","modified_gmt":"2014-04-26T16:00:19","slug":"premi-al-treball-de-recerca-de-langela-sanchez-orti","status":"publish","type":"post","link":"https:\/\/agora.xtec.cat\/ies-jaumebalmes\/general\/premi-al-treball-de-recerca-de-langela-sanchez-orti\/","title":{"rendered":"Premi al treball de recerca de l&#8217;Angela S\u00e1nchez Orti"},"content":{"rendered":"<p><strong>El treball de recerca de l&#8217;Angela S\u00e1nchez Orti (BTX2C) <em>&quot;Make&#8217;em laugh: una panor\u00e0mca de l&#8217;humorisme actual&quot;<\/em> ha sigut guardonat amb una menci\u00f3 d&#8217;honor del <a target=\"_blank\" href=\"http:\/\/www.upf.edu\/estudiants\/premis\/basespremicomunicacio.html\">Premi Domenec Font al al millor treball de recerca en comunicaci\u00f3 (periodisme, comunicaci\u00f3 audiovisual i publicitat i relacions p\u00fabliques) de la UPF<\/a><\/strong> <\/p>\n<p><span style=\"background-color: transparent; vertical-align: baseline; white-space: pre-wrap;\">Ahir divendres 25 d&#8217;abril, a les cinc de la tarda a l&#8217;Auditori del Campus de la Comunicaci\u00f3, la Facultat de comunicaci\u00f3 de la Universitat Pompeu Fabra va convidar a tots els finalistes del premi a la cerim\u00f2nia de lliurament del premi. <\/span><span style=\"background-color: transparent; vertical-align: baseline; white-space: pre-wrap;\">En l&#8217;acte es van lliurar els premis al primer i als dos segons classificats, aix\u00ed com 7 mencions d&#8217;honor amb obsequis.<\/span><\/p>\n<p><strong>Moltes felicitats!<\/strong><\/p>\n<p><a href=\"https:\/\/plus.google.com\/photos\/109082993004267794892\/albums\/5996908006593736593\/6006708785822668594?sort=1&amp;pid=6006708785822668594&amp;oid=109082993004267794892\" target=\"_blank\"><img decoding=\"async\" src=\"https:\/\/lh5.googleusercontent.com\/hoSiOkrB4Q3SEx9H2F0q_MGURrV-EoDzhM1egZkBoOL0=w220-h164-p-no\" \/><\/a><a href=\"https:\/\/plus.google.com\/photos\/109082993004267794892\/albums\/5996908006593736593\/6006708777693029490?sort=1&amp;pid=6006708777693029490&amp;oid=109082993004267794892\" target=\"_blank\"><img decoding=\"async\" src=\"https:\/\/lh5.googleusercontent.com\/5W129mdFFFSMEoEXnVvfwa7WuPhu7TuUSGCCInqNRubt=w126-h164-p-no\" \/><\/a><\/p>\n","protected":false},"excerpt":{"rendered":"<p>El treball de recerca de l&#8217;Angela S\u00e1nchez Orti (BTX2C) &quot;Make&#8217;em laugh: una panor\u00e0mca de l&#8217;humorisme actual&quot; ha sigut guardonat amb una menci\u00f3 d&#8217;honor del <a target=\"_blank\" href=\"http:\/\/www.upf.edu\/estudiants\/premis\/basespremicomunicacio.html\">Premi Domenec Font al al millor treball de recerca en comunicaci\u00f3 (periodisme, comunicaci\u00f3 audiovisual i publicitat i relacions p\u00fabliques)&hellip;  <a href=\"https:\/\/agora.xtec.cat\/ies-jaumebalmes\/general\/premi-al-treball-de-recerca-de-langela-sanchez-orti\/\" title=\"Read Premi al treball de recerca de l&#8217;Angela S\u00e1nchez Orti\">Llegeix m\u00e9s\u00bb<\/a><\/p>\n","protected":false},"author":3,"featured_media":0,"comment_status":"open","ping_status":"open","sticky":false,"template":"","format":"standard","meta":{"_bbp_topic_count":0,"_bbp_reply_count":0,"_bbp_total_topic_count":0,"_bbp_total_reply_count":0,"_bbp_voice_count":0,"_bbp_anonymous_reply_count":0,"_bbp_topic_count_hidden":0,"_bbp_reply_count_hidden":0,"_bbp_forum_subforum_count":0,"footnotes":""},"categories":[1],"tags":[97,100],"class_list":["post-757","post","type-post","status-publish","format-standard","hentry","category-general","tag-intraweb","tag-noticies"],"post_mailing_queue_ids":[],"_links":{"self":[{"href":"https:\/\/agora.xtec.cat\/ies-jaumebalmes\/wp-json\/wp\/v2\/posts\/757","targetHints":{"allow":["GET"]}}],"collection":[{"href":"https:\/\/agora.xtec.cat\/ies-jaumebalmes\/wp-json\/wp\/v2\/posts"}],"about":[{"href":"https:\/\/agora.xtec.cat\/ies-jaumebalmes\/wp-json\/wp\/v2\/types\/post"}],"author":[{"embeddable":true,"href":"https:\/\/agora.xtec.cat\/ies-jaumebalmes\/wp-json\/wp\/v2\/users\/3"}],"replies":[{"embeddable":true,"href":"https:\/\/agora.xtec.cat\/ies-jaumebalmes\/wp-json\/wp\/v2\/comments?post=757"}],"version-history":[{"count":0,"href":"https:\/\/agora.xtec.cat\/ies-jaumebalmes\/wp-json\/wp\/v2\/posts\/757\/revisions"}],"wp:attachment":[{"href":"https:\/\/agora.xtec.cat\/ies-jaumebalmes\/wp-json\/wp\/v2\/media?parent=757"}],"wp:term":[{"taxonomy":"category","embeddable":true,"href":"https:\/\/agora.xtec.cat\/ies-jaumebalmes\/wp-json\/wp\/v2\/categories?post=757"},{"taxonomy":"post_tag","embeddable":true,"href":"https:\/\/agora.xtec.cat\/ies-jaumebalmes\/wp-json\/wp\/v2\/tags?post=757"}],"curies":[{"name":"wp","href":"https:\/\/api.w.org\/{rel}","templated":true}]}}