{"id":754,"date":"2014-04-24T20:10:52","date_gmt":"2014-04-24T19:10:52","guid":{"rendered":"http:\/\/agora.xtec.cat\/ies-jaumebalmes\/general\/gran-exit-a-les-curses-dorientacio\/"},"modified":"2014-04-24T20:10:52","modified_gmt":"2014-04-24T19:10:52","slug":"gran-exit-a-les-curses-dorientacio","status":"publish","type":"post","link":"https:\/\/agora.xtec.cat\/ies-jaumebalmes\/general\/gran-exit-a-les-curses-dorientacio\/","title":{"rendered":"\u00c3?xit dels nostres orientadors i orientadors en el Campionat de Barcelona de Curses d\u00e2??orientaci\u00f3 i en el Campionat de Catalunya escolar de Vic."},"content":{"rendered":"<p>Dissabte 29 de mar\u00e7 es va acabar la Copa Barcelona amb la cursa realitzada al Parc G\u00fcell. A l\u00e2??acabar es van donar els premis als 3 primers classificats de cada categoria. Volem destacar els resultats obtinguts dels nostres orientadors ocupant 13 dels 18 podis possibles despr\u00e9s de les 6 curses realitzades al llarg de tot el curs:<\/p>\n<ul>\n<li><strong>1a posici\u00f3<\/strong> per <strong>Omar Ould <\/strong>a la categoria cadet mascul\u00ed, <strong>Merc\u00e8 Estiarte<\/strong> a cadet femen\u00ed, <strong>Josep Cabr\u00e9 <\/strong>a juvenil mascul\u00ed i <strong>Andrea Albert <\/strong>a juvenil femen\u00ed.<\/li>\n<li><strong>2a posici\u00f3<\/strong> per <strong>Bruno Gil <\/strong>a infantil mascul\u00ed, <strong>Naia Terra <\/strong>a infantil femen\u00ed, <strong>Marcel Valls<\/strong> a cadet mascul\u00ed, <strong>Helena Ubach <\/strong>a cadet femen\u00ed, <strong>Gerard Torres<\/strong> a juvenil mascul\u00ed i <strong>Elena Carnero<\/strong> a juvenil femen\u00ed.<\/li>\n<li><strong>3a posici\u00f3 <\/strong>per <strong>Elsa Blanco<\/strong> a infantil femen\u00ed, Max Font a juvenil mascul\u00ed i <strong>Caterina Gilli<\/strong> a juvenil femen\u00ed.<\/li>\n<\/ul>\n<p>De la mateixa manera grans resultats dels nostres orientadors en el Campionat de Catalunya escolar realitzat el passat dissabte 5 d\u00e2??abril a Vic amb la realitzaci\u00f3 de 2 curses;&nbsp; una de mitja dist\u00e0ncia pel mat\u00ed i una altra sprint per la tarda.<\/p>\n<ul>\n<li><strong>1a posici\u00f3 <\/strong>per <strong>Laura Trunas <\/strong>a cadet femen\u00ed federat, <strong>Helena Ubach <\/strong>a cadet femen\u00ed, <strong>Marcel Izcara <\/strong>a<strong> <\/strong>cadet mascul\u00ed, <strong>Andrea Albert<\/strong> a juvenil femen\u00ed i <strong>Teo Gil <\/strong>a juvenil mascul\u00ed.<\/li>\n<li><strong>2a posici\u00f3<\/strong> per <strong>Maria Panad\u00e9s<\/strong> a infantil femen\u00ed, <strong>Joanna Chichelnitzky<\/strong> a cadet femen\u00ed i <strong>Elena Carnero<\/strong> a juvenil femen\u00ed<\/li>\n<li>3a posici\u00f3 per <strong>Marcel Valls<\/strong> a cadet mascul\u00ed<\/li>\n<\/ul>\n<p>Felicitats a tots i totes i us animem a continuar buscant fites el curs vinent, i pels que encara no heu provat aquest esport us animem a fer-ho. Ara aneu en compte, ja que hi podeu quedar enganxats!<\/p>\n<p>Aqu\u00ed teniu els resultats finals de les 2 competicions (<a href=\"http:\/\/www.elconsell.cat\/ceeb\/images\/stories\/documentacio1314\/individual\/Curses_orientacio\/20140329%20clasificaci%C3%B3%20general%20final%20Curs%202013-2014.pdf\" target=\"_blank\">Circuit Barcelona Orientaci\u00f3<\/a> i <a target=\"_blank\" href=\"http:\/\/www.google.es\/url?sa=t&amp;rct=j&amp;q=&amp;esrc=s&amp;source=web&amp;cd=9&amp;cad=rja&amp;uact=8&amp;ved=0CFcQFjAI&amp;url=http%3A%2F%2Feltassoorientacio.files.wordpress.com%2F2014%2F02%2Fresultats-sprint.pdf&amp;ei=S_9ZU-f5LbCY0AXiuIDQDA&amp;usg=AFQjCNFsBlfRJdQIVFri1K9hHHa50VTXfA&amp;bvm=bv.65397613,d.d2k\">Campionat de Catalunya Escolar<\/a>) i una selecci\u00f3 de fotos: <\/p>\n<ul>\n<li> <a target=\"_blank\" href=\"https:\/\/plus.google.com\/photos\/109082993004267794892\/albums\/6005908728517035185\">Campionat de Catalunya d&#8217;Orientaci\u00f3 Escolar- Vic 05\/04\/2014<\/a><a target=\"_blank\" href=\"https:\/\/plus.google.com\/photos\/109082993004267794892\/albums\/6005907984667631121\"><\/a><\/li>\n<li><a target=\"_blank\" href=\"https:\/\/plus.google.com\/photos\/109082993004267794892\/albums\/6005907984667631121\">Cursa d&#8217;orientaci\u00f3 al Parc G\u00fcell &#8211; Barcelona 29\/03\/2014 <\/a><\/li>\n<\/ul>\n<p><a target=\"_blank\" href=\"https:\/\/plus.google.com\/photos\/109082993004267794892\/albums\/6005908728517035185\"><img decoding=\"async\" src=\"https:\/\/lh6.googleusercontent.com\/ydanwG5MVrT-ldNEvMWBqh9dU81-swjZ43fdDdyQt37-=w281-h210-p-no\" \/><\/a> <a target=\"_blank\" href=\"https:\/\/plus.google.com\/photos\/109082993004267794892\/albums\/6005907984667631121\"><img decoding=\"async\" src=\"https:\/\/lh5.googleusercontent.com\/95yUZGr7-c4xolj80iq3Wu9f1u8sZIGij7WwsN8ZUhz2=w281-h209-p-no\" \/><\/a><\/p>\n","protected":false},"excerpt":{"rendered":"<p>Dissabte 29 de mar\u00e7 es va acabar la Copa Barcelona amb la cursa realitzada al Parc G\u00fcell. A l\u00e2??acabar es van donar els premis als 3 primers classificats de cada categoria. Volem destacar els resultats obtinguts dels nostres orientadors ocupant 13 dels 18 podis possibles&hellip;  <a href=\"https:\/\/agora.xtec.cat\/ies-jaumebalmes\/general\/gran-exit-a-les-curses-dorientacio\/\" title=\"Read \u00c3?xit dels nostres orientadors i orientadors en el Campionat de Barcelona de Curses d\u00e2??orientaci\u00f3 i en el Campionat de Catalunya escolar de Vic.\">Llegeix m\u00e9s\u00bb<\/a><\/p>\n","protected":false},"author":3,"featured_media":0,"comment_status":"open","ping_status":"open","sticky":false,"template":"","format":"standard","meta":{"_bbp_topic_count":0,"_bbp_reply_count":0,"_bbp_total_topic_count":0,"_bbp_total_reply_count":0,"_bbp_voice_count":0,"_bbp_anonymous_reply_count":0,"_bbp_topic_count_hidden":0,"_bbp_reply_count_hidden":0,"_bbp_forum_subforum_count":0,"footnotes":""},"categories":[1],"tags":[97,100],"class_list":["post-754","post","type-post","status-publish","format-standard","hentry","category-general","tag-intraweb","tag-noticies"],"post_mailing_queue_ids":[],"_links":{"self":[{"href":"https:\/\/agora.xtec.cat\/ies-jaumebalmes\/wp-json\/wp\/v2\/posts\/754","targetHints":{"allow":["GET"]}}],"collection":[{"href":"https:\/\/agora.xtec.cat\/ies-jaumebalmes\/wp-json\/wp\/v2\/posts"}],"about":[{"href":"https:\/\/agora.xtec.cat\/ies-jaumebalmes\/wp-json\/wp\/v2\/types\/post"}],"author":[{"embeddable":true,"href":"https:\/\/agora.xtec.cat\/ies-jaumebalmes\/wp-json\/wp\/v2\/users\/3"}],"replies":[{"embeddable":true,"href":"https:\/\/agora.xtec.cat\/ies-jaumebalmes\/wp-json\/wp\/v2\/comments?post=754"}],"version-history":[{"count":0,"href":"https:\/\/agora.xtec.cat\/ies-jaumebalmes\/wp-json\/wp\/v2\/posts\/754\/revisions"}],"wp:attachment":[{"href":"https:\/\/agora.xtec.cat\/ies-jaumebalmes\/wp-json\/wp\/v2\/media?parent=754"}],"wp:term":[{"taxonomy":"category","embeddable":true,"href":"https:\/\/agora.xtec.cat\/ies-jaumebalmes\/wp-json\/wp\/v2\/categories?post=754"},{"taxonomy":"post_tag","embeddable":true,"href":"https:\/\/agora.xtec.cat\/ies-jaumebalmes\/wp-json\/wp\/v2\/tags?post=754"}],"curies":[{"name":"wp","href":"https:\/\/api.w.org\/{rel}","templated":true}]}}