{"id":748,"date":"2014-03-28T08:06:37","date_gmt":"2014-03-28T07:06:37","guid":{"rendered":"http:\/\/agora.xtec.cat\/ies-jaumebalmes\/general\/preinscripcio-i-matricula-pel-curs-2014-2015\/"},"modified":"2014-03-28T08:06:37","modified_gmt":"2014-03-28T07:06:37","slug":"preinscripcio-i-matricula-pel-curs-2014-2015","status":"publish","type":"post","link":"https:\/\/agora.xtec.cat\/ies-jaumebalmes\/general\/preinscripcio-i-matricula-pel-curs-2014-2015\/","title":{"rendered":"Preinscripci\u00f3 i matr\u00edcula pel curs 2014-2015"},"content":{"rendered":"<h3>Aquesta not\u00edcia ha estat a la portada fins el 6\/6\/2014&#8230;..<\/h3>\n<div> <a target=\"_blank\" href=\"http:\/\/www.gencat.cat\/preinscripcio\/\"> <\/a> <\/p>\n<h3><a target=\"_blank\" href=\"http:\/\/www.gencat.cat\/preinscripcio\/\"><img decoding=\"async\" src=\"http:\/\/www20.gencat.cat\/docs\/canaleducacio\/Home\/Preinscripcio\/Preinscripcio%20i%20matricula\/Imatges%20navegadora%20%20Preinscipcio\/Preinscripcio.jpg\" \/><\/a><br \/><\/h3>\n<\/p><\/div>\n<p>    Els terminis de <strong>presentaci\u00f3 de sol\u00b7licituds<\/strong> per als estudis que afecten al nostre centre (d&#8217;ESO, BTX i FP) s\u00f3n:<\/p>\n<ul>\n<li><strong>ESO<\/strong>: De l&#8217;<strong>11 al 21 de mar\u00e7.<\/strong><\/li>\n<li><strong>Doble titulaci\u00f3 de <a href=\"\/ies-jaumebalmes\/intranet\/index.php?module=Downloads&amp;func=prep_hand_out&amp;lid=635\" target=\"_blank\">BATXILLERAT i BACCALAUR\u00c3?AT<\/a><\/strong>: del <strong>22 al 28 d&#8217;abril<\/strong>.<\/li>\n<li><strong>BATXILLERAT<\/strong>:&nbsp; Del <strong>13 al 23 de maig [Itineraris BTX del centre<\/strong> <a href=\"\/ies-jaumebalmes\/intranet\/index.php?module=Downloads&amp;func=prep_hand_out&amp;lid=644\" target=\"_blank\">BTX1-Di\u00fcrn<\/a> === <a href=\"\/ies-jaumebalmes\/intranet\/index.php?module=Downloads&amp;&lt;span%20id=\" target=\"_blank\">func=prep_hand_out&amp;lid=643&quot;&gt;BTX2-Di\u00fcrn<\/a> === <a href=\"\/ies-jaumebalmes\/intranet\/index.php?module=Downloads&amp;func=prep_hand_out&amp;lid=642\" target=\"_blank\">BTX1-Nocturn<\/a> === <a href=\"\/ies-jaumebalmes\/intranet\/index.php?module=Downloads&amp;func=prep_hand_out&amp;lid=641\" target=\"_blank\">BTX2-Nocturn<\/a><strong>].<\/strong><\/li>\n<li><strong>FP de grau mitj\u00e0<\/strong>: Del <strong>13 de 23 maig<\/strong> (-Sistemes microinform\u00e0tics i xarxes) <\/li>\n<li><strong>FP de grau superior<\/strong>: Del <strong>27 de maig al 6 de juny <\/strong>(-Administraci\u00f3 de sistemes inform\u00e0tics en xarxa i -Desenvolupament d&#8217;aplicacions per a webs [<a href=\"https:\/\/aplitic.xtec.cat\/pls\/apex\/f?p=2012005:1:::NO::F2012005_LANG:ca:\" target=\"_blank\">Formulari de sol\u00b7licitud de la preinscripci\u00f3 per a l&#8217;FP-GS<\/a>]&nbsp;<\/li>\n<\/ul>\n<table width=\"100%\" border=\"0\" bgcolor=\"#A9FFB3\">\n<tbody>\n<tr>\n<td>\n<p>Recordem que l<strong>a preinscripci\u00f3 es pot fer via telem\u00e0tica <\/strong>a trav\u00e9s del web del Departament d&#8217;Ensenyament. <strong>Us animem a escollir aquest opci\u00f3<\/strong> per fer m\u00e9s \u00e0gil aquest tr\u00e0mit. <\/p>\n<p><strong>Formularis de sol\u00b7licitud<\/strong> de la preinscripci\u00f3 per a: <strong>ESO<\/strong> == <strong>BATXIBACC<\/strong>==<strong> BTX<\/strong> == <strong>FP-GM<\/strong> == <strong><a target=\"_blank\" href=\"https:\/\/aplitic.xtec.cat\/pls\/apex\/f?p=2012005:1:::NO::F2012005_LANG:ca:\">FP-GS<\/a><\/strong><\/p>\n<\/td>\n<\/tr>\n<\/tbody>\n<\/table>\n<p> <strong>Al <a target=\"_blank\" href=\"http:\/\/www.gencat.cat\/preinscripcio\/\">Web de Preinscripci\u00f3 i Matriculaci\u00f3<\/a> sempre tindreu la \u00faltima informaci\u00f3 disponible.<\/strong><\/p>\n<h3>Si voleu accedir al material de les nostres portes obertes o als<br \/>\nde les sessions d&#8217;orientaci\u00f3 que hem&nbsp; fet al nostres alumnat, amplieu<br \/>\naquesta not\u00edcia. <\/h3>\n<ul> <\/ul>\n<hr \/>\n<table border=\"0\" bgcolor=\"#ffff99\">\n<tbody>\n<tr>\n<td>\n<h1>Matriculaci\u00f3 de l\u00e2??alumnat pel curs escolar 2014-2015:&nbsp;<\/h1>\n<\/td>\n<\/tr>\n<tr bgcolor=\"#FFCC00\">\n<td>\n<h2><strong>ALUMNAT DE 1r D\u00e2??ESO:<\/strong><strong> Cal matricular-se del 10 al 13 de juny.<\/strong><strong> <\/strong> <\/h2>\n<h1> <\/h1>\n<ul>\n<li><strong>Aqu\u00ed teniu tres documents amb tota la informaci\u00f3 de la matr\u00edcula per al proper curs escolar.<\/strong><\/li>\n<\/ul>\n<blockquote><p><strong><a href=\"\/ies-jaumebalmes\/intranet\/index.php?module=Downloads&amp;func=prep_hand_out&amp;lid=663\" target=\"_blank\">1) MATR\u00cdCULA<\/a> &#8212;&#8212; <a href=\"\/ies-jaumebalmes\/intranet\/index.php?module=Downloads&amp;func=prep_hand_out&amp;lid=662\" target=\"_blank\">2) ASSOCIACI\u00c3? ESPORTIVA ESCOLAR<\/a> i &#8212;&#8212;&#8211; <a href=\"\/ies-jaumebalmes\/intranet\/index.php?module=Downloads&amp;func=prep_hand_out&amp;lid=661\" target=\"_blank\">3) AMPA<\/a> <\/strong><\/p><\/blockquote>\n<ul>\n<li><strong> 30 de juny a les 19h reuni\u00f3 per explicar a les fam\u00edlies del nou alumnat, el sistema de venda i reutilitzaci\u00f3 de llibres (ecoBooks) amb l&#8217;empresa IDDINK<\/strong><\/li>\n<\/ul>\n<ul> <\/ul>\n<\/td>\n<\/tr>\n<tr>\n<td>\n<h2><strong>Calendari de matriculaci\u00f3 de la resta d&#8217;alumnat.<\/strong> Properament tamb\u00e9 hi trobareu aqu\u00ed&nbsp; les carpetes amb la documentaci\u00f3 per a la matriculaci\u00f3 per a la resta de cursos:  <\/h2>\n<ul>\n<li><strong>2n d\u00e2??ESO<\/strong><strong> <\/strong><strong>(<\/strong>l\u00e2??alumnat que a juny ja passi de curs <strong>ha de matricular-se del 23 al 26 de juny, <\/strong>la resta el 4 de setembre de 9h a 13h<strong>) <\/strong><strong> <br \/><\/strong><\/li>\n<li><strong>3r i 4t d\u00e2??ESO <\/strong><strong>(<\/strong>l\u00e2??alumnat que a juny ja passi de curs <strong>ha de matricular-se del 23 al 26 de juny, <\/strong>la resta el 4 de setembre de 9h a 13h<strong>) <\/strong><a target=\"_blank\" href=\"\/ies-jaumebalmes\/intranet\/index.php?module=Downloads&amp;func=prep_hand_out&amp;lid=583\"><strong> <\/strong><\/a><\/li>\n<p><a target=\"_blank\" href=\"\/ies-jaumebalmes\/intranet\/index.php?module=Downloads&amp;func=prep_hand_out&amp;lid=583\"> <\/a> <\/p>\n<li><strong>Batxillerat Di\u00fcrn i Nocturn <\/strong><strong><strong>[ BTX1-Nocturn &#8211; BTX2-Nocturn] <\/strong><\/strong><strong>(l\u00e2??alumnat del centre<\/strong> que a juny ja passi de curs<strong> ha de matricular-se el 27 o 30 de juny, <\/strong>la resta el 4 de setembre de 9h a 13h<strong>) .<\/strong><strong><br \/><\/strong><\/li>\n<li><strong>Matr\u00edcula de l&#8217;alumnat nou al centre, de <\/strong><strong>Batxillerat Di\u00fcrn<\/strong><strong><strong> i <\/strong><\/strong><strong>Nocturn <\/strong><strong><strong>[ BTX1-Nocturn &#8211; BTX2-Nocturn]<\/strong><\/strong><strong>, de l&#8217;1 al 9 de juliol de 9h a 13h.<\/strong><\/li>\n<li><strong>Matr\u00edcula de l&#8217;alumnat de Formaci\u00f3 Professional<\/strong><strong><strong><strong>,<\/strong><\/strong> de l&#8217;1 al 9 de juliol <\/strong><strong><strong>de 9h a 13h<\/strong>.<\/strong><\/li>\n<ul>\n<li><strong>1r FPGM Sistemes microinform\u00e0tics i xarxes<\/strong><\/li>\n<p><strong> <\/strong> <\/p>\n<li><strong>FPGS ASIX Administraci\u00f3 de sistemes inform\u00e0tics en xarxa<\/strong><\/li>\n<p><strong> <\/strong> <\/p>\n<li><strong>FPGS DAW Desenvolupament d&#8217;aplicacions Web<\/strong><\/li>\n<\/ul>\n<\/ul>\n<\/td>\n<\/tr>\n<\/tbody>\n<\/table>\n<p><font size=\"6\">Portes Obertes <\/font><\/p>\n<p><img loading=\"lazy\" decoding=\"async\" width=\"567\" align=\"middle\" height=\"196\" title=\"calendari portes obertes\" alt=\"calendari portes obertes 2014\" src=\"http:\/\/www.xtec.cat\/ies-jaumebalmes\/imatges\/portesobertes2014.jpg\" \/> <\/p>\n<h3><strong>Dissabte 8 de mar\u00e7 de 2014 ===&gt; ESO <\/strong>[<a href=\"\/ies-jaumebalmes\/intranet\/index.php?module=Downloads&amp;func=prep_hand_out&amp;lid=638\" target=\"_blank\">MATERIAL DE LA SESSI\u00c3?<\/a>]&nbsp; [<a href=\"http:\/\/www.gencat.cat\/preinscripcio\" target=\"_blank\">Web Preinscripci\u00f3 i Matriculaci\u00f3<\/a>]&nbsp;<\/h3>\n<h2> <\/h2>\n<h3><strong><strong>Dissabte 22 de mar\u00e7 de 2014 ===&gt;<\/strong> Batxillerat i FP <\/strong>[MATERIAL DE LA SESSI\u00c3?: <a target=\"_blank\" href=\"\/ies-jaumebalmes\/intranet\/index.php?module=Downloads&amp;func=prep_hand_out&amp;lid=650\">Batxillerat<\/a>&nbsp; &#8212; <a target=\"_blank\" href=\"\/ies-jaumebalmes\/intranet\/index.php?module=Downloads&amp;func=prep_hand_out&amp;lid=653\">Formaci\u00f3 Professional<\/a>] <strong>[Itineraris BTX del centre<\/strong> <a href=\"\/ies-jaumebalmes\/intranet\/index.php?module=Downloads&amp;func=prep_hand_out&amp;lid=644\" target=\"_blank\">BTX1-Di\u00fcrn<\/a> === <a href=\"\/ies-jaumebalmes\/intranet\/index.php?module=Downloads&amp;func=prep_hand_out&amp;lid=643\" target=\"_blank\">BTX2-Di\u00fcrn<\/a> === <a href=\"\/ies-jaumebalmes\/intranet\/index.php?module=Downloads&amp;func=prep_hand_out&amp;lid=642\" target=\"_blank\">BTX1-Nocturn<\/a> === <a href=\"\/ies-jaumebalmes\/intranet\/index.php?module=Downloads&amp;func=prep_hand_out&amp;lid=641\" target=\"_blank\">BTX2-Nocturn<\/a><strong>]<\/strong> [<a href=\"http:\/\/www.gencat.cat\/preinscripcio\" target=\"_blank\">Web Preinscripci\u00f3 i Matriculaci\u00f3<\/a>]<\/p>\n<p>  [<a title=\"Per al BTX\" target=\"_blank\" href=\"http:\/\/www20.gencat.cat\/portal\/site\/OVT\/menuitem.8d9f3f7e23c1cd519e629e30b0c0e1a0\/?vgnextoid=6b829fef421bb110VgnVCM1000008d0c1e0aRCRD&amp;vgnextchannel=6b829fef421bb110VgnVCM1000008d0c1e0aRCRD&amp;vgnextfmt=detall&amp;contentid=cb186091bdbaa3106091bdbaa3108d0c1e0aRCRD&amp;idTipusAction=1&amp;idAction=1\">Formulari de sol\u00b7licitud de la preinscripci\u00f3 per al BTX<\/a>]<\/h3>\n<p> <\/p>\n<p><font size=\"6\">Xerrades d&#8217;orientaci\u00f3 pel nostre alumnat i fam\u00edlies (2014) <\/font><\/p>\n<h3>Xerrada &quot;Cicles formatius, sortides professional i itineraris&quot; per alumnat de Batxillerat<br \/><\/h3>\n<ul>\n<li><strong>11 de mar\u00e7 13,30h. Xerrada &quot;Cicles formatius, sortides professional i itineraris&quot;<\/strong> <strong>per alumnat de<br \/>\nBTX interessat. <\/strong>La xerrada de la Lourdes Tamayo t\u00e8cnica en<br \/>\norientaci\u00f3 del Pla Jove del Consorci d&#8217;Educaci\u00f3 de Barcelona. Aqu\u00ed<br \/>\nteniu&nbsp; les presentacions que va utilitzar en la xerrada:<\/li>\n<\/ul>\n<blockquote>\n<ul>\n<li><a href=\"\/ies-jaumebalmes\/intranet\/index.php?module=Downloads&amp;func=prep_hand_out&amp;lid=639\" target=\"_blank\">&quot;Cicles formatius de GRAU MITJ\u00c3?, sortides professional i itineraris&quot;<\/a><\/li>\n<li><a href=\"\/ies-jaumebalmes\/intranet\/index.php?module=Downloads&amp;func=prep_hand_out&amp;lid=640\" target=\"_blank\">&quot;Cicles formatius de GRAU SUPERIOR, sortides professional i itineraris&quot;<\/a><\/li>\n<\/ul>\n<\/blockquote>\n<h3> Xerrada d\u00e2??orientaci\u00f3 pel nostre alumnat de 1r de Batxillerat&nbsp;<br \/>\n    <\/h3>\n<ul>\n<li><strong>24 de mar\u00e7 13.30h: alumnat actual de 1r de BTX<\/strong>. \u00e2??Itineraris 2n de BTX, orientaci\u00f3 i altres sortides\u00e2?\u009d. [<a href=\"\/ies-jaumebalmes\/intranet\/index.php?module=Downloads&amp;func=prep_hand_out&amp;lid=652\" target=\"_blank\">Material de la sessi\u00f3<\/a>] &#8212; [<a target=\"_blank\" href=\"\/ies-jaumebalmes\/intranet\/index.php?module=Downloads&amp;func=prep_hand_out&amp;lid=643\">Itineraris&nbsp;BTX2-Di\u00fcrn<\/a>]&nbsp;<\/li>\n<\/ul>\n<h3>Xerrades d\u00e2??orientaci\u00f3 pel nostre alumnat de 3r i 4t d\u00e2??ESO i les seves fam\u00edlies.<br \/>\n  <\/h3>\n<ul>\n<li><strong>&nbsp;19 de mar\u00e7 10h: alumnat actual de 4t d\u00e2??ESO. <\/strong>&quot;Sortides professionalitzadores&quot;. [<a target=\"_blank\" href=\"\/ies-jaumebalmes\/intranet\/index.php?module=Downloads&amp;func=prep_hand_out&amp;lid=649\">Material de la sessi\u00f3<\/a>]<\/li>\n<\/ul>\n<ul>\n<li><strong>25 de mar\u00e7 11,30h: alumnat actual de 3r d\u00e2??ESO<\/strong>.\u00e2??Presentaci\u00f3 del 4t<br \/>\nd\u00e2??ESO i els diferents itineraris formatius\u00e2?\u009d. [<a target=\"_blank\" href=\"\/ies-jaumebalmes\/intranet\/index.php?module=Downloads&amp;func=prep_hand_out&amp;lid=654\">Material de la sessi\u00f3<\/a>] &#8212;<br \/>\n [<a href=\"\/ies-jaumebalmes\/intranet\/index.php?module=Downloads&amp;func=prep_hand_out&amp;lid=651\" target=\"_blank\">Matr\u00edcula mat\u00e8ries espec\u00edfiques 4t d\u00e2??ESO<\/a>]<\/li>\n<\/ul>\n<ul>\n<li><strong>25 de mar\u00e7 19,30h<\/strong>: reuni\u00f3 amb les<strong> fam\u00edlies de l\u00e2??alumnat actual de 4t d\u00e2??ESO<\/strong>.\u00e2??Sortides<br \/>\n posteriors a l\u00e2??ESO, els diferents itineraris formatius i l\u00e2??organitzaci\u00f3<br \/>\n del Batxillerat al centre\u00e2?\u009d.&nbsp; [<a target=\"_blank\" href=\"\/ies-jaumebalmes\/intranet\/index.php?module=Downloads&amp;func=prep_hand_out&amp;lid=655\">Material de la sessi\u00f3<\/a>] &#8212; [<a target=\"_blank\" href=\"\/ies-jaumebalmes\/intranet\/index.php?module=Downloads&amp;func=prep_hand_out&amp;lid=644\">Itineraris<br \/>\nBTX1-Di\u00fcrn<\/a>] <\/li>\n<\/ul>\n<ul>\n<li><strong>26 de mar\u00e7&nbsp; 10h: alumnat actual de 4t d\u00e2??ESO<\/strong>.\u00e2??Sortides posteriors a<br \/>\n l\u00e2??ESO, els diferents itineraris formatius i l\u00e2??organitzaci\u00f3 del<br \/>\nBatxillerat al centre\u00e2?\u009d. [<a target=\"_blank\" href=\"\/ies-jaumebalmes\/intranet\/index.php?module=Downloads&amp;func=prep_hand_out&amp;lid=655\">Material de la sessi\u00f3<\/a>] &#8212; [<a target=\"_blank\" href=\"\/ies-jaumebalmes\/intranet\/index.php?module=Downloads&amp;func=prep_hand_out&amp;lid=644\">Itineraris<br \/>\nBTX1-Di\u00fcrn<\/a>]&nbsp; <\/li>\n<\/ul>\n<ul>\n<li><strong>26 <\/strong><strong>de mar\u00e7 18h<\/strong>: reuni\u00f3 amb les <strong>fam\u00edlies de l\u00e2??alumnat actual de 3r d\u00e2??ESO<\/strong>.\u00e2??Presentaci\u00f3<br \/>\n del 4t d\u00e2??ESO i els diferents itineraris formatius\u00e2?\u009d. [<a target=\"_blank\" href=\"\/ies-jaumebalmes\/intranet\/index.php?module=Downloads&amp;func=prep_hand_out&amp;lid=654\">Material de la<br \/>\nsessi\u00f3<\/a>] &#8212; [<a href=\"\/ies-jaumebalmes\/intranet\/index.php?module=Downloads&amp;func=prep_hand_out&amp;lid=651\" target=\"_blank\">Matr\u00edcula mat\u00e8ries espec\u00edfiques 4t d\u00e2??ESO<\/a>]<\/li>\n<\/ul>\n","protected":false},"excerpt":{"rendered":"<p>Aquesta not\u00edcia ha estat a la portada fins el 6\/6\/2014&#8230;..<br \/>\n <a target=\"_blank\" href=\"http:\/\/www.gencat.cat\/preinscripcio\/\"> <\/a><br \/>\n<a target=\"_blank\" href=\"http:\/\/www.gencat.cat\/preinscripcio\/\"><\/a><\/p>\n<p>    Els terminis de presentaci\u00f3 de sol\u00b7licituds per als estudis que afecten al nostre centre (d&#8217;ESO, BTX i FP) s\u00f3n:<\/p>\n<ul>\n<li>ESO: De l&#8217;11 al 21 de mar\u00e7.<\/li>\n<li>Doble&hellip;  <a href=\"https:\/\/agora.xtec.cat\/ies-jaumebalmes\/general\/preinscripcio-i-matricula-pel-curs-2014-2015\/\" title=\"Read Preinscripci\u00f3 i matr\u00edcula pel curs 2014-2015\">Llegeix m\u00e9s\u00bb<\/a><br \/>\n","protected":false},"author":3,"featured_media":0,"comment_status":"open","ping_status":"open","sticky":false,"template":"","format":"standard","meta":{"_bbp_topic_count":0,"_bbp_reply_count":0,"_bbp_total_topic_count":0,"_bbp_total_reply_count":0,"_bbp_voice_count":0,"_bbp_anonymous_reply_count":0,"_bbp_topic_count_hidden":0,"_bbp_reply_count_hidden":0,"_bbp_forum_subforum_count":0,"footnotes":""},"categories":[1],"tags":[97,100],"class_list":["post-748","post","type-post","status-publish","format-standard","hentry","category-general","tag-intraweb","tag-noticies"],"post_mailing_queue_ids":[],"_links":{"self":[{"href":"https:\/\/agora.xtec.cat\/ies-jaumebalmes\/wp-json\/wp\/v2\/posts\/748","targetHints":{"allow":["GET"]}}],"collection":[{"href":"https:\/\/agora.xtec.cat\/ies-jaumebalmes\/wp-json\/wp\/v2\/posts"}],"about":[{"href":"https:\/\/agora.xtec.cat\/ies-jaumebalmes\/wp-json\/wp\/v2\/types\/post"}],"author":[{"embeddable":true,"href":"https:\/\/agora.xtec.cat\/ies-jaumebalmes\/wp-json\/wp\/v2\/users\/3"}],"replies":[{"embeddable":true,"href":"https:\/\/agora.xtec.cat\/ies-jaumebalmes\/wp-json\/wp\/v2\/comments?post=748"}],"version-history":[{"count":0,"href":"https:\/\/agora.xtec.cat\/ies-jaumebalmes\/wp-json\/wp\/v2\/posts\/748\/revisions"}],"wp:attachment":[{"href":"https:\/\/agora.xtec.cat\/ies-jaumebalmes\/wp-json\/wp\/v2\/media?parent=748"}],"wp:term":[{"taxonomy":"category","embeddable":true,"href":"https:\/\/agora.xtec.cat\/ies-jaumebalmes\/wp-json\/wp\/v2\/categories?post=748"},{"taxonomy":"post_tag","embeddable":true,"href":"https:\/\/agora.xtec.cat\/ies-jaumebalmes\/wp-json\/wp\/v2\/tags?post=748"}],"curies":[{"name":"wp","href":"https:\/\/api.w.org\/{rel}","templated":true}]}}