{"id":745,"date":"2014-03-14T13:20:40","date_gmt":"2014-03-14T12:20:40","guid":{"rendered":"http:\/\/agora.xtec.cat\/ies-jaumebalmes\/general\/xerrada-cicles-formatius-sortides-professional-i-itineraris\/"},"modified":"2014-03-14T13:20:40","modified_gmt":"2014-03-14T12:20:40","slug":"xerrada-cicles-formatius-sortides-professional-i-itineraris","status":"publish","type":"post","link":"https:\/\/agora.xtec.cat\/ies-jaumebalmes\/general\/xerrada-cicles-formatius-sortides-professional-i-itineraris\/","title":{"rendered":"Xerrada &#8220;Cicles formatius, sortides professional i itineraris&#8221;"},"content":{"rendered":"<p>Aquest dimarts 11 de mar\u00e7 es va fer una xerrada d&#8217;orientaci\u00f3 per alumnat de BTX interessat. La xerrada la va fer en Lourdes Tamayo t\u00e8cnica en orientaci\u00f3 del Pla Jove del Consorci d&#8217;Educaci\u00f3 de Barcelona. Aqu\u00ed teniu&nbsp; les presentacions que va utilitzar en la xerrada:<\/p>\n<ul>\n<li><a href=\"\/ies-jaumebalmes\/intranet\/index.php?module=Downloads&amp;func=prep_hand_out&amp;lid=639\" target=\"_blank\">&quot;Cicles formatius de GRAU MITJ\u00c3?, sortides professional i itineraris&quot;<\/a><\/li>\n<li><a href=\"\/ies-jaumebalmes\/intranet\/index.php?module=Downloads&amp;func=prep_hand_out&amp;lid=640\" target=\"_blank\">&quot;Cicles formatius de GRAU SUPERIOR, sortides professional i itineraris&quot;<\/a><\/li>\n<\/ul>\n","protected":false},"excerpt":{"rendered":"<p>Aquest dimarts 11 de mar\u00e7 es va fer una xerrada d&#8217;orientaci\u00f3 per alumnat de BTX interessat. La xerrada la va fer en Lourdes Tamayo t\u00e8cnica en orientaci\u00f3 del Pla Jove del Consorci d&#8217;Educaci\u00f3 de Barcelona. Aqu\u00ed teniu&nbsp; les presentacions que va utilitzar en la xerrada:<\/p>\n<ul>\n<li><a&hellip;  <a href=\"https:\/\/agora.xtec.cat\/ies-jaumebalmes\/general\/xerrada-cicles-formatius-sortides-professional-i-itineraris\/\" title=\"Read Xerrada &#8220;Cicles formatius, sortides professional i itineraris&#8221;\">Llegeix m\u00e9s\u00bb<\/a><br \/>\n","protected":false},"author":3,"featured_media":0,"comment_status":"open","ping_status":"open","sticky":false,"template":"","format":"standard","meta":{"_bbp_topic_count":0,"_bbp_reply_count":0,"_bbp_total_topic_count":0,"_bbp_total_reply_count":0,"_bbp_voice_count":0,"_bbp_anonymous_reply_count":0,"_bbp_topic_count_hidden":0,"_bbp_reply_count_hidden":0,"_bbp_forum_subforum_count":0,"footnotes":""},"categories":[1],"tags":[97,100],"class_list":["post-745","post","type-post","status-publish","format-standard","hentry","category-general","tag-intraweb","tag-noticies"],"post_mailing_queue_ids":[],"_links":{"self":[{"href":"https:\/\/agora.xtec.cat\/ies-jaumebalmes\/wp-json\/wp\/v2\/posts\/745","targetHints":{"allow":["GET"]}}],"collection":[{"href":"https:\/\/agora.xtec.cat\/ies-jaumebalmes\/wp-json\/wp\/v2\/posts"}],"about":[{"href":"https:\/\/agora.xtec.cat\/ies-jaumebalmes\/wp-json\/wp\/v2\/types\/post"}],"author":[{"embeddable":true,"href":"https:\/\/agora.xtec.cat\/ies-jaumebalmes\/wp-json\/wp\/v2\/users\/3"}],"replies":[{"embeddable":true,"href":"https:\/\/agora.xtec.cat\/ies-jaumebalmes\/wp-json\/wp\/v2\/comments?post=745"}],"version-history":[{"count":0,"href":"https:\/\/agora.xtec.cat\/ies-jaumebalmes\/wp-json\/wp\/v2\/posts\/745\/revisions"}],"wp:attachment":[{"href":"https:\/\/agora.xtec.cat\/ies-jaumebalmes\/wp-json\/wp\/v2\/media?parent=745"}],"wp:term":[{"taxonomy":"category","embeddable":true,"href":"https:\/\/agora.xtec.cat\/ies-jaumebalmes\/wp-json\/wp\/v2\/categories?post=745"},{"taxonomy":"post_tag","embeddable":true,"href":"https:\/\/agora.xtec.cat\/ies-jaumebalmes\/wp-json\/wp\/v2\/tags?post=745"}],"curies":[{"name":"wp","href":"https:\/\/api.w.org\/{rel}","templated":true}]}}