{"id":737,"date":"2014-02-14T09:27:40","date_gmt":"2014-02-14T08:27:40","guid":{"rendered":"http:\/\/agora.xtec.cat\/ies-jaumebalmes\/general\/orientacio-i-preinscripcio-a-la-selectivitat-pau\/"},"modified":"2014-02-14T09:27:40","modified_gmt":"2014-02-14T08:27:40","slug":"orientacio-i-preinscripcio-a-la-selectivitat-pau","status":"publish","type":"post","link":"https:\/\/agora.xtec.cat\/ies-jaumebalmes\/general\/orientacio-i-preinscripcio-a-la-selectivitat-pau\/","title":{"rendered":"Orientaci\u00f3 i preinscripci\u00f3 a la selectivitat (PAU)"},"content":{"rendered":"<p>Les<br \/>\n sessions de tutoria de 2n de Batxillerat d&#8217;aquesta setmana les dediquem<br \/>\n a parlar sobre l&#8217;orientaci\u00f3 en general, per\u00f2 especialment de&nbsp; les PAU 2014 i el seu calendari (prematr\u00edcula,<br \/>\nmatr\u00edcula, etc.). <strong>La prematr\u00edcula s&#8217;ha de fer del 19\/2 al 3\/3\/2014<\/strong>. <\/p>\n<ul>\n<li>Sessi\u00f3 per a l&#8217;alumnat de <strong>2n de Batxillerat-Di\u00fcrn: dimarts 18\/2 a les 13,30h a la sala d&#8217;actes.<\/strong><\/li>\n<li><strong><\/strong>Sessi\u00f3 per a l&#8217;alumnat de<strong> 2n de Batxillerat-Nocturn: dimarts 18\/2 a les 17,30h a l&#8217;aula A11<\/strong><\/li>\n<\/ul>\n<p>\n  Ja teniu disponible la <a target=\"_blank\" href=\"\/ies-jaumebalmes\/intranet\/index.php?module=Downloads&amp;func=prep_hand_out&amp;lid=634\">documentaci\u00f3 de la sessi\u00f3<\/a> a <a target=\"_blank\" href=\"\/ies-jaumebalmes\/intranet\/index.php?module=Downloads&amp;func=sublevel&amp;cid=28&amp;start=0\">DOCUMENTS P\u00c3?BLICS | BATXILLERAT<\/a><\/p>\n<p>A m\u00e9s l&#8217;Ajuntament de&nbsp; Barcelona de gener a&nbsp; abril 2014 t\u00e9 el programa <a href=\"http:\/\/www.informat.cat\/ca\" target=\"_blank\">INFORMA&#8217;T<\/a><\/p>\n","protected":false},"excerpt":{"rendered":"<p>Les<br \/>\n sessions de tutoria de 2n de Batxillerat d&#8217;aquesta setmana les dediquem<br \/>\n a parlar sobre l&#8217;orientaci\u00f3 en general, per\u00f2 especialment de&nbsp; les PAU 2014 i el seu calendari (prematr\u00edcula,<br \/>\nmatr\u00edcula, etc.). La prematr\u00edcula s&#8217;ha de fer del 19\/2 al 3\/3\/2014. <\/p>\n<ul>\n<li>Sessi\u00f3 per a l&#8217;alumnat de 2n&hellip;  <a href=\"https:\/\/agora.xtec.cat\/ies-jaumebalmes\/general\/orientacio-i-preinscripcio-a-la-selectivitat-pau\/\" title=\"Read Orientaci\u00f3 i preinscripci\u00f3 a la selectivitat (PAU)\">Llegeix m\u00e9s\u00bb<\/a><br \/>\n","protected":false},"author":3,"featured_media":0,"comment_status":"open","ping_status":"open","sticky":false,"template":"","format":"standard","meta":{"_bbp_topic_count":0,"_bbp_reply_count":0,"_bbp_total_topic_count":0,"_bbp_total_reply_count":0,"_bbp_voice_count":0,"_bbp_anonymous_reply_count":0,"_bbp_topic_count_hidden":0,"_bbp_reply_count_hidden":0,"_bbp_forum_subforum_count":0,"footnotes":""},"categories":[1],"tags":[97,100],"class_list":["post-737","post","type-post","status-publish","format-standard","hentry","category-general","tag-intraweb","tag-noticies"],"post_mailing_queue_ids":[],"_links":{"self":[{"href":"https:\/\/agora.xtec.cat\/ies-jaumebalmes\/wp-json\/wp\/v2\/posts\/737","targetHints":{"allow":["GET"]}}],"collection":[{"href":"https:\/\/agora.xtec.cat\/ies-jaumebalmes\/wp-json\/wp\/v2\/posts"}],"about":[{"href":"https:\/\/agora.xtec.cat\/ies-jaumebalmes\/wp-json\/wp\/v2\/types\/post"}],"author":[{"embeddable":true,"href":"https:\/\/agora.xtec.cat\/ies-jaumebalmes\/wp-json\/wp\/v2\/users\/3"}],"replies":[{"embeddable":true,"href":"https:\/\/agora.xtec.cat\/ies-jaumebalmes\/wp-json\/wp\/v2\/comments?post=737"}],"version-history":[{"count":0,"href":"https:\/\/agora.xtec.cat\/ies-jaumebalmes\/wp-json\/wp\/v2\/posts\/737\/revisions"}],"wp:attachment":[{"href":"https:\/\/agora.xtec.cat\/ies-jaumebalmes\/wp-json\/wp\/v2\/media?parent=737"}],"wp:term":[{"taxonomy":"category","embeddable":true,"href":"https:\/\/agora.xtec.cat\/ies-jaumebalmes\/wp-json\/wp\/v2\/categories?post=737"},{"taxonomy":"post_tag","embeddable":true,"href":"https:\/\/agora.xtec.cat\/ies-jaumebalmes\/wp-json\/wp\/v2\/tags?post=737"}],"curies":[{"name":"wp","href":"https:\/\/api.w.org\/{rel}","templated":true}]}}