{"id":733,"date":"2014-01-23T13:28:04","date_gmt":"2014-01-23T12:28:04","guid":{"rendered":"http:\/\/agora.xtec.cat\/ies-jaumebalmes\/general\/calendari-de-les-activitats-del-centre-gener-a-marc-de-2014\/"},"modified":"2014-01-23T13:28:04","modified_gmt":"2014-01-23T12:28:04","slug":"calendari-de-les-activitats-del-centre-gener-a-marc-de-2014","status":"publish","type":"post","link":"https:\/\/agora.xtec.cat\/ies-jaumebalmes\/general\/calendari-de-les-activitats-del-centre-gener-a-marc-de-2014\/","title":{"rendered":"Calendari de les activitats del centre gener a mar\u00e7 de 2014"},"content":{"rendered":"<p>Avui hem enviat un correu electr\u00f2nic a les fam\u00edlies amb el&nbsp;<strong><a target=\"_blank\" href=\"http:\/\/www.google.com\/calendar\/embed?src=a8013111%40xtec.cat&amp;ctz=Europe\/Madrid\">Calendari de les activitats del centre gener a mar\u00e7 de 2014<\/a>, incloses <a href=\"\/ies-jaumebalmes\/intranet\/index.php?module=Downloads&amp;func=prep_hand_out&amp;lid=624\" target=\"_blank\">les activitats que formen part del Pla d&#8217;Acci\u00f3 Tutorial (PAT)<\/a> i altres informacions i recordatoris importants<\/strong>.<\/p>\n<p>Si no us ha arribar i voleu que us incorporem als destinataris<br \/>\nd&#8217;aquestes trameses peri\u00f2diques cal que envieu un correu al centre<br \/>\na801311@xtec.cat indicant el Nom i Cognom de l&#8217;alumne, grup classe i el<br \/>\nvostre correu electr\u00f2nic i manifestant que voleu rebre les informacions<br \/>\nper correu electr\u00f2nic.<\/p>\n<div class=\"gmail_quote\">\n<div class=\"gmail_quote\"><font size=\"4\"><span lang=\"CA\" style=\"font-family: Arial;\">Benvolgudes fam\u00edlies,<\/span><\/font><\/p>\n<div class=\"gmail_quote\">\n<p style=\"text-align: justify;\" class=\"MsoNormal\"><strong><span lang=\"CA\" style=\"font-family: Arial;\"> <\/span><\/strong><span lang=\"CA\" style=\"font-family: Arial;\"><\/span><\/p>\n<p><font size=\"6\"><span>1) Calendari<\/span> de les activitats del centre<\/font><\/p>\n<p style=\"text-align: justify;\" class=\"MsoNormal\"><font size=\"4\"> <strong>Des de finals d&#8217;octubre estem utilitzant el <span>Calendari<\/span> del <span>Google<\/span><\/strong> per fer p\u00fablic el <a target=\"_blank\" href=\"http:\/\/www.google.com\/calendar\/embed?src=a8013111%40xtec.cat&amp;ctz=Europe\/Madrid\"><span>Calendari<\/span> de les activitats del centre<\/a>. <\/p>\n<p>Les millores s\u00f3n moltes. Per exemple:<br \/><\/font><\/p>\n<ul>\n<li><font size=\"4\">la publicaci\u00f3 i actualitzacions s\u00f3n instant\u00e0nies. Aix\u00ed doncs no cal reenviar-les.<br \/><\/font><\/li>\n<li><font size=\"4\"><font size=\"4\">sempre que es t\u00e9 connexi\u00f3 web <\/font>est\u00e0 disponible i s&#8217;hi pot accedir amb diversos&nbsp; perif\u00e8rics (ordinadors, tauletes, tel\u00e8fons, etc).<br \/> <\/font><\/li>\n<li><font size=\"4\">es pot visualitzar en diversos formats: dia, setmana, mes, agenda, etc.<br \/><\/font><\/li>\n<li><font size=\"4\">el tenim publicat a mida redu\u00efda en un bloc a l&#8217;esquerra de la portada de la IntraWeb <a target=\"_blank\" href=\"\/ies-jaumebalmes\/intranet\">http:\/\/agora.xtec.cat\/ies-<wbr \/>jaumebalmes\/intranet<\/a> i tamb\u00e9 podeu <a target=\"_blank\" href=\"https:\/\/www.google.com\/calendar\/embed?src=a8013111@xtec.cat&amp;ctz=Europe\/Madrid\">visualitzar-lo en format gran<\/a> (al bloc Altres Servei Web de l&#8217;Institut teniu l&#8217;enlla\u00e7 corresponent).<\/font><\/li>\n<li><font size=\"4\">els usuaris dels calendaris del Google es poden passar al seu calendari les anotacions que vulguin.<\/font><\/li>\n<\/ul><\/div>\n<div class=\"gmail_quote\">\n<p style=\"text-align: justify;\" class=\"MsoNormal\"> <span lang=\"CA\" style=\"font-family: Arial;\"><\/span><\/p>\n<p style=\"text-align: justify;\" class=\"MsoNormal\"><span lang=\"CA\" style=\"font-family: Arial;\"><\/span><\/p>\n<p style=\"text-align: justify;\" class=\"MsoNormal\"> <span lang=\"CA\" style=\"font-family: Arial;\"><\/span><\/p>\n<p style=\"text-align: justify;\" class=\"MsoNormal\"><font size=\"6\"><span lang=\"CA\" style=\"font-family: Arial;\">2) A<\/span><\/font><font size=\"4\"><font size=\"4\"><font size=\"6\">ctivitats que formen part del Pla d&#8217;Acci\u00f3 Tutorial (PAT) per aquests mesos. <br \/> <\/font><\/font><\/font><\/p>\n<p style=\"text-align: justify;\" class=\"MsoNormal\"><font size=\"4\"><font size=\"4\">A Documents P\u00fablics de la intraWeb <a target=\"_blank\" href=\"\/ies-jaumebalmes\/intranet\/index.php?module=Downloads&amp;func=prep_hand_out&amp;lid=624\">teniu el document.<\/a><br \/> <\/font><\/font><\/p>\n<p><\/p>\n<div><font size=\"4\"><span lang=\"CA\" style=\"line-height: 150%;\"><font size=\"6\">3) Campanyes solid\u00e0ries Nadal 2013<\/font><br \/><\/span><\/font><\/div>\n<div><font size=\"4\">A la IntraWeb teniu el <a target=\"_blank\" href=\"\/ies-jaumebalmes\/intranet\/index.php?module=Downloads&amp;func=prep_hand_out&amp;lid=621\">resum de com han anat les campanyes del Banc d&#8217;aliments i pastissos solidaris d&#8217;aquest Nadal 2013.<\/a> Felicitats a totes i tots els<br \/>\nque ho heu fet possible<\/font><\/p>\n<p><font size=\"4\"> <span lang=\"CA\" style=\"line-height: 150%;\"><\/span><\/font> <\/p>\n<p style=\"text-align: justify; line-height: 150%;\" class=\"MsoNormal\"><font size=\"6\"> <\/font><font size=\"4\"><span lang=\"CA\" style=\"line-height: 150%;\"><\/span><\/font><\/p>\n<\/p><\/div>\n<div><font size=\"6\">4) 30 de gener: Dia Escolar Mundial de la No Viol\u00e8ncia i la Pau<\/font><\/div>\n<div>\n<p style=\"text-align: justify;\" class=\"MsoNormal\"> <span dir=\"ltr\"><span lang=\"CA\" style=\"font-family: Arial;\"><\/span><\/span><\/p>\n<p style=\"text-align: justify;\" class=\"MsoNormal\"><span dir=\"ltr\"><span lang=\"CA\" style=\"font-family: Arial;\"><\/span><\/span><\/p>\n<p style=\"text-align: justify;\" class=\"MsoNormal\"><font size=\"4\">El proper<br \/>\n 30 de gener \u00e9s el dia Escolar de la No Viol\u00e8ncia i la Pau, dia que<br \/>\nl&#8217;institut celebra amb tot un seguit d&#8217;activitats que es realitzen al<br \/>\nvoltant d&#8217;aquesta data:<br \/> <\/font><\/p>\n<p style=\"text-align: justify;\" class=\"MsoNormal\">\n<p class=\"MsoNormal\"><\/p>\n<p class=\"MsoNormal\"><span lang=\"CA\" style=\"font-size: 14pt;\">Activitats de tutoria:<\/span><\/p>\n<p style=\"margin-left: 36pt;\" class=\"MsoNormal\"><span lang=\"CA\" style=\"font-size: 14pt; font-family: Symbol;\">\u00b7<span style=\"font: 7pt &quot;Times New Roman&quot;;\"> <\/span><\/span><span lang=\"CA\" style=\"font-size: 14pt;\">1r d\u00e2??ESO: <strong>Projecci\u00f3 de la pel\u00b7l\u00edcula \u00e2??Invictus\u00e2?\u009d <\/strong>(2010) i<br \/>\nposterior posada en com\u00fa.<\/span><\/p>\n<p style=\"margin-left: 36pt;\" class=\"MsoNormal\"><span lang=\"CA\" style=\"font-size: 14pt; font-family: Symbol;\">\u00b7<span style=\"font: 7pt &quot;Times New Roman&quot;;\"> <\/span><\/span><span lang=\"CA\" style=\"font-size: 14pt;\">2n d\u00e2??ESO: Activitats de tutoria: <strong>Test de cultura de la PAU<\/strong> <\/span><\/p>\n<p style=\"margin-left: 36pt;\" class=\"MsoNormal\"><span lang=\"CA\" style=\"font-size: 14pt; font-family: Symbol;\">\u00b7<span style=\"font: 7pt &quot;Times New Roman&quot;;\"> <\/span><\/span><span lang=\"CA\" style=\"font-size: 14pt;\">3r d\u00e2??ESO: <strong>Projecci\u00f3 de la pel\u00b7l\u00edcula \u00e2??De mayor quiero ser soldado\u00e2?\u009d<\/strong><br \/>\n(2011) i posada en com\u00fa<\/span><\/p>\n<p style=\"margin-left: 36pt;\" class=\"MsoNormal\"><span lang=\"CA\" style=\"font-size: 14pt; font-family: Symbol;\">\u00b7<span style=\"font: 7pt &quot;Times New Roman&quot;;\"> <\/span><\/span><span lang=\"CA\" style=\"font-size: 14pt;\">4t d\u00e2??ESO: <strong>Projecci\u00f3 del documental \u00e2??Bowling for Columbine\u00e2?\u009d<\/strong><br \/>\n(2003) i posada en com\u00fa<\/span><\/p>\n<p class=\"MsoNormal\"><span lang=\"CA\" style=\"font-size: 14pt;\"> <\/span><\/p>\n<p class=\"MsoNormal\"><span lang=\"CA\" style=\"font-size: 14pt;\">Per a tot l\u00e2??institut:<\/span><span lang=\"CA\" style=\"font-size: 14pt; font-family: &quot;Times New Roman&quot;;\"><\/span><\/p>\n<p style=\"margin-left: 54pt;\"><span lang=\"CA\" style=\"font-size: 14pt; font-family: Symbol;\">\u00b7<span style=\"font: 7pt &quot;Times New Roman&quot;;\"> <\/span><\/span><span lang=\"CA\" style=\"font-size: 14pt;\">Exposici\u00f3 \u00e2??<strong><span>Seriosament\u00e2?\u00a625<br \/>\narguments per a la pau en c\u00f2mic\u00e2?\u009d<\/span><\/strong> <br \/><\/span><\/p>\n<p style=\"margin-left: 54pt;\"><span lang=\"CA\" style=\"font-size: 14pt; font-family: Symbol;\">\u00b7<span style=\"font: 7pt &quot;Times New Roman&quot;;\"> <\/span><\/span><span lang=\"CA\" style=\"font-size: 14pt;\">Exposici\u00f3: \u00e2??La paraula PAU en 70 idiomes\u00e2?\u009d Per tot l\u00e2??institut.<\/span><\/p>\n<p style=\"margin-left: 54pt;\"><span lang=\"CA\" style=\"font-size: 14pt; font-family: Symbol;\">\u00b7<span style=\"font: 7pt &quot;Times New Roman&quot;;\"> <\/span><\/span><span lang=\"CA\" style=\"font-size: 14pt;\">Commemoraci\u00f3 de la vida de Nelson Mandela: <strong>Xerrada sobre la vida i<br \/>\nla lluita de Nelson Mandela<\/strong>, projecci\u00f3 de la <strong>pel\u00b7l\u00edcula \u00e2??In my country\u00e2?\u009d <\/strong>(2004)<strong> <\/strong>dirigida per J. Boornam i interpretada per Samuel<span> <\/span>L. Jackson i Juliette Binoche.<span> <\/span>La pel\u00b7l\u00edcula mostra el proc\u00e9s empr\u00e8s pel govern de Mandela mitjan\u00e7ant<br \/>\nla Comissi\u00f3 per a la veritat i la reconciliaci\u00f3. Posterior cinef\u00f2rum.<\/span><span lang=\"CA\" style=\"font-size: 14pt; font-family: &quot;Times New Roman&quot;;\"><\/span><\/p>\n<p style=\"margin-left: 54pt;\"><span lang=\"CA\" style=\"font-size: 14pt; font-family: Symbol;\">\u00b7<span style=\"font: 7pt &quot;Times New Roman&quot;;\"> <\/span><\/span><strong><span lang=\"CA\" style=\"font-size: 14pt;\">Participaci\u00f3 al DENIP<\/span><\/strong><span lang=\"CA\" style=\"font-size: 14pt;\"> <strong>20<a name=\"143bf0e9fa496144_143befbbf39587ef_143befaf29c3d9ce_143b5bf8e48e7f37__GoBack\"><\/a>14<\/strong> de l\u00e2??ONG:<br \/>\nFundaci\u00f3 per la PAU<\/span><span lang=\"CA\" style=\"font-size: 14pt; font-family: &quot;Times New Roman&quot;;\"><\/span><\/p>\n<p style=\"text-align: justify;\" class=\"MsoNormal\"><span dir=\"ltr\"><span lang=\"CA\" style=\"font-family: Arial;\"><\/span><\/span><\/p>\n<p><font size=\"4\"><span lang=\"CA\" style=\"font-family: Arial;\"><\/span><\/font><font size=\"6\">5)<\/font><span dir=\"ltr\"><span lang=\"CA\" style=\"font-family: Arial;\"><font size=\"6\"> La comunicaci\u00f3 centre-fam\u00edlies<br \/>\n<\/font><\/p>\n<p><font size=\"4\">\u00c3?s b\u00e0sica per tal d\u00e2??aconseguir una millor formaci\u00f3 de l\u00e2??alumnat i una millor conviv\u00e8ncia:<\/font><\/span><\/span><font size=\"4\"> <\/font>\n        <\/div>\n<\/p><\/div>\n<\/p><\/div>\n<\/p><\/div>\n<ul>\n<li><font size=\"4\"><span lang=\"CA\" style=\"font-family: Arial;\"><\/span><span lang=\"CA\" style=\"font-family: Symbol;\"><span style=\"font-family: 'Times New Roman';\"><\/span><\/span><span dir=\"ltr\"><span lang=\"CA\" style=\"font-family: Arial;\">El <strong>correu electr\u00f2nic<\/strong> \u00e9s el<br \/>\nmitj\u00e0 b\u00e0sic de comunicaci\u00f3 i sabeu que tant a trav\u00e9s del web del centre com a trav\u00e9s<br \/>\ndel web de seguiment de faltes i retards podeu enviar correus<\/span><\/span><span lang=\"CA\" style=\"font-family: Arial;\"> <\/span><span lang=\"CA\" style=\"font-family: Arial;\">electr\u00f2nics que rebrem, de moment l\u00e2??equip directiu, i<br \/>\nque volem acabi rebent el professorat.<\/span><\/font><\/li>\n<li><font size=\"4\"><span lang=\"CA\" style=\"font-family: Symbol;\"><span style=\"font-family: 'Times New Roman';\"> <\/span><\/span><span dir=\"ltr\"><span lang=\"CA\" style=\"font-family: Arial;\">A <strong>l&#8217;IntraWeb del centre (<a target=\"_blank\" href=\"\/ies-jaumebalmes\/intranet\">http:\/\/agora.xtec.cat\/ies-<wbr \/>jaumebalmes\/intranet<\/a>)<\/strong>&nbsp; podeu trobar informaci\u00f3 constant i<br \/>\nactualitzada de:<\/span><\/span><\/font><\/li>\n<\/ul>\n<p><font size=\"4\"> <\/font><\/p>\n<p style=\"margin-left: 42.24pt;\"><font size=\"4\"><span lang=\"CA\" style=\"font-family: &quot;Courier New&quot;;\">o<span style=\"font-family: 'Times New Roman';\"> <strong> <a target=\"_blank\" href=\"\/ies-jaumebalmes\/intranet\/index.php?module=Downloads&amp;func=sublevel&amp;cid=38&amp;start=0\"> <\/a><\/strong><\/span><\/span><span dir=\"ltr\"><span lang=\"CA\" style=\"font-family: Arial;\"><strong><a target=\"_blank\" href=\"\/ies-jaumebalmes\/intranet\/index.php?module=Downloads&amp;func=sublevel&amp;cid=38&amp;start=0\">A <span style=\"color: windowtext; text-decoration: none;\">DOCUMENTS<br \/>\nP\u00c3?BLICS<\/span><\/a><a target=\"_blank\" href=\"\/ies-jaumebalmes\/intranet\/index.php?module=Downloads&amp;func=sublevel&amp;cid=38&amp;start=0\"><span style=\"color: windowtext; text-decoration: none;\"><\/span><\/a><a> |<\/a> DOCUMENTS DEL CENTRE; PEC i ALTRES DOCUMENTS<\/strong><\/span><strong>:<\/strong> Hi trobareu els Equips Docents del curs, Projecte educatiu de<br \/>\ncentre, el PAT (Pla d&#8217;Acci\u00f3 Tutorial), Projecte cultural, el NOFC (Normes d\u00e2??organitzaci\u00f3 i<br \/>\nfuncionament de centre) revisat i aprovat pel C.Escolar el curs passat,<br \/>\nels criteris d&#8217;avaluaci\u00f3 d&#8217;ESO i Batxillerat d&#8217;aquest curs, resultats de les avaluacions externes.<br \/><\/span><\/font><\/p>\n<p><font size=\"4\"> <\/font><\/p>\n<p style=\"margin-left: 42.24pt;\"><font size=\"4\"><span lang=\"CA\" style=\"font-family: &quot;Courier New&quot;;\">o<span style=\"font-family: 'Times New Roman';\"> <\/span><\/span><span dir=\"ltr\"><span lang=\"CA\" style=\"font-family: Arial;\">A <strong><a target=\"_blank\" href=\"\/ies-jaumebalmes\/intranet\/index.php?module=Downloads&amp;func=sublevel&amp;cid=9\"><span style=\"color: windowtext; text-decoration: none;\">DOCUMENTS P\u00c3?BLICS<\/span><\/a>:<\/strong> hi trobareu el calendari amb totes les<br \/>\n<span>activitats<\/span> que es fan al centre, diferenciant les que depenen dels diferents<br \/>\ndepartaments i seminaris, les que ajuden a desenvolupar el PAT, les<br \/>\norganitzades pel centre, les reunions informatives, Informaci\u00f3 sobre<br \/>\nconfer\u00e8ncies, diferents campanyes solid\u00e0ries, etc&#8230;.<\/span><\/span><\/font><\/p>\n<p><font size=\"4\"> <\/font><\/p>\n<p style=\"margin-left: 42.24pt;\"><font size=\"4\"><span lang=\"CA\" style=\"font-family: &quot;Courier New&quot;;\">o<span style=\"font-family: 'Times New Roman';\"> <\/span><\/span><span dir=\"ltr\"><span lang=\"CA\" style=\"font-family: Arial;\">A la <strong><a target=\"_blank\" href=\"https:\/\/plus.google.com\/u\/0\/photos\/109082993004267794892\/albums\"><span style=\"color: windowtext; text-decoration: none;\">GALERIA MULTIM\u00c3?DIA<\/span><\/a><\/strong>: podeu trobar una selecci\u00f3 de fotos de les<br \/>\ndiferents <span>activitats<\/span> i sortides que es van realitzant al llarg del curs. i tamb\u00e9 algun v\u00eddeo al nostre <strong><a target=\"_blank\" href=\"http:\/\/www.youtube.com\/institutjaumebalmes\">CANAL YOUTUBE<\/a><\/strong><br \/> <\/span><\/span><\/font><\/p>\n<p style=\"margin-left: 42.24pt;\"> <font size=\"4\"><span dir=\"ltr\"><span lang=\"CA\" style=\"font-family: Arial;\"><\/span><\/span><\/font><\/p>\n<p><font size=\"4\"> <\/font><\/p>\n<p style=\"margin-left: 42.24pt;\"><font size=\"4\"><span lang=\"CA\" style=\"font-family: &quot;Courier New&quot;;\">o<span style=\"font-family: 'Times New Roman';\"> <\/span><\/span><span dir=\"ltr\"><span lang=\"CA\" style=\"font-family: Arial;\">Recordeu que \u00e9s important fer el <\/span><\/span><span lang=\"CA\" style=\"font-family: Arial;\">SEGUIMENT DE LES FALTES D&#8217;ASSIST\u00c3?NCIA: a trav\u00e9s de<br \/><\/span><\/font><\/p>\n<p> <font size=\"4\"> <\/font><\/p>\n<p style=\"margin-left: 42.24pt;\"><font size=\"4\"><span lang=\"CA\" style=\"font-family: Arial;\"><a target=\"_blank\" href=\"http:\/\/ies-jaumebalmes.xtec.cat\/families\">http:\/\/ies-jaumebalmes.xtec.<wbr \/>cat\/families<\/a><\/span><span lang=\"CA\" style=\"font-family: Arial;\"> <\/span><span lang=\"CA\" style=\"font-family: Arial;\">Hi heu d&#8217;entrar <strong>amb el codi i contrasenya que el<br \/>\nvostre fill\/a fa servir per a connectar-se als diferents serveis web del centre<\/strong><br \/>\n(IntraWeb, Moodle, ordinadors del centre, etc). A l&#8217;inici de curs cada<br \/>\nalumne\/a rep aquesta informaci\u00f3 en una etiqueta postal. L&#8217;alumne\/a us<br \/>\nl&#8217;ha de<br \/>\nfacilitar i en cas de p\u00e8rdua o oblit l&#8217;ha de tornar a demanar al tutor\/a<br \/>\n del<br \/>\nseu grup classe.<br \/> <\/span><span lang=\"CA\"><br \/> <\/span><strong><span lang=\"CA\" style=\"font-family: Arial;\">Encara que l&#8217;actualitzaci\u00f3 de<br \/>\nla informaci\u00f3 de faltes es fa di\u00e0riament de forma autom\u00e0tica, la freq\u00fc\u00e8ncia amb<br \/>\nla qual el professorat&nbsp; la introdueix \u00e9s de dues vegades a la setmana. La<br \/>\ninformaci\u00f3 que trobareu doncs, fa refer\u00e8ncia a la setmana anterior. <\/span><\/strong><span lang=\"CA\" style=\"font-family: Arial;\"><\/p>\n<p> <strong>Les justificacions les fa el tutor\/a una vegada rebuts els justificants de<br \/>\nl&#8217;alumnat<\/strong>.<\/span><\/font><\/p>\n<p style=\"margin-left: 42.24pt;\"><font size=\"4\"><span lang=\"CA\" style=\"font-family: Arial;\"><\/span><\/font><\/p>\n<\/p>\n<p style=\"text-align: justify; line-height: 150%;\" class=\"MsoNormal\"><font size=\"4\"><span lang=\"CA\" style=\"line-height: 150%;\">Salutacions,<\/span><\/font><\/p>\n<p><span lang=\"CA\" style=\"font-size: 10pt; line-height: 150%;\"> <\/span><font size=\"4\"><span lang=\"CA\">L\u00e2??equip directiu<\/span><\/font><\/p>\n","protected":false},"excerpt":{"rendered":"<p>Avui hem enviat un correu electr\u00f2nic a les fam\u00edlies amb el&nbsp;<a target=\"_blank\" href=\"http:\/\/www.google.com\/calendar\/embed?src=a8013111%40xtec.cat&amp;ctz=Europe\/Madrid\">Calendari de les activitats del centre gener a mar\u00e7 de 2014<\/a>, incloses <a href=\"\/ies-jaumebalmes\/intranet\/index.php?module=Downloads&amp;func=prep_hand_out&amp;lid=624\" target=\"_blank\">les activitats que formen part del Pla d&#8217;Acci\u00f3 Tutorial (PAT)<\/a> i altres informacions i recordatoris importants.<br \/>\nSi no us ha&hellip;  <a href=\"https:\/\/agora.xtec.cat\/ies-jaumebalmes\/general\/calendari-de-les-activitats-del-centre-gener-a-marc-de-2014\/\" title=\"Read Calendari de les activitats del centre gener a mar\u00e7 de 2014\">Llegeix m\u00e9s\u00bb<\/a><\/p>\n","protected":false},"author":3,"featured_media":0,"comment_status":"open","ping_status":"open","sticky":false,"template":"","format":"standard","meta":{"_bbp_topic_count":0,"_bbp_reply_count":0,"_bbp_total_topic_count":0,"_bbp_total_reply_count":0,"_bbp_voice_count":0,"_bbp_anonymous_reply_count":0,"_bbp_topic_count_hidden":0,"_bbp_reply_count_hidden":0,"_bbp_forum_subforum_count":0,"footnotes":""},"categories":[1],"tags":[97,100],"class_list":["post-733","post","type-post","status-publish","format-standard","hentry","category-general","tag-intraweb","tag-noticies"],"post_mailing_queue_ids":[],"_links":{"self":[{"href":"https:\/\/agora.xtec.cat\/ies-jaumebalmes\/wp-json\/wp\/v2\/posts\/733","targetHints":{"allow":["GET"]}}],"collection":[{"href":"https:\/\/agora.xtec.cat\/ies-jaumebalmes\/wp-json\/wp\/v2\/posts"}],"about":[{"href":"https:\/\/agora.xtec.cat\/ies-jaumebalmes\/wp-json\/wp\/v2\/types\/post"}],"author":[{"embeddable":true,"href":"https:\/\/agora.xtec.cat\/ies-jaumebalmes\/wp-json\/wp\/v2\/users\/3"}],"replies":[{"embeddable":true,"href":"https:\/\/agora.xtec.cat\/ies-jaumebalmes\/wp-json\/wp\/v2\/comments?post=733"}],"version-history":[{"count":0,"href":"https:\/\/agora.xtec.cat\/ies-jaumebalmes\/wp-json\/wp\/v2\/posts\/733\/revisions"}],"wp:attachment":[{"href":"https:\/\/agora.xtec.cat\/ies-jaumebalmes\/wp-json\/wp\/v2\/media?parent=733"}],"wp:term":[{"taxonomy":"category","embeddable":true,"href":"https:\/\/agora.xtec.cat\/ies-jaumebalmes\/wp-json\/wp\/v2\/categories?post=733"},{"taxonomy":"post_tag","embeddable":true,"href":"https:\/\/agora.xtec.cat\/ies-jaumebalmes\/wp-json\/wp\/v2\/tags?post=733"}],"curies":[{"name":"wp","href":"https:\/\/api.w.org\/{rel}","templated":true}]}}