{"id":729,"date":"2014-01-17T12:38:28","date_gmt":"2014-01-17T11:38:28","guid":{"rendered":"http:\/\/agora.xtec.cat\/ies-jaumebalmes\/general\/portes-obertes-2014-i-preinscripcio-curs-2014-2015\/"},"modified":"2014-01-17T12:38:28","modified_gmt":"2014-01-17T11:38:28","slug":"portes-obertes-2014-i-preinscripcio-curs-2014-2015","status":"publish","type":"post","link":"https:\/\/agora.xtec.cat\/ies-jaumebalmes\/general\/portes-obertes-2014-i-preinscripcio-curs-2014-2015\/","title":{"rendered":"Portes Obertes 2014 i Preinscripci\u00f3 curs 2014-2015"},"content":{"rendered":"<div>\n<p><font size=\"7\">Not\u00edcia que ha estat a la portada fins el 28\/3\/2014&#8230;&#8230;.<\/font> <\/p>\n<h3><strong>Dissabte 8 de mar\u00e7 de 2014 ===&gt; ESO <\/strong>[<a target=\"_blank\" href=\"\/ies-jaumebalmes\/intranet\/index.php?module=Downloads&amp;func=prep_hand_out&amp;lid=638\">MATERIAL DE LA SESSI\u00c3?<\/a>]&nbsp; [<a target=\"_blank\" href=\"http:\/\/www.gencat.cat\/preinscripcio\">Web Preinscripci\u00f3 i Matriculaci\u00f3<\/a>]&nbsp;<\/h3>\n<\/p><\/div>\n<h2> <\/h2>\n<h3><strong><strong>Dissabte 22 de mar\u00e7 de 2014 ===&gt;<\/strong> Batxillerat i FP <\/strong>[MATERIAL DE LA SESSI\u00c3?: <a href=\"\/ies-jaumebalmes\/intranet\/index.php?module=Downloads&amp;func=prep_hand_out&amp;lid=650\" target=\"_blank\">Batxillerat<\/a>&nbsp; &#8212; <a href=\"\/ies-jaumebalmes\/intranet\/index.php?module=Downloads&amp;func=prep_hand_out&amp;lid=653\" target=\"_blank\">Formaci\u00f3 Professional<\/a>] <strong>[Itineraris BTX del centre<\/strong> <a target=\"_blank\" href=\"\/ies-jaumebalmes\/intranet\/index.php?module=Downloads&amp;func=prep_hand_out&amp;lid=644\">BTX1-Di\u00fcrn<\/a> === <a target=\"_blank\" href=\"\/ies-jaumebalmes\/intranet\/index.php?module=Downloads&amp;func=prep_hand_out&amp;lid=643\">BTX2-Di\u00fcrn<\/a> === <a target=\"_blank\" href=\"\/ies-jaumebalmes\/intranet\/index.php?module=Downloads&amp;func=prep_hand_out&amp;lid=642\">BTX1-Nocturn<\/a> === <a target=\"_blank\" href=\"\/ies-jaumebalmes\/intranet\/index.php?module=Downloads&amp;func=prep_hand_out&amp;lid=641\">BTX2-Nocturn<\/a><strong>]<\/strong> [<a target=\"_blank\" href=\"http:\/\/www.gencat.cat\/preinscripcio\">Web Preinscripci\u00f3 i Matriculaci\u00f3<\/a>]<\/p>\n<p>  [<a href=\"http:\/\/www20.gencat.cat\/portal\/site\/OVT\/menuitem.8d9f3f7e23c1cd519e629e30b0c0e1a0\/?vgnextoid=6b829fef421bb110VgnVCM1000008d0c1e0aRCRD&amp;vgnextchannel=6b829fef421bb110VgnVCM1000008d0c1e0aRCRD&amp;vgnextfmt=detall&amp;contentid=cb186091bdbaa3106091bdbaa3108d0c1e0aRCRD&amp;idTipusAction=1&amp;idAction=1\" target=\"_blank\" title=\"Per al BTX\">Formulari de sol\u00b7licitud de la preinscripci\u00f3 per al BTX<\/a>]<\/h3>\n<ul>\n<li> <strong>D&#8217;11h a 14h visita a les instal\u00b7lacions<\/strong> del centre<\/li>\n<li><strong>A les 12h<\/strong> xerrada informativa<\/li>\n<\/ul>\n<p> <img loading=\"lazy\" decoding=\"async\" width=\"567\" align=\"middle\" height=\"196\" src=\"http:\/\/www.xtec.cat\/ies-jaumebalmes\/imatges\/portesobertes2014.jpg\" alt=\"calendari portes obertes 2014\" title=\"calendari portes obertes\" \/><\/p>\n<p><a target=\"_blank\" href=\"http:\/\/www20.gencat.cat\/portal\/site\/portaldogc\/menuitem.c973d2fc58aa0083e4492d92b0c0e1a0\/?action=fitxa&amp;documentId=654873&amp;languageFitxa=ca_ES&amp;newLang=ca_ES\">Publicada al DOGC (17\/2\/2014)<\/a> la resoluci\u00f3 per a la preinscripci\u00f3 del<br \/>\n curs 2014-2015. <strong>Es mantenen els mateixos criteris generals i<br \/>\ncomplementaris d\u00e2??admissi\u00f3 d\u00e2??alumnes i els barems que es van aplicar el<br \/>\ndarrer curs<\/strong><\/p>\n<div class=\"FW_sArticleFoto\">\n<div class=\"FW_sEditPro\">Els terminis de <strong>presentaci\u00f3 de sol\u00b7licituds<\/strong> per als estudis que afecten al nostre centre (d&#8217;ESO, BTX i FP) s\u00f3n:<\/p>\n<ul>\n<li><strong>ESO<\/strong>: De l&#8217;<strong>11 al 21 de mar\u00e7.<\/strong><\/li>\n<li><strong>Doble titulaci\u00f3 de <a target=\"_blank\" href=\"\/ies-jaumebalmes\/intranet\/index.php?module=Downloads&amp;func=prep_hand_out&amp;lid=635\">BATXILLERAT i BACCALAUR\u00c3?AT<\/a><\/strong>: del <strong>22 al 28 d&#8217;abril<\/strong>.[<a href=\"http:\/\/www20.gencat.cat\/portal\/site\/OVT\/menuitem.8d9f3f7e23c1cd519e629e30b0c0e1a0\/?vgnextoid=6b829fef421bb110VgnVCM1000008d0c1e0aRCRD&amp;vgnextchannel=6b829fef421bb110VgnVCM1000008d0c1e0aRCRD&amp;vgnextfmt=detall&amp;contentid=cb186091bdbaa3106091bdbaa3108d0c1e0aRCRD&amp;idTipusAction=1&amp;idAction=1\" target=\"_blank\" title=\"Per al BTX\">Formulari de sol\u00b7licitud de la preinscripci\u00f3 per al BTX<\/a>]<\/li>\n<li><strong>BATXILLERAT<\/strong>:&nbsp; Del <strong>13 al 23 de maig [Itineraris BTX del centre<\/strong> <a target=\"_blank\" href=\"\/ies-jaumebalmes\/intranet\/index.php?module=Downloads&amp;func=prep_hand_out&amp;lid=644\">BTX1-Di\u00fcrn<\/a> === <a target=\"_blank\" href=\"\/ies-jaumebalmes\/intranet\/index.php?module=Downloads&amp;func=prep_hand_out&amp;lid=643\">BTX2-Di\u00fcrn<\/a> === <a target=\"_blank\" href=\"\/ies-jaumebalmes\/intranet\/index.php?module=Downloads&amp;func=prep_hand_out&amp;lid=642\">BTX1-Nocturn<\/a> === <a target=\"_blank\" href=\"\/ies-jaumebalmes\/intranet\/index.php?module=Downloads&amp;func=prep_hand_out&amp;lid=641\">BTX2-Nocturn<\/a><strong>]. <\/strong>[<a href=\"http:\/\/www20.gencat.cat\/portal\/site\/OVT\/menuitem.8d9f3f7e23c1cd519e629e30b0c0e1a0\/?vgnextoid=6b829fef421bb110VgnVCM1000008d0c1e0aRCRD&amp;vgnextchannel=6b829fef421bb110VgnVCM1000008d0c1e0aRCRD&amp;vgnextfmt=detall&amp;contentid=cb186091bdbaa3106091bdbaa3108d0c1e0aRCRD&amp;idTipusAction=1&amp;idAction=1\" target=\"_blank\" title=\"Per al BTX\">Formulari de sol\u00b7licitud de la preinscripci\u00f3 per al BTX<\/a>]<\/li>\n<li><strong>FP de grau mitj\u00e0<\/strong>: Del <strong>13 de 23 maig<\/strong> (-Sistemes microinform\u00e0tics i xarxes)<\/li>\n<li><strong>FP de grau superior<\/strong>: Del <strong>27 de maig al 6 de juny <\/strong>(-Administraci\u00f3 de sistemes inform\u00e0tics en xarxa i -Desenvolupament d&#8217;aplicacions per a webs)<\/li>\n<\/ul>\n<h2> <\/h2>\n<table width=\"100%\" border=\"0\" bgcolor=\"#FFFF99\">\n<tbody>\n<tr>\n<td>Els alumnes que cursen o opten per cursar els ensenyaments<br \/>\nprofessionals de m\u00fasica o de dansa tenen prioritat per accedir a les<br \/>\nplaces d\u00e2??ESO i BTX del nostre centre, encara que no provinguin d&#8217;un centre adscrit.<\/td>\n<\/tr>\n<tr>\n<td>\n<p><strong>Aquest alumnat&nbsp;<\/strong><strong> haur\u00e0 de lliurar, juntament amb la sol\u00b7licitud de preinscripci\u00f3:<\/strong><\/p>\n<ul>\n<li><strong>una <\/strong><strong>declaraci\u00f3 de que opta per simultaneijar l&#8217;ESO o el BTX i els estudis professionals de m\u00fasica o dansa,<\/strong><\/li>\n<li><strong>el resguard d&#8217;inscripci\u00f3 a les proves d&#8217;acc\u00e9s a<\/strong><strong><strong>ls estudis professionals de m\u00fasica o dansa i<br \/><\/strong><\/strong><\/li>\n<li><strong> <a href=\"\/ies-jaumebalmes\/intranet\/index.php?module=IWforms&amp;func=new&amp;fid=4\">omplir el seg\u00fcent FORMULARI<\/a> (Formulari tancat el 22\/3\/14)<br \/><\/strong><\/li>\n<\/ul>\n<p><strong>En el moment de formalitzar la matr\u00edcula, haur\u00e0 d&#8217;acreditar que est\u00e0 matriculat o pendent de matricular en un centre autoritzat.<\/strong>\n            <\/td>\n<\/tr>\n<\/tbody>\n<\/table>\n<p> <\/p>\n<table width=\"100%\" border=\"0\" bgcolor=\"#A9FFB3\">\n<tbody>\n<tr>\n<td>\n<p>Recordem que l<strong>a preinscripci\u00f3 es pot fer via telem\u00e0tica <\/strong>a trav\u00e9s del web del Departament d&#8217;Ensenyament. <strong>Us animem a escollir aquest opci\u00f3<\/strong> per fer m\u00e9s \u00e0gil aquest tr\u00e0mit. <\/p>\n<p><strong>Formularis de sol\u00b7licitud<\/strong> de la preinscripci\u00f3 per a: <strong>ESO<\/strong> ==<strong><a href=\"http:\/\/www20.gencat.cat\/portal\/site\/OVT\/menuitem.8d9f3f7e23c1cd519e629e30b0c0e1a0\/?vgnextoid=6b829fef421bb110VgnVCM1000008d0c1e0aRCRD&amp;vgnextchannel=6b829fef421bb110VgnVCM1000008d0c1e0aRCRD&amp;vgnextfmt=detall&amp;contentid=cb186091bdbaa3106091bdbaa3108d0c1e0aRCRD&amp;idTipusAction=1&amp;idAction=1\"> BTX<\/a><\/strong> == FP-GM == FP-GS<\/p>\n<\/td>\n<\/tr>\n<\/tbody>\n<\/table>\n<p><strong>Al <a href=\"http:\/\/www.gencat.cat\/preinscripcio\/\" target=\"_blank\">Web de Preinscripci\u00f3 i Matriculaci\u00f3<\/a> sempre tindreu la \u00faltima informaci\u00f3 disponible.<\/strong> <\/p>\n<\/p><\/div>\n<\/p><\/div>\n<ul><\/ul>\n<div class=\"FW_sArticleFoto\">\n<div class=\"FW_sEditPro\">\n<p>Aqu\u00ed teniu el<span id=\"eow-title\" class=\"watch-title  yt-uix-expander-head\" dir=\"ltr\" title=\"Lipdub Institut Jaume Balmes 2011\"> <strong>Lipdub de presentaci\u00f3 de l&#8217;Institut Jaume Balmes del 2011<\/strong> <\/span><\/p>\n<p> <br \/>\n        <iframe loading=\"lazy\" width=\"560\" height=\"315\" frameborder=\"0\" src=\"http:\/\/\/www.youtube.com\/embed\/O0U759tLHl4?list=PLA06A17107E1110C9\"><\/iframe>\n      <\/p>\n<\/p><\/div>\n<\/p><\/div>\n","protected":false},"excerpt":{"rendered":"<p>Not\u00edcia que ha estat a la portada fins el 28\/3\/2014&#8230;&#8230;.<br \/>\nDissabte 8 de mar\u00e7 de 2014 ===&gt; ESO [<a target=\"_blank\" href=\"\/ies-jaumebalmes\/intranet\/index.php?module=Downloads&amp;func=prep_hand_out&amp;lid=638\">MATERIAL DE LA SESSI\u00c3?<\/a>]&nbsp; [<a target=\"_blank\" href=\"http:\/\/www.gencat.cat\/preinscripcio\">Web Preinscripci\u00f3 i Matriculaci\u00f3<\/a>]&nbsp;<\/p>\n<p>Dissabte 22 de mar\u00e7 de 2014 ===&gt; Batxillerat i FP [MATERIAL DE LA SESSI\u00c3?: <a&hellip;  <a href=\"https:\/\/agora.xtec.cat\/ies-jaumebalmes\/general\/portes-obertes-2014-i-preinscripcio-curs-2014-2015\/\" title=\"Read Portes Obertes 2014 i Preinscripci\u00f3 curs 2014-2015\">Llegeix m\u00e9s\u00bb<\/a><\/p>\n","protected":false},"author":3,"featured_media":0,"comment_status":"open","ping_status":"open","sticky":false,"template":"","format":"standard","meta":{"_bbp_topic_count":0,"_bbp_reply_count":0,"_bbp_total_topic_count":0,"_bbp_total_reply_count":0,"_bbp_voice_count":0,"_bbp_anonymous_reply_count":0,"_bbp_topic_count_hidden":0,"_bbp_reply_count_hidden":0,"_bbp_forum_subforum_count":0,"footnotes":""},"categories":[1],"tags":[97,100],"class_list":["post-729","post","type-post","status-publish","format-standard","hentry","category-general","tag-intraweb","tag-noticies"],"post_mailing_queue_ids":[],"_links":{"self":[{"href":"https:\/\/agora.xtec.cat\/ies-jaumebalmes\/wp-json\/wp\/v2\/posts\/729","targetHints":{"allow":["GET"]}}],"collection":[{"href":"https:\/\/agora.xtec.cat\/ies-jaumebalmes\/wp-json\/wp\/v2\/posts"}],"about":[{"href":"https:\/\/agora.xtec.cat\/ies-jaumebalmes\/wp-json\/wp\/v2\/types\/post"}],"author":[{"embeddable":true,"href":"https:\/\/agora.xtec.cat\/ies-jaumebalmes\/wp-json\/wp\/v2\/users\/3"}],"replies":[{"embeddable":true,"href":"https:\/\/agora.xtec.cat\/ies-jaumebalmes\/wp-json\/wp\/v2\/comments?post=729"}],"version-history":[{"count":0,"href":"https:\/\/agora.xtec.cat\/ies-jaumebalmes\/wp-json\/wp\/v2\/posts\/729\/revisions"}],"wp:attachment":[{"href":"https:\/\/agora.xtec.cat\/ies-jaumebalmes\/wp-json\/wp\/v2\/media?parent=729"}],"wp:term":[{"taxonomy":"category","embeddable":true,"href":"https:\/\/agora.xtec.cat\/ies-jaumebalmes\/wp-json\/wp\/v2\/categories?post=729"},{"taxonomy":"post_tag","embeddable":true,"href":"https:\/\/agora.xtec.cat\/ies-jaumebalmes\/wp-json\/wp\/v2\/tags?post=729"}],"curies":[{"name":"wp","href":"https:\/\/api.w.org\/{rel}","templated":true}]}}