{"id":727,"date":"2013-12-19T09:02:38","date_gmt":"2013-12-19T08:02:38","guid":{"rendered":"http:\/\/agora.xtec.cat\/ies-jaumebalmes\/general\/noves-seleccions-de-fotos\/"},"modified":"2013-12-19T09:02:38","modified_gmt":"2013-12-19T08:02:38","slug":"noves-seleccions-de-fotos","status":"publish","type":"post","link":"https:\/\/agora.xtec.cat\/ies-jaumebalmes\/general\/noves-seleccions-de-fotos\/","title":{"rendered":"Noves seleccions de fotos"},"content":{"rendered":"<p>Ja teniu disponible a la <a target=\"_blank\" href=\"https:\/\/plus.google.com\/photos\/109082993004267794892\/albums\">Galeria Multim\u00e8dia<\/a> una selecci\u00f3 de fotos de les \u00faltimes sortides i activitats d&#8217;aquests mes de desembre:<\/p>\n<ul>\n<li><a href=\"https:\/\/plus.google.com\/photos\/109082993004267794892\/albums\/5959007320787917985?sort=1\" target=\"_blank\">4t d&#8217;ESO fent ACROESPORT a Educaci\u00f3 F\u00edsica<br \/><\/a><\/li>\n<li><a href=\"https:\/\/plus.google.com\/photos\/109082993004267794892\/albums\/5959008752931423553?sort=1\" target=\"_blank\">1r de BTX esquiant a La Molina (13\/12\/2013) <br \/><\/a><\/li>\n<li><a href=\"https:\/\/plus.google.com\/photos\/109082993004267794892\/albums\/5959010516475870465?sort=1\" target=\"_blank\">Cros de Sants: alumnes participant (15\/12\/20013)<\/a><\/li>\n<\/ul>\n<p><a href=\"https:\/\/plus.google.com\/photos\/109082993004267794892\/albums\/5959007320787917985?sort=1\" target=\"_blank\"><img decoding=\"async\" src=\"https:\/\/lh5.googleusercontent.com\/zSjhCrr6ixZrfE5kGgEcTqj-7zjYQ5I85A5F-Q7GCrH8=w304-h227-p-no\" \/><\/a><a href=\"https:\/\/plus.google.com\/photos\/109082993004267794892\/albums\/5959008752931423553?sort=1\" target=\"_blank\"><img decoding=\"async\" src=\"https:\/\/lh4.googleusercontent.com\/Mg1qUNFP89yuALFyiZF1zLqiRGnX4QcU9o1XVcNWYqf8=w303-h227-p-no\" \/><\/a><\/p>\n<p><a href=\"https:\/\/plus.google.com\/photos\/109082993004267794892\/albums\/5959010516475870465?sort=1\" target=\"_blank\"><img decoding=\"async\" src=\"https:\/\/lh5.googleusercontent.com\/nQ4vYdQzXxnN506Hi11C1w9HwZQAMf2QNgKH2TshzasZ=w304-h182-p-no\" \/><\/a><\/p>\n<p><\/p>\n<p><strong>ACROSPORT<\/strong><\/p>\n<p>Ja podeu veure tot un seguit de figures d\u00e2??acrosport que han fet els alumnes de 4t d\u00e2??ESO a les classes d\u00e2??educaci\u00f3 f\u00edsica.<\/p>\n<p><strong>Esquiada de batxillerat<\/strong><\/p>\n<p>El passat divendres 13 de desembre es va realitzar l\u00e2??esquiada de batxillerat. Un total de 60 alumnes de 1r de batxillerat van gaudir d\u00e2??un fant\u00e0stic dia d\u00e2??esqu\u00ed a La Molina. Les condicions de la neu, el sol espl\u00e8ndid i els companys i companyes van fer que l\u00e2??esquiada fos fant\u00e0stica. Aqu\u00ed teniu algunes fotos.<\/p>\n<p><strong>Cros de Sants<\/strong><\/p>\n<p>La segona cursa de la temporada de la Challenge de Cros Escolar del Consell ja \u00e9s hist\u00f2ria !! El passat diumenge, 15 de desembre, el Parc de l\u00e2??Espanya Industrial va acollir, un any m\u00e9s aquesta competici\u00f3. Un total de 720 atletes de diferents edats, des de 4 fins a 17 anys, hi van participar, repetint registres d\u00e2??inscripci\u00f3 i participaci\u00f3 semblants als d\u00e2??anys anteriors.<br \/>Les caracter\u00edstiques del circuit, regirat per\u00f2 eminentment pla, van facilitar que en diferents curses, els guanyadors no es decidissin fins als darrers metres.<br \/>31 alumnes de l\u00e2??institut hi van prendre part, assolint fins a 11 medalles.<br \/>El proper cros ser\u00e0 el proper diumenge 19 de gener al Parc de la Maternitat de Les Corts.<\/p>\n","protected":false},"excerpt":{"rendered":"<p>Ja teniu disponible a la <a target=\"_blank\" href=\"https:\/\/plus.google.com\/photos\/109082993004267794892\/albums\">Galeria Multim\u00e8dia<\/a> una selecci\u00f3 de fotos de les \u00faltimes sortides i activitats d&#8217;aquests mes de desembre:<\/p>\n<ul>\n<li><a href=\"https:\/\/plus.google.com\/photos\/109082993004267794892\/albums\/5959007320787917985?sort=1\" target=\"_blank\">4t d&#8217;ESO fent ACROESPORT a Educaci\u00f3 F\u00edsica<\/a><\/li>\n<li><a href=\"https:\/\/plus.google.com\/photos\/109082993004267794892\/albums\/5959008752931423553?sort=1\" target=\"_blank\">1r de BTX esquiant a La Molina (13\/12\/2013) <\/a><\/li>\n<li><a href=\"https:\/\/plus.google.com\/photos\/109082993004267794892\/albums\/5959010516475870465?sort=1\" target=\"_blank\">Cros de Sants:&hellip;  <a href=\"https:\/\/agora.xtec.cat\/ies-jaumebalmes\/general\/noves-seleccions-de-fotos\/\" title=\"Read Noves seleccions de fotos\">Llegeix m\u00e9s\u00bb<\/a><br \/>\n","protected":false},"author":3,"featured_media":0,"comment_status":"open","ping_status":"open","sticky":false,"template":"","format":"standard","meta":{"_bbp_topic_count":0,"_bbp_reply_count":0,"_bbp_total_topic_count":0,"_bbp_total_reply_count":0,"_bbp_voice_count":0,"_bbp_anonymous_reply_count":0,"_bbp_topic_count_hidden":0,"_bbp_reply_count_hidden":0,"_bbp_forum_subforum_count":0,"footnotes":""},"categories":[1],"tags":[97,100],"class_list":["post-727","post","type-post","status-publish","format-standard","hentry","category-general","tag-intraweb","tag-noticies"],"post_mailing_queue_ids":[],"_links":{"self":[{"href":"https:\/\/agora.xtec.cat\/ies-jaumebalmes\/wp-json\/wp\/v2\/posts\/727","targetHints":{"allow":["GET"]}}],"collection":[{"href":"https:\/\/agora.xtec.cat\/ies-jaumebalmes\/wp-json\/wp\/v2\/posts"}],"about":[{"href":"https:\/\/agora.xtec.cat\/ies-jaumebalmes\/wp-json\/wp\/v2\/types\/post"}],"author":[{"embeddable":true,"href":"https:\/\/agora.xtec.cat\/ies-jaumebalmes\/wp-json\/wp\/v2\/users\/3"}],"replies":[{"embeddable":true,"href":"https:\/\/agora.xtec.cat\/ies-jaumebalmes\/wp-json\/wp\/v2\/comments?post=727"}],"version-history":[{"count":0,"href":"https:\/\/agora.xtec.cat\/ies-jaumebalmes\/wp-json\/wp\/v2\/posts\/727\/revisions"}],"wp:attachment":[{"href":"https:\/\/agora.xtec.cat\/ies-jaumebalmes\/wp-json\/wp\/v2\/media?parent=727"}],"wp:term":[{"taxonomy":"category","embeddable":true,"href":"https:\/\/agora.xtec.cat\/ies-jaumebalmes\/wp-json\/wp\/v2\/categories?post=727"},{"taxonomy":"post_tag","embeddable":true,"href":"https:\/\/agora.xtec.cat\/ies-jaumebalmes\/wp-json\/wp\/v2\/tags?post=727"}],"curies":[{"name":"wp","href":"https:\/\/api.w.org\/{rel}","templated":true}]}}