{"id":726,"date":"2013-12-18T14:23:28","date_gmt":"2013-12-18T13:23:28","guid":{"rendered":"http:\/\/agora.xtec.cat\/ies-jaumebalmes\/general\/activitats-del-20-12-2013\/"},"modified":"2013-12-18T14:23:28","modified_gmt":"2013-12-18T13:23:28","slug":"activitats-del-20-12-2013","status":"publish","type":"post","link":"https:\/\/agora.xtec.cat\/ies-jaumebalmes\/general\/activitats-del-20-12-2013\/","title":{"rendered":"Activitats del 20\/12\/2013"},"content":{"rendered":"<p>19\/12 afegim els enlla\u00e7os directes a: <\/p>\n<ul>\n<li>\n<p><a href=\"\/ies-jaumebalmes\/intranet\/index.php?module=Downloads&amp;func=prep_hand_out&amp;lid=619\" target=\"_blank\">Els programes de les actuacions al sal\u00f3 d&#8217;actes&nbsp;<\/a><\/p>\n<\/li>\n<li>\n<p><span lang=\"CA\" style=\"line-height: 150%;\"><a href=\"\/ies-jaumebalmes\/intranet\/index.php?module=Downloads&amp;func=prep_hand_out&amp;lid=618\" target=\"_blank\">L&#8217;horari general de les activitats del 20\/12\/2013<\/a><\/span><a href=\"\/ies-jaumebalmes\/intranet\/index.php?module=Downloads&amp;func=prep_hand_out&amp;lid=618\" target=\"_blank\">&nbsp; i una descripci\u00f3 de l&#8217;activitat de Pastissos solidaris.<\/a><\/p>\n<\/li>\n<\/ul>\n<p><a target=\"_blank\" href=\"\/ies-jaumebalmes\/intranet\/index.php?module=Downloads&amp;func=prep_hand_out&amp;lid=618\"><img decoding=\"async\" src=\"http:\/\/www.xtec.cat\/ies-jaumebalmes\/imatges\/Nadal20131220.jpg\" \/><\/a>  <\/p>\n<ul> <\/ul>\n<p>====== <\/p>\n<p>Avui (18\/12) hem enviat un correu electr\u00f2nic a les fam\u00edlies de di\u00fcrn recordant les activitats del 20 de desembre de 2013.<\/p>\n<p>Si no us ha arribar i voleu que us incorporem als destinataris<br \/>\nd&#8217;aquestes trameses peri\u00f2diques cal que envieu un correu al centre<br \/>\na801311@xtec.cat indicant el Nom i Cognom de l&#8217;alumne, grup classe i el<br \/>\nvostre correu electr\u00f2nic i manifestant que voleu rebre les informacions<br \/>\nper correu electr\u00f2nic.<\/p>\n<div class=\"gmail_quote\">\n<div class=\"gmail_quote\"><font size=\"4\"><span lang=\"CA\" style=\"font-family: Arial;\">Benvolgudes fam\u00edlies,<\/span><\/font> <\/p>\n<div class=\"gmail_quote\">\n<p class=\"MsoNormal\" style=\"text-align: justify;\"><strong><span lang=\"CA\" style=\"font-family: Arial;\"><br \/> <\/span><\/strong><span lang=\"CA\" style=\"font-family: Arial;\"><\/span><\/p>\n<p class=\"MsoNormal\" style=\"text-align: justify;\"><span lang=\"CA\" style=\"font-family: Arial;\"><\/span><\/p>\n<p class=\"MsoNormal\" style=\"text-align: justify;\"><font size=\"4\"><span lang=\"CA\" style=\"font-family: Arial;\">Un parell de recordatoris:<br \/> <\/span><\/font><\/p>\n<p><font size=\"4\"><span lang=\"CA\" style=\"line-height: 150%;\"><\/span><\/font> <\/p>\n<div><font size=\"4\"><br \/> <span lang=\"CA\" style=\"line-height: 150%;\"><\/span><\/font> <\/p>\n<p class=\"MsoNormal\" style=\"text-align: justify; line-height: 150%;\"><font size=\"6\"> <\/font><font size=\"4\"><span lang=\"CA\" style=\"line-height: 150%;\"><font size=\"6\">1) Activitats del 20 de desembre<\/font><strong><br \/><\/strong><\/span><\/font><\/p>\n<p class=\"MsoNormal\" style=\"text-align: justify; line-height: 150%;\"><font size=\"4\"><span lang=\"CA\" style=\"line-height: 150%;\"><strong>&#8211; Divendres<br \/>\n20 de desembre, hem<br \/>\nprogramat un seguit d\u00e2??activitats per acomiadar el trimestre que<br \/>\ninclouen actuacions musicals, lectura de poemes, representacions de teatre, orquestra del Balmes, lliurament de premis,<br \/>\n&#8230;<\/strong> <\/span><\/font><\/p>\n<p class=\"MsoNormal\" style=\"text-align: justify; line-height: 150%;\"><font size=\"4\"><span lang=\"CA\" style=\"line-height: 150%;\"><font size=\"6\">A l\u00e2??hora d\u00e2??esmorzar, com altres anys,<br \/>\n<strong>hi haur\u00e0 la venda de pastissos solidaris <span style=\"background-color: #ff0000;\">(0,5 \u00e2?\u00ac\/porci\u00f3)<\/span><\/strong>. Moltes gr\u00e0cies a tots aquells que col\u00b7laboreu portant algun past\u00eds per fer<br \/>\nd&#8217;aquesta activitat un acte de solidaritat envers els m\u00e9s necessitats.<br \/>\n<strong><br \/><\/strong><\/font><\/span><\/font><\/p>\n<p class=\"MsoNormal\" style=\"text-align: justify; line-height: 150%;\"><font size=\"4\"><span lang=\"CA\" style=\"line-height: 150%;\"><font size=\"6\"><strong>Tamb\u00e9 us demanem que aquest dia ning\u00fa porti esmorzar i compri pastissos.<\/strong><\/font> <br \/> <\/span><\/font><\/p>\n<p class=\"MsoNormal\" style=\"text-align: justify; line-height: 150%;\"><font size=\"4\"><span lang=\"CA\" style=\"line-height: 150%;\">De la mateixa manera que el curs passat tots els diners que es recullin<br \/>\n els donarem a la Fundaci\u00f3 Arrels, una<br \/>\nONG que treballa amb la gent sense sostre i que visitaran els voluntaris de 2n d&#8217;ESO al mes de gener. <\/span><\/font><\/p>\n<p class=\"MsoNormal\" style=\"text-align: justify; line-height: 150%;\"><font size=\"4\"><span lang=\"CA\" style=\"line-height: 150%;\">A la <a href=\"\/ies-jaumebalmes\/intranet\" target=\"_blank\">IntraWeb <\/a>ja teniu <a href=\"\/ies-jaumebalmes\/intranet\/index.php?module=Downloads&amp;func=prep_hand_out&amp;lid=618\" target=\"_blank\">l&#8217;horari de les activitats del 20\/12\/<span>2013<\/span>&nbsp; i una descripci\u00f3 de l&#8217;activitat de Pastissos solidaris<\/a><\/span><\/font><\/p>\n<p class=\"MsoNormal\" style=\"text-align: justify; line-height: 150%;\"><font size=\"4\"><span lang=\"CA\" style=\"line-height: 150%;\"> <\/span><\/font><\/p>\n<p class=\"MsoNormal\" style=\"text-align: justify; line-height: 150%;\"><font size=\"4\"><strong><span lang=\"CA\" style=\"line-height: 150%;\">Totes les activitats del <font size=\"4\">divendres 20\/12 <\/font>finalitzaran al migdia i la sortida de<br \/>\nl\u00e2??alumnat est\u00e0 prevista de la seg\u00fcent manera: <br \/><\/span><\/strong><\/font><\/p>\n<ul>\n<li><font size=\"4\"><strong><span lang=\"CA\" style=\"line-height: 150%;\">12h: Sortida de l&#8217;alumnat de 3r i 4t d\u00e2??ESO i de Batxillerat<\/span><\/strong> <br \/><strong><span lang=\"CA\" style=\"line-height: 150%;\"><\/span><\/strong><\/font><\/li>\n<li><font size=\"4\"><strong><span lang=\"CA\" style=\"line-height: 150%;\">13.30h: Sortida de l&#8217;alumnat de 1r i 2n d\u00e2??ESO&nbsp;<\/span><\/strong><span lang=\"CA\" style=\"line-height: 150%;\"><\/span><span lang=\"CA\" style=\"line-height: 150%;\"><\/span><\/font><\/li>\n<\/ul><\/div>\n<div>\n<p class=\"MsoNormal\" style=\"margin-left: 18pt; text-align: justify;\"><span lang=\"CA\" style=\"font-family: Arial; color: red;\"> <\/span><\/p>\n<p class=\"MsoNormal\" style=\"text-align: justify;\"><font size=\"4\"><span lang=\"CA\" style=\"line-height: 150%;\"><font size=\"6\">2) Resultat de la campanya de recollida per al Banc d&#8217;Aliments<\/font><br \/><\/span><\/font><\/p>\n<div><font size=\"4\"><span lang=\"CA\" style=\"line-height: 150%;\"><br \/><\/span><\/font><\/div>\n<div><font size=\"4\"><span lang=\"CA\" style=\"line-height: 150%;\"><font size=\"4\"><span lang=\"CA\" style=\"line-height: 150%;\"><strong>La Campanya de recollida per al <span>Banc<\/span> d\u00e2??<span>Aliments<\/span><\/strong> <\/span>ja ha finalitzat. aqu\u00ed teniu els resultats:<\/font> <\/span><\/font><br \/> <font size=\"6\"> <span lang=\"CA\" style=\"line-height: 150%;\">Total kg recollits 507 kg<\/span><\/font><\/div>\n<div><font size=\"4\"><span lang=\"CA\" style=\"line-height: 150%;\">1r. 4t ESO 102kg<br \/>2n. 1r ESO&nbsp; 84kg<br \/>\n3r. Professorat 80kg<\/p>\n<p>4t. 2n batxillerat 65kg<br \/>5\u00e8. 2n ESO 63 kg<br \/>6\u00e8. 3r ESO 61 kg<br \/>7\u00e8 1r Batxillerat 34 kg<br \/>8\u00e8. Cicles i nocturn 22 kg<\/p>\n<p><\/span><\/font><font size=\"4\"><span lang=\"CA\" style=\"line-height: 150%;\"><\/span><\/font><font size=\"4\"><span lang=\"CA\" style=\"line-height: 150%;\">Aprofitem per desitjar-vos unes bones<br \/>\nfestes i un millor 2014<font size=\"4\">!!!<\/font><\/span><\/font><\/div>\n<\/p><\/div>\n<\/p><\/div>\n<\/p><\/div>\n<\/p><\/div>\n<p class=\"MsoNormal\" style=\"text-align: justify; line-height: 150%;\"><span lang=\"CA\" style=\"font-size: 10pt; line-height: 150%;\"> <\/span><\/p>\n<p><font size=\"4\"><span lang=\"CA\">L\u00e2??equip directiu<\/span><\/font><\/p>\n","protected":false},"excerpt":{"rendered":"<p>19\/12 afegim els enlla\u00e7os directes a: <\/p>\n<ul>\n<li>\n<a href=\"\/ies-jaumebalmes\/intranet\/index.php?module=Downloads&amp;func=prep_hand_out&amp;lid=619\" target=\"_blank\">Els programes de les actuacions al sal\u00f3 d&#8217;actes&nbsp;<\/a>\n<\/li>\n<li>\n<a href=\"\/ies-jaumebalmes\/intranet\/index.php?module=Downloads&amp;func=prep_hand_out&amp;lid=618\" target=\"_blank\">L&#8217;horari general de les activitats del 20\/12\/2013<\/a><a href=\"\/ies-jaumebalmes\/intranet\/index.php?module=Downloads&amp;func=prep_hand_out&amp;lid=618\" target=\"_blank\">&nbsp; i una descripci\u00f3 de l&#8217;activitat de Pastissos solidaris.<\/a>\n<\/li>\n<\/ul>\n<p><a target=\"_blank\" href=\"\/ies-jaumebalmes\/intranet\/index.php?module=Downloads&amp;func=prep_hand_out&amp;lid=618\"><\/a>  <\/p>\n<ul> <\/ul>\n<p>======<br \/>\nAvui (18\/12) hem enviat un correu&hellip;  <a href=\"https:\/\/agora.xtec.cat\/ies-jaumebalmes\/general\/activitats-del-20-12-2013\/\" title=\"Read Activitats del 20\/12\/2013\">Llegeix m\u00e9s\u00bb<\/a><\/p>\n","protected":false},"author":3,"featured_media":0,"comment_status":"open","ping_status":"open","sticky":false,"template":"","format":"standard","meta":{"_bbp_topic_count":0,"_bbp_reply_count":0,"_bbp_total_topic_count":0,"_bbp_total_reply_count":0,"_bbp_voice_count":0,"_bbp_anonymous_reply_count":0,"_bbp_topic_count_hidden":0,"_bbp_reply_count_hidden":0,"_bbp_forum_subforum_count":0,"footnotes":""},"categories":[1],"tags":[97,100],"class_list":["post-726","post","type-post","status-publish","format-standard","hentry","category-general","tag-intraweb","tag-noticies"],"post_mailing_queue_ids":[],"_links":{"self":[{"href":"https:\/\/agora.xtec.cat\/ies-jaumebalmes\/wp-json\/wp\/v2\/posts\/726","targetHints":{"allow":["GET"]}}],"collection":[{"href":"https:\/\/agora.xtec.cat\/ies-jaumebalmes\/wp-json\/wp\/v2\/posts"}],"about":[{"href":"https:\/\/agora.xtec.cat\/ies-jaumebalmes\/wp-json\/wp\/v2\/types\/post"}],"author":[{"embeddable":true,"href":"https:\/\/agora.xtec.cat\/ies-jaumebalmes\/wp-json\/wp\/v2\/users\/3"}],"replies":[{"embeddable":true,"href":"https:\/\/agora.xtec.cat\/ies-jaumebalmes\/wp-json\/wp\/v2\/comments?post=726"}],"version-history":[{"count":0,"href":"https:\/\/agora.xtec.cat\/ies-jaumebalmes\/wp-json\/wp\/v2\/posts\/726\/revisions"}],"wp:attachment":[{"href":"https:\/\/agora.xtec.cat\/ies-jaumebalmes\/wp-json\/wp\/v2\/media?parent=726"}],"wp:term":[{"taxonomy":"category","embeddable":true,"href":"https:\/\/agora.xtec.cat\/ies-jaumebalmes\/wp-json\/wp\/v2\/categories?post=726"},{"taxonomy":"post_tag","embeddable":true,"href":"https:\/\/agora.xtec.cat\/ies-jaumebalmes\/wp-json\/wp\/v2\/tags?post=726"}],"curies":[{"name":"wp","href":"https:\/\/api.w.org\/{rel}","templated":true}]}}