{"id":723,"date":"2013-11-29T17:00:15","date_gmt":"2013-11-29T16:00:15","guid":{"rendered":"http:\/\/agora.xtec.cat\/ies-jaumebalmes\/general\/calendari-de-les-activitats-del-centre-de-desembre-de-2013\/"},"modified":"2013-11-29T17:00:15","modified_gmt":"2013-11-29T16:00:15","slug":"calendari-de-les-activitats-del-centre-de-desembre-de-2013","status":"publish","type":"post","link":"https:\/\/agora.xtec.cat\/ies-jaumebalmes\/general\/calendari-de-les-activitats-del-centre-de-desembre-de-2013\/","title":{"rendered":"Calendari de les activitats del centre de desembre de 2013"},"content":{"rendered":"<p>Avui hem enviat un correu electr\u00f2nic a les fam\u00edlies amb el&nbsp;<strong><a target=\"_blank\" href=\"http:\/\/www.google.com\/calendar\/embed?src=a8013111%40xtec.cat&amp;ctz=Europe\/Madrid\">Calendari de les activitats del centre de desembre<\/a>, incloses <a href=\"\/ies-jaumebalmes\/intranet\/index.php?module=Downloads&amp;func=prep_hand_out&amp;lid=612\" target=\"_blank\">les activitats que formen part del Pla d&#8217;Acci\u00f3 Tutorial (PAT)<\/a> i altres informacions i recordatoris importants<\/strong>.<\/p>\n<p>Si no us ha arribar i voleu que us incorporem als destinataris<br \/>\nd&#8217;aquestes trameses peri\u00f2diques cal que envieu un correu al centre<br \/>\na801311@xtec.cat indicant el Nom i Cognom de l&#8217;alumne, grup classe i el<br \/>\nvostre correu electr\u00f2nic i manifestant que voleu rebre les informacions<br \/>\nper correu electr\u00f2nic.<\/p>\n<div class=\"gmail_quote\">\n<div class=\"gmail_quote\"><font size=\"4\"><span lang=\"CA\" style=\"font-family: Arial;\">Benvolgudes fam\u00edlies,<\/span><\/font> <\/p>\n<div class=\"gmail_quote\"> <\/p>\n<p class=\"MsoNormal\" style=\"text-align: justify;\"><font size=\"4\"><font size=\"6\">1) Calendari de les activitats del centre<\/font><\/p>\n<p>Des de finals d&#8217;octubre estem utilitzant el Calendari del Google per fer p\u00fablic el <a href=\"http:\/\/www.google.com\/calendar\/embed?src=a8013111%40xtec.cat&amp;ctz=Europe\/Madrid\" target=\"_blank\">Calendari de les activitats del centre<\/a>. <\/p>\n<p>Les millores s\u00f3n moltes. Per exemple:<br \/><\/font><\/p>\n<ul>\n<li><font size=\"4\">la publicaci\u00f3 i actualitzacions s\u00f3n instant\u00e0nies. Aix\u00ed doncs no cal reenviar-les.<br \/><\/font><\/li>\n<li><font size=\"4\"><font size=\"4\">sempre que es t\u00e9 connexi\u00f3 web <\/font>est\u00e0 disponible i s&#8217;hi pot accedir amb diversos&nbsp; perif\u00e8rics (ordinadors, tauletes, tel\u00e8fons, etc).<br \/> <\/font><\/li>\n<li><font size=\"4\">es pot visualitzar en diversos formats: dia, setmana, mes, agenda, etc.<br \/><\/font><\/li>\n<li><font size=\"4\">el tenim publicat a mida redu\u00efda en un bloc a l&#8217;esquerra de la portada de la IntraWeb <a href=\"\/ies-jaumebalmes\/intranet\" target=\"_blank\">http:\/\/agora.xtec.cat\/ies-jaumebalmes\/intranet<\/a> i tamb\u00e9 podeu <a href=\"https:\/\/www.google.com\/calendar\/embed?src=a8013111@xtec.cat&amp;ctz=Europe\/Madrid\" target=\"_blank\">visualitzar-lo en format gran<\/a> (al bloc Altres Servei Web de l&#8217;Institut teniu l&#8217;enlla\u00e7 corresponent).<\/font><\/li>\n<li><font size=\"4\">els usuaris dels calendaris del Google es poden passar al seu calendari les anotacions que vulguin.<br \/><\/font><\/li>\n<\/ul>\n<p class=\"MsoNormal\" style=\"text-align: justify;\"> <span lang=\"CA\" style=\"font-family: Arial;\"><\/span><\/p>\n<p class=\"MsoNormal\" style=\"text-align: justify;\"><font size=\"6\"><span lang=\"CA\" style=\"font-family: Arial;\">2) A<\/span><\/font><font size=\"4\"><font size=\"4\"><font size=\"6\">ctivitats que formen part del Pla d&#8217;Acci\u00f3 Tutorial (PAT) per aquest mes de desembre. <br \/> <\/font><\/font><\/font><\/p>\n<p class=\"MsoNormal\" style=\"text-align: justify;\"><font size=\"4\"><font size=\"4\">Us les adjuntem. <br \/> <\/font><\/font><\/p>\n<p class=\"MsoNormal\" style=\"text-align: justify;\"><font size=\"4\"><font size=\"4\">Remarquem el calendari dels dies de repartiment dels butlletins de notes de la 1a avaluaci\u00f3 d&#8217;ESO i BTX di\u00fcrn:<\/font><\/font><\/p>\n<ul>\n<li><font size=\"4\"><font size=\"4\"><font size=\"4\"><font size=\"4\">Dimarts 3\/12: <\/font><\/font>2n de BTX<br \/><\/font><\/font><\/li>\n<li><font size=\"4\"><font size=\"4\"><font size=\"4\"><font size=\"4\">Dilluns 9\/12: <\/font><\/font>1r de BTX:&nbsp;<\/font><\/font><\/li>\n<li><font size=\"4\"><font size=\"4\">Dimarts 10\/12: 3r d&#8217;ESO<\/font><\/font><\/li>\n<li><font size=\"4\"><font size=\"4\">Dimecres 11\/12: <\/font><\/font><font size=\"4\"><font size=\"4\">1r, 2n i <\/font><\/font><font size=\"4\"><font size=\"4\">4t d&#8217;ESO, <br \/> <\/font><\/font><\/li>\n<\/ul>\n<p class=\"MsoNormal\" style=\"text-align: justify;\"><\/p>\n<div><font size=\"4\"><span lang=\"CA\" style=\"line-height: 150%;\"><font size=\"6\">3) Campanyes solid\u00e0ries Nadal 2013<\/font><br \/><\/span><\/font><\/div>\n<div><font size=\"4\"><span lang=\"CA\" style=\"line-height: 150%;\">Com segurament ja us hauran explicat els vostres fills i filles us volem recordar que un any m\u00e9s el centre participa en una <strong>recollida solid\u00e0ria organitzada per l&#8217;alumnat de 4t d&#8217;ESO:<\/strong>.<\/span><\/font> <\/p>\n<ul>\n<li><font size=\"4\"><span lang=\"CA\" style=\"line-height: 150%;\"><strong>Campanya de recollida per al Banc<\/strong><\/span><strong> d\u00e2??Aliments<\/strong> (arr\u00f2s, pasta i llegum sec).&nbsp;<\/font><\/li>\n<\/ul>\n<p><font size=\"4\"><span lang=\"CA\" style=\"line-height: 150%;\"><strong>La recollida es fa des del dilluns dia 2 fins el divendres 13\/12 de 7,45h a 8h.<\/strong> L\u00e2??alumnat <\/span><\/font><font size=\"4\"><span lang=\"CA\" style=\"line-height: 150%;\">voluntari <\/span><\/font><font size=\"4\"><span lang=\"CA\" style=\"line-height: 150%;\">de 4t \u00e9s el responsable de la recollida i ha passat per <\/span><span lang=\"CA\" style=\"line-height: 150%;\">tots els grups<\/span><span lang=\"CA\" style=\"line-height: 150%;\"> del centre a presentar la campanya.<\/span><\/font><\/p>\n<ul>\n<li><font size=\"4\"><span lang=\"CA\" style=\"line-height: 150%;\"><strong>Campanya de Pastissos Solidaris<\/strong><br \/>\n organitzada per l&#8217;alumnat de 2n d&#8217;ESO, on tots els alumnes que vulguin<br \/>\nfaran pastissos pel darrer dia de classe (el 20 de desembre), els<br \/>\nvendrem a 0.50\u00e2?\u00ac i portarem els diners recollits a la Fundaci\u00f3 Arrels que<br \/>\n treballa amb la gent sense sostre.<br \/> <\/span><\/font><\/li>\n<li><font size=\"4\"><span lang=\"CA\" style=\"line-height: 150%;\"><strong>Campanya<\/strong> <strong>1origami- 1euro<\/strong>.<br \/>\n Avui divendres 29 de novembre hem portat a la M\u00fatua General de<br \/>\nCatalunya els 110 origamis que han fet els nostres alumnes i que<br \/>\nequivalen a 110\u00e2?\u00ac per a la marat\u00f3 de TV3 que enguany es dedica a les<br \/>\nmalalties neuro-degeneratives.<br \/> <\/span><\/font><\/li>\n<\/ul>\n<p><font size=\"4\"> <span lang=\"CA\" style=\"line-height: 150%;\"><\/span><\/font> <\/p>\n<p class=\"MsoNormal\" style=\"text-align: justify; line-height: 150%;\"><font size=\"6\"> <\/font><font size=\"4\"><span lang=\"CA\" style=\"line-height: 150%;\"><font size=\"6\">4) Activitats del 20 de desembre<\/font><strong><br \/><\/strong><\/span><\/font><\/p>\n<p class=\"MsoNormal\" style=\"text-align: justify; line-height: 150%;\"><font size=\"4\"><span lang=\"CA\" style=\"line-height: 150%;\"><strong>&#8211; El proper<br \/>\n20 de desembre, hem<br \/>\nprogramat un seguit d\u00e2??activitats per a acomiadar el trimestre que<br \/>\ninclouen actuacions musicals, lectura de poemes, lliurament de premis,<br \/>\n&#8230;<\/strong> <\/span><\/font><\/p>\n<p class=\"MsoNormal\" style=\"text-align: justify; line-height: 150%;\"><font size=\"4\"><span lang=\"CA\" style=\"line-height: 150%;\">A l\u00e2??hora d\u00e2??esmorzar, com altres anys,<br \/>\n<strong>hi haur\u00e0 la venda de pastissos solidaris (0,5 \u00e2?\u00ac\/porci\u00f3)<\/strong>. Agrairem<br \/>\n la<br \/>\nparticipaci\u00f3 del vostre fill\/a en la realitzaci\u00f3 d\u00e2??algun past\u00eds per fer<br \/>\nd&#8217;aquesta activitat un acte de solidaritat envers els m\u00e9s necessitats.<br \/>\nTamb\u00e9 us demanem que aquest dia ning\u00fa porti esmorzar i compri pastissos.<br \/>\n De la mateixa manera que el curs passat tots els diners que es recullin<br \/>\n els donarem a la Fundaci\u00f3 Arrels, una<br \/>\nONG que treballa amb la gent sense sostre. <\/span><\/font><\/p>\n<p class=\"MsoNormal\" style=\"text-align: justify; line-height: 150%;\"><font size=\"4\"><span lang=\"CA\" style=\"line-height: 150%;\">A la <a href=\"\/ies-jaumebalmes\/intranet\" target=\"_blank\">IntraWeb <\/a>tindreu l&#8217;horari de les activitats del 20\/12\/2013<\/span>&nbsp; i una descripci\u00f3 de l&#8217;activitat de Pastissos solidaris<\/font><\/p>\n<p class=\"MsoNormal\" style=\"text-align: justify; line-height: 150%;\"><font size=\"4\"><span lang=\"CA\" style=\"line-height: 150%;\"> <\/span><\/font><\/p>\n<p class=\"MsoNormal\" style=\"text-align: justify; line-height: 150%;\"><font size=\"4\"><strong><span lang=\"CA\" style=\"line-height: 150%;\">Totes les activitats del <font size=\"4\">divendres 20\/12 <\/font>finalitzaran al migdia i la sortida de<br \/>\nl\u00e2??alumnat est\u00e0 prevista de la seg\u00fcent manera: <br \/><\/span><\/strong><\/font><\/p>\n<ul>\n<li><font size=\"4\"><strong><span lang=\"CA\" style=\"line-height: 150%;\">12h: Sortida de l&#8217;alumnat de 3r i 4t d\u00e2??ESO i de Batxillerat<\/span><\/strong> <br \/><strong><span lang=\"CA\" style=\"line-height: 150%;\"><\/span><\/strong><\/font><\/li>\n<li><font size=\"4\"><strong><span lang=\"CA\" style=\"line-height: 150%;\">13.30h: Sortida de l&#8217;alumnat de 1r i 2n d\u00e2??ESO&nbsp;<\/span><\/strong><span lang=\"CA\" style=\"line-height: 150%;\"><\/span><span lang=\"CA\" style=\"line-height: 150%;\"><\/span><\/font><\/li>\n<\/ul><\/div>\n<div>\n<p class=\"MsoNormal\" style=\"margin-left: 18pt; text-align: justify;\"><span lang=\"CA\" style=\"font-family: Arial; color: red;\"> <\/span><\/p>\n<p class=\"MsoNormal\" style=\"text-align: justify;\"><font size=\"6\"> <\/font><font size=\"4\"><font size=\"4\"><font size=\"6\">3) Carnets escolars<\/font><\/font><\/font><\/p>\n<p class=\"MsoNormal\" style=\"text-align: justify;\"><font size=\"4\">Ja estan re<font size=\"4\">partits els <\/font><\/font><span dir=\"ltr\"><span lang=\"CA\" style=\"font-family: Arial;\"><font size=\"4\"><strong>carnets escolars<\/strong><\/font> <font size=\"4\">de l&#8217;alumnat que els permetr\u00e0 demanar <strong>material de la biblioteca en pr\u00e9stec <\/strong>i<br \/>\nque els identifica com a alumnes del centre. A m\u00e9s del curs i grup al qual<br \/>\npertanyen hi apareix <strong>si cursa estudis<br \/>\nde m\u00fasica o dansa i si fa assignatures soltes<\/strong>; aquesta informaci\u00f3 permetr\u00e0<br \/>\nal professorat de gu\u00e0rdia atendre amb m\u00e9s agilitat a l\u00e2??alumnat que convalida<br \/>\nalguna assignatura i controlar els fluxos d\u00e2??entrades i sortides del centre. <strong>\u00c3?s, per tant, molt important que el portin<br \/>\nsempre a sobre.<\/strong><\/font><\/span><\/span><\/p>\n<p class=\"MsoNormal\" style=\"text-align: justify;\"><span dir=\"ltr\"><span lang=\"CA\" style=\"font-family: Arial;\"><\/span><\/span><\/p>\n<p class=\"MsoNormal\" style=\"text-align: justify;\"><span dir=\"ltr\"><span lang=\"CA\" style=\"font-family: Arial;\"><\/span><\/span><\/p>\n<p> <font size=\"4\"><span lang=\"CA\" style=\"font-family: Arial;\"><\/span><\/font><font size=\"6\">4)<\/font><span dir=\"ltr\"><span lang=\"CA\" style=\"font-family: Arial;\"><font size=\"6\"> La comunicaci\u00f3 centre-fam\u00edlies<br \/>\n<\/font><\/p>\n<p><font size=\"4\">\u00c3?s b\u00e0sica per tal d\u00e2??aconseguir una millor formaci\u00f3 de l\u00e2??alumnat i una millor conviv\u00e8ncia:<\/font><\/span><\/span><font size=\"4\"> <\/font>\n        <\/div>\n<\/p><\/div>\n<\/p><\/div>\n<\/p><\/div>\n<ul>\n<li><font size=\"4\"><span lang=\"CA\" style=\"font-family: Arial;\"><\/span><span lang=\"CA\" style=\"font-family: Symbol;\"><span style=\"font-family: 'Times New Roman';\"><\/span><\/span><span dir=\"ltr\"><span lang=\"CA\" style=\"font-family: Arial;\">El <strong>correu electr\u00f2nic<\/strong> \u00e9s el<br \/>\nmitj\u00e0 b\u00e0sic de comunicaci\u00f3 i sabeu que tant a trav\u00e9s del web del centre com a trav\u00e9s<br \/>\ndel web de seguiment de faltes i retards podeu enviar correus<\/span><\/span><span lang=\"CA\" style=\"font-family: Arial;\"> <\/span><span lang=\"CA\" style=\"font-family: Arial;\">electr\u00f2nics que rebrem, de moment l\u00e2??equip directiu, i<br \/>\nque volem acabi rebent el professorat.<\/span><\/font><\/li>\n<li><font size=\"4\"><span lang=\"CA\" style=\"font-family: Symbol;\"><span style=\"font-family: 'Times New Roman';\"> <\/span><\/span><span dir=\"ltr\"><span lang=\"CA\" style=\"font-family: Arial;\">A <strong>l&#8217;IntraWeb del centre (<a href=\"\/ies-jaumebalmes\/intranet\" target=\"_blank\">http:\/\/agora.xtec.cat\/ies-jaumebalmes\/intranet<\/a>)<\/strong>  podeu trobar informaci\u00f3 constant i<br \/>\nactualitzada de:<\/span><\/span><\/font><\/li>\n<\/ul>\n<p><font size=\"4\"> <\/font> <\/p>\n<p style=\"margin-left: 42.24pt;\"><font size=\"4\"><span lang=\"CA\" style=\"font-family: &quot;Courier New&quot;;\">o<span style=\"font-family: 'Times New Roman';\"> <\/span><\/span><span dir=\"ltr\"><strong><a href=\"\/ies-jaumebalmes\/intranet\/index.php?module=Downloads&amp;func=sublevel&amp;cid=38&amp;start=0\" target=\"_blank\"><a href=\"\/ies-jaumebalmes\/intranet\/index.php?module=Downloads&amp;func=sublevel&amp;cid=38&amp;start=0\" target=\"_blank\"><span style=\"color: windowtext; text-decoration: none;\">DOCUMENTS<br \/>\nP\u00c3?BLICS<\/span><\/a><\/a><a target=\"_blank\" href=\"\/ies-jaumebalmes\/intranet\/index.php?module=Downloads&amp;func=sublevel&amp;cid=38&amp;start=0\"><span style=\"color: windowtext; text-decoration: none;\"><\/span><\/a><a href=\"\/ies-jaumebalmes\/intranet\/index.php?module=Downloads&amp;func=sublevel&amp;cid=38&amp;start=0\" target=\"_blank\"> | DOCUMENTS DEL CENTRE; PEC i ALTRES DOCUMENTS<\/a><\/strong><\/span><strong>:<\/strong> Hi trobareu els Equips Docents del curs, Projecte educatiu de<br \/>\ncentre, el PAT (Pla d&#8217;Acci\u00f3 Tutorial), Projecte cultural, el NOFC (Normes d\u00e2??organitzaci\u00f3 i<br \/>\nfuncionament de centre) revisat i aprovat pel C.Escolar el curs passat,<br \/>\nels criteris d&#8217;avaluaci\u00f3 d&#8217;ESO i Batxillerat d&#8217;aquest curs, resultats de les avaluacions externes.<br \/><\/font><\/p>\n<p><font size=\"4\"> <\/font> <\/p>\n<p style=\"margin-left: 42.24pt;\"><font size=\"4\"><span lang=\"CA\" style=\"font-family: &quot;Courier New&quot;;\">o<span style=\"font-family: 'Times New Roman';\"> <\/span><\/span><span dir=\"ltr\"><span lang=\"CA\" style=\"font-family: Arial;\">A <strong><a href=\"\/ies-jaumebalmes\/intranet\/index.php?module=Downloads&amp;func=sublevel&amp;cid=9\" target=\"_blank\"><span style=\"color: windowtext; text-decoration: none;\">DOCUMENTS P\u00c3?BLICS<\/span><\/a>:<\/strong> hi trobareu el calendari amb totes les<br \/>\nactivitats<\/span> que es fan al centre, diferenciant les que depenen dels diferents<br \/>\ndepartaments i seminaris, les que ajuden a desenvolupar el PAT, les<br \/>\norganitzades pel centre, les reunions informatives, Informaci\u00f3 sobre<br \/>\nconfer\u00e8ncies, diferents campanyes solid\u00e0ries, etc&#8230;.<\/span><\/font><\/p>\n<p><font size=\"4\"> <\/font> <\/p>\n<p style=\"margin-left: 42.24pt;\"><font size=\"4\"><span lang=\"CA\" style=\"font-family: &quot;Courier New&quot;;\">o<span style=\"font-family: 'Times New Roman';\"> <\/span><\/span><span dir=\"ltr\"><span lang=\"CA\" style=\"font-family: Arial;\">A la <strong><a href=\"https:\/\/plus.google.com\/u\/0\/photos\/109082993004267794892\/albums\" target=\"_blank\"><span style=\"color: windowtext; text-decoration: none;\">GALERIA MULTIM\u00c3?DIA<\/span><\/a><\/strong>: podeu trobar una selecci\u00f3 de fotos de les<br \/>\ndiferents activitats<\/span> i sortides que es van realitzant al llarg del curs. i tamb\u00e9 algun v\u00eddeo al nostre <strong><a href=\"http:\/\/www.youtube.com\/institutjaumebalmes\" target=\"_blank\">CANAL YOUTUBE<\/a><\/strong><br \/> <\/span><\/font><\/p>\n<p style=\"margin-left: 42.24pt;\"> <font size=\"4\"><span dir=\"ltr\"><span lang=\"CA\" style=\"font-family: Arial;\"><\/span><\/span><\/font><\/p>\n<p><font size=\"4\"> <\/font> <\/p>\n<p style=\"margin-left: 42.24pt;\"><font size=\"4\"><span lang=\"CA\" style=\"font-family: &quot;Courier New&quot;;\">o<span style=\"font-family: 'Times New Roman';\"> <\/span><\/span><span dir=\"ltr\"><span lang=\"CA\" style=\"font-family: Arial;\">Recordeu que \u00e9s important fer el <\/span><\/span><span lang=\"CA\" style=\"font-family: Arial;\">SEGUIMENT DE LES FALTES D&#8217;ASSIST\u00c3?NCIA: a trav\u00e9s de<br \/><\/span><\/font><\/p>\n<p> <font size=\"4\"> <\/font> <\/p>\n<p style=\"margin-left: 42.24pt;\"><font size=\"4\"><span lang=\"CA\" style=\"font-family: Arial;\"><a href=\"http:\/\/ies-jaumebalmes.xtec.cat\/families\" target=\"_blank\">http:\/\/ies-jaumebalmes.xtec.cat\/families<\/a><\/span><\/font><\/p>\n<p style=\"margin-left: 42.24pt;\"><font size=\"4\"><span lang=\"CA\" style=\"font-family: Arial;\"><a href=\"http:\/\/ies-jaumebalmes.xtec.cat\/families\" target=\"_blank\"><\/a><\/span><span lang=\"CA\" style=\"font-family: Arial;\">Hi heu d&#8217;entrar <strong>amb el codi i contrasenya que el<br \/>\nvostre fill\/a fa servir per a connectar-se als diferents serveis web del centre<\/strong><br \/>\n(IntraWeb, Moodle, ordinadors del centre, etc). A l&#8217;inici de curs cada<br \/>\nalumne\/a rep aquesta informaci\u00f3 en una etiqueta postal. L&#8217;alumne\/a us<br \/>\nl&#8217;ha de<br \/>\nfacilitar i en cas de p\u00e8rdua o oblit l&#8217;ha de tornar a demanar al tutor\/a<br \/>\n del<br \/>\nseu grup classe.<br \/> <\/span><span lang=\"CA\"><br \/> <\/span><strong><span lang=\"CA\" style=\"font-family: Arial;\">Encara que l&#8217;actualitzaci\u00f3 de<br \/>\nla informaci\u00f3 de faltes es fa di\u00e0riament de forma autom\u00e0tica, la freq\u00fc\u00e8ncia amb<br \/>\nla qual el professorat&nbsp; la introdueix \u00e9s de dues vegades a la setmana. La<br \/>\ninformaci\u00f3 que trobareu doncs, fa refer\u00e8ncia a la setmana anterior. <\/span><\/strong><span lang=\"CA\" style=\"font-family: Arial;\"><\/p>\n<p> <strong>Les justificacions les fa el tutor\/a una vegada rebuts els justificants de<br \/>\nl&#8217;alumnat<\/strong>.<\/span><\/font><\/p>\n<p style=\"margin-left: 42.24pt;\"><font size=\"4\"><br \/><span lang=\"CA\" style=\"font-family: Arial;\"><\/span><\/font><\/p>\n<p style=\"margin-left: 42.24pt;\"><font size=\"4\"><span lang=\"CA\" style=\"font-family: Arial;\"><\/span><\/font><\/p>\n<p class=\"MsoNormal\" style=\"text-align: justify; line-height: 150%;\"><font size=\"4\"><span lang=\"CA\" style=\"line-height: 150%;\">Aprofitem per desitjar-vos unes bones<br \/>\nfestes i un millor 2014<font size=\"4\">!!!<\/font><\/span><\/font><\/p>\n<p class=\"MsoNormal\" style=\"text-align: justify; line-height: 150%;\"><span lang=\"CA\" style=\"font-size: 10pt; line-height: 150%;\"> <\/span><\/p>\n<p><font size=\"4\"><span lang=\"CA\">L\u00e2??equip directiu<\/span><\/font><\/p>\n","protected":false},"excerpt":{"rendered":"<p>Avui hem enviat un correu electr\u00f2nic a les fam\u00edlies amb el&nbsp;<a target=\"_blank\" href=\"http:\/\/www.google.com\/calendar\/embed?src=a8013111%40xtec.cat&amp;ctz=Europe\/Madrid\">Calendari de les activitats del centre de desembre<\/a>, incloses <a href=\"\/ies-jaumebalmes\/intranet\/index.php?module=Downloads&amp;func=prep_hand_out&amp;lid=612\" target=\"_blank\">les activitats que formen part del Pla d&#8217;Acci\u00f3 Tutorial (PAT)<\/a> i altres informacions i recordatoris importants.<br \/>\nSi no us ha arribar i voleu&hellip;  <a href=\"https:\/\/agora.xtec.cat\/ies-jaumebalmes\/general\/calendari-de-les-activitats-del-centre-de-desembre-de-2013\/\" title=\"Read Calendari de les activitats del centre de desembre de 2013\">Llegeix m\u00e9s\u00bb<\/a><\/p>\n","protected":false},"author":3,"featured_media":0,"comment_status":"open","ping_status":"open","sticky":false,"template":"","format":"standard","meta":{"_bbp_topic_count":0,"_bbp_reply_count":0,"_bbp_total_topic_count":0,"_bbp_total_reply_count":0,"_bbp_voice_count":0,"_bbp_anonymous_reply_count":0,"_bbp_topic_count_hidden":0,"_bbp_reply_count_hidden":0,"_bbp_forum_subforum_count":0,"footnotes":""},"categories":[1],"tags":[97,100],"class_list":["post-723","post","type-post","status-publish","format-standard","hentry","category-general","tag-intraweb","tag-noticies"],"post_mailing_queue_ids":[],"_links":{"self":[{"href":"https:\/\/agora.xtec.cat\/ies-jaumebalmes\/wp-json\/wp\/v2\/posts\/723","targetHints":{"allow":["GET"]}}],"collection":[{"href":"https:\/\/agora.xtec.cat\/ies-jaumebalmes\/wp-json\/wp\/v2\/posts"}],"about":[{"href":"https:\/\/agora.xtec.cat\/ies-jaumebalmes\/wp-json\/wp\/v2\/types\/post"}],"author":[{"embeddable":true,"href":"https:\/\/agora.xtec.cat\/ies-jaumebalmes\/wp-json\/wp\/v2\/users\/3"}],"replies":[{"embeddable":true,"href":"https:\/\/agora.xtec.cat\/ies-jaumebalmes\/wp-json\/wp\/v2\/comments?post=723"}],"version-history":[{"count":0,"href":"https:\/\/agora.xtec.cat\/ies-jaumebalmes\/wp-json\/wp\/v2\/posts\/723\/revisions"}],"wp:attachment":[{"href":"https:\/\/agora.xtec.cat\/ies-jaumebalmes\/wp-json\/wp\/v2\/media?parent=723"}],"wp:term":[{"taxonomy":"category","embeddable":true,"href":"https:\/\/agora.xtec.cat\/ies-jaumebalmes\/wp-json\/wp\/v2\/categories?post=723"},{"taxonomy":"post_tag","embeddable":true,"href":"https:\/\/agora.xtec.cat\/ies-jaumebalmes\/wp-json\/wp\/v2\/tags?post=723"}],"curies":[{"name":"wp","href":"https:\/\/api.w.org\/{rel}","templated":true}]}}