{"id":721,"date":"2013-11-14T15:12:05","date_gmt":"2013-11-14T14:12:05","guid":{"rendered":"http:\/\/agora.xtec.cat\/ies-jaumebalmes\/general\/seleccio-de-fotos-de-les-ultimes-sortides\/"},"modified":"2013-11-14T15:12:05","modified_gmt":"2013-11-14T14:12:05","slug":"seleccio-de-fotos-de-les-ultimes-sortides","status":"publish","type":"post","link":"https:\/\/agora.xtec.cat\/ies-jaumebalmes\/general\/seleccio-de-fotos-de-les-ultimes-sortides\/","title":{"rendered":"Selecci\u00f3 de fotos de les \u00faltimes sortides"},"content":{"rendered":"<p>Ja teniu disponible a la <a href=\"https:\/\/plus.google.com\/photos\/109082993004267794892\/albums\" target=\"_blank\">Galeria Multim\u00e8dia<\/a> una selecci\u00f3 de fotos de les sortides de tutoria:<\/p>\n<ul>\n<li><a target=\"_blank\" href=\"https:\/\/plus.google.com\/photos\/109082993004267794892\/albums\/5943863630774810625?sort=1\">4t d&#8217;ESO4 de marxa fent esport al Poliesportiu Joan Mr\u00f3<\/a><\/li>\n<li><a target=\"_blank\" href=\"https:\/\/plus.google.com\/photos\/109082993004267794892\/albums\/5945728279815040225\">2n d&#8217;ESO: Cursa d\u00e2??orientaci\u00f3 al Parc de l\u00e2??Oreneta (31\/10\/2013)<\/a><\/li>\n<li><a target=\"_blank\" href=\"https:\/\/plus.google.com\/photos\/109082993004267794892\/albums\/5945730824349581521?sort=1\">2n d&#8217;ESO: Dia de la Diversitat 2013 (12\/11\/20013)<\/a><\/li>\n<\/ul>\n<p><a target=\"_blank\" href=\"https:\/\/plus.google.com\/photos\/109082993004267794892\/albums\/5943863630774810625?sort=1\"><img decoding=\"async\" src=\"https:\/\/lh6.googleusercontent.com\/dXFWRBG_u8THl91LPSCbPrNM7ANQX24xtD_AfoDydawF=w303-h227-p-no\" \/><\/a><a target=\"_blank\" href=\"https:\/\/plus.google.com\/photos\/109082993004267794892\/albums\/5945728279815040225?sort=1\"><img decoding=\"async\" src=\"https:\/\/lh5.googleusercontent.com\/ez2BXywcBGaTeAmXWUf97_JcQvXurhWlObKthXBIDW6m=w304-h227-p-no\" \/><\/a><\/p>\n<p><a target=\"_blank\" href=\"https:\/\/plus.google.com\/photos\/109082993004267794892\/albums\/5945730824349581521?sort=1\"><img decoding=\"async\" src=\"https:\/\/lh3.googleusercontent.com\/6WLbCK1C4IK5wQ-o1gY5n8XtnkTG4o-cNHtRwIZzMBzu=w304-h227-p-no\" \/><\/a><\/p>\n<p><\/p>\n<ul>\n<li> <a target=\"_blank\" href=\"https:\/\/plus.google.com\/photos\/109082993004267794892\/albums\/5943863630774810625\">4t d&#8217;ESO4 de marxa fent esport al Poliesportiu Joan Mr\u00f3<\/a><\/li>\n<\/ul>\n<blockquote>\n<p>L\u00e2??alumnat de 4t d\u00e2??ESO ha participat al programa De marxa fent esport que<br \/>\n s\u00e2??ha realitzat al Poliesportiu Municipal Joan Mir\u00f3 i coordinat pel<br \/>\ndepartament d\u00e2??educaci\u00f3 f\u00edsica de l\u00e2??institut.<br \/>Al llarg de tot el mat\u00ed<br \/>\nels alumnes feien tots tipus d\u00e2??activitats esportives (Bodycombat,<br \/>\nFitbike, Fitball, Bodypump, Step, bodybalance&#8230;) amb l\u00e2??objectiu de<br \/>\ndescobrir i practicar exercici f\u00edsic en una instal\u00b7laci\u00f3 esportiva<br \/>\nmunicipal i, per aquells a qui agradi i tinguin inter\u00e8s, oferir la<br \/>\npossibilitat de participar en un programa extraescolar d\u00e2??exercici f\u00edsic.<br \/>Aqu\u00ed&nbsp; podeu veure una selecci\u00f3 de les millors fotos. <\/p>\n<\/blockquote>\n<ul>\n<li><a target=\"_blank\" href=\"https:\/\/plus.google.com\/photos\/109082993004267794892\/albums\/5945728279815040225\">2n d&#8217;ESO: Cursa d\u00e2??orientaci\u00f3 al Parc de l\u00e2??Oreneta (31\/10\/2013)<\/a><\/li>\n<\/ul>\n<blockquote><p>Els alumnes de 2n d\u00e2??ESO van fer al Parc Castell de l\u00e2??Oreneta el passat dijous 31 d\u00e2??octubre una cursa d\u00e2??orientaci\u00f3.<br \/>Els<br \/>\n diferents equips triaven el circuit que volien fer (f\u00e0cil, dif\u00edcil i<br \/>\nmolt dif\u00edcil) i intentaven trobar les fites que hi havia amagades pel<br \/>\nParc en el menor temps possible. Pocs van ser els grups que es van<br \/>\n\u00e2??perdre\u00e2?\u009d demostrant que a l\u00e2??institut ens nois i noies saben orientar-se<br \/>\nfor\u00e7a b\u00e9.<\/p><\/blockquote>\n<ul>\n<li><a target=\"_blank\" href=\"https:\/\/plus.google.com\/photos\/109082993004267794892\/albums\/5945730824349581521?sort=1\">2n d&#8217;ESO: Dia de la Diversitat 2013 (12\/11\/20013)<\/a><\/li>\n<p>El dimarts 12 de novembre, els alumnes de 2n d\u00e2??ESO van participar al Dia<br \/>\n de la Diversitat, activitat organitzada per la Regidoria de Dona i<br \/>\nDrets Civils de l&#8217;Ajuntament de Barcelona i l\u00e2??Ag\u00e8ncia Europea de Drets<br \/>\nFonamentals, en col\u00b7laboraci\u00f3 amb l\u00e2??Institut Municipal d\u00e2??Educaci\u00f3 de<br \/>\nBarcelona i entitats de la ciutat, a l\u00e2??espai Jove de Fontana del barri<br \/>\nde Gr\u00e0cia.<\/p>\n<p>Podeu descarregar el&nbsp;programa detallat amb les activitats del Dia de la Diversitat en el seg\u00fcent enlla\u00e7: <a href=\"http:\/\/www.diadeladiversitat.cat\/\" class=\"ot-anchor\" rel=\"nofollow\">http:\/\/www.diadeladiversitat.cat\/<\/a><br \/>El<br \/>\n Dia de la Diversitat \u00e9s un esdeveniment de foment, sensibilitzaci\u00f3 i<br \/>\neducaci\u00f3 en drets humans, adre\u00e7at a joves estudiants de 12 a 18 anys. A<br \/>\ntrav\u00e9s de jocs, din\u00e0miques, tallers i diferents propostes d\u00e2??activitats<br \/>\nes van donar a con\u00e8ixer aquests drets i es van posar a l\u00e2??abast dels<br \/>\nparticipants les entitats de refer\u00e8ncia que hi treballen.&nbsp; Els alumnes<br \/>\nseguiran treballant aquesta activitat a les hores de tutoria. <\/p>\n<\/ul>\n","protected":false},"excerpt":{"rendered":"<p>Ja teniu disponible a la <a href=\"https:\/\/plus.google.com\/photos\/109082993004267794892\/albums\" target=\"_blank\">Galeria Multim\u00e8dia<\/a> una selecci\u00f3 de fotos de les sortides de tutoria:<\/p>\n<ul>\n<li><a target=\"_blank\" href=\"https:\/\/plus.google.com\/photos\/109082993004267794892\/albums\/5943863630774810625?sort=1\">4t d&#8217;ESO4 de marxa fent esport al Poliesportiu Joan Mr\u00f3<\/a><\/li>\n<li><a target=\"_blank\" href=\"https:\/\/plus.google.com\/photos\/109082993004267794892\/albums\/5945728279815040225\">2n d&#8217;ESO: Cursa d\u00e2??orientaci\u00f3 al Parc de l\u00e2??Oreneta (31\/10\/2013)<\/a><\/li>\n<li><a target=\"_blank\" href=\"https:\/\/plus.google.com\/photos\/109082993004267794892\/albums\/5945730824349581521?sort=1\">2n d&#8217;ESO: Dia de la&hellip;  <a href=\"https:\/\/agora.xtec.cat\/ies-jaumebalmes\/general\/seleccio-de-fotos-de-les-ultimes-sortides\/\" title=\"Read Selecci\u00f3 de fotos de les \u00faltimes sortides\">Llegeix m\u00e9s\u00bb<\/a><br \/>\n","protected":false},"author":3,"featured_media":0,"comment_status":"open","ping_status":"open","sticky":false,"template":"","format":"standard","meta":{"_bbp_topic_count":0,"_bbp_reply_count":0,"_bbp_total_topic_count":0,"_bbp_total_reply_count":0,"_bbp_voice_count":0,"_bbp_anonymous_reply_count":0,"_bbp_topic_count_hidden":0,"_bbp_reply_count_hidden":0,"_bbp_forum_subforum_count":0,"footnotes":""},"categories":[1],"tags":[97,100],"class_list":["post-721","post","type-post","status-publish","format-standard","hentry","category-general","tag-intraweb","tag-noticies"],"post_mailing_queue_ids":[],"_links":{"self":[{"href":"https:\/\/agora.xtec.cat\/ies-jaumebalmes\/wp-json\/wp\/v2\/posts\/721","targetHints":{"allow":["GET"]}}],"collection":[{"href":"https:\/\/agora.xtec.cat\/ies-jaumebalmes\/wp-json\/wp\/v2\/posts"}],"about":[{"href":"https:\/\/agora.xtec.cat\/ies-jaumebalmes\/wp-json\/wp\/v2\/types\/post"}],"author":[{"embeddable":true,"href":"https:\/\/agora.xtec.cat\/ies-jaumebalmes\/wp-json\/wp\/v2\/users\/3"}],"replies":[{"embeddable":true,"href":"https:\/\/agora.xtec.cat\/ies-jaumebalmes\/wp-json\/wp\/v2\/comments?post=721"}],"version-history":[{"count":0,"href":"https:\/\/agora.xtec.cat\/ies-jaumebalmes\/wp-json\/wp\/v2\/posts\/721\/revisions"}],"wp:attachment":[{"href":"https:\/\/agora.xtec.cat\/ies-jaumebalmes\/wp-json\/wp\/v2\/media?parent=721"}],"wp:term":[{"taxonomy":"category","embeddable":true,"href":"https:\/\/agora.xtec.cat\/ies-jaumebalmes\/wp-json\/wp\/v2\/categories?post=721"},{"taxonomy":"post_tag","embeddable":true,"href":"https:\/\/agora.xtec.cat\/ies-jaumebalmes\/wp-json\/wp\/v2\/tags?post=721"}],"curies":[{"name":"wp","href":"https:\/\/api.w.org\/{rel}","templated":true}]}}