{"id":719,"date":"2013-10-10T13:31:04","date_gmt":"2013-10-10T12:31:04","guid":{"rendered":"http:\/\/agora.xtec.cat\/ies-jaumebalmes\/general\/activitats-del-centre-de-setembre-a-novembre-de-2013\/"},"modified":"2013-10-10T13:31:04","modified_gmt":"2013-10-10T12:31:04","slug":"activitats-del-centre-de-setembre-a-novembre-de-2013","status":"publish","type":"post","link":"https:\/\/agora.xtec.cat\/ies-jaumebalmes\/general\/activitats-del-centre-de-setembre-a-novembre-de-2013\/","title":{"rendered":"Activitats del centre de setembre a novembre de 2013"},"content":{"rendered":"<p>Avui hem enviat un correu electr\u00f2nic a les fam\u00edlies amb el&nbsp;<strong><a href=\"\/ies-jaumebalmes\/intranet\/index.php?module=Downloads&amp;func=prep_hand_out&amp;lid=606\" target=\"_blank\">Calendari de les activitats del centre de setembre a novembre de 2013<\/a>, incloses les activitats que formen part del Pla d&#8217;Acci\u00f3 Tutorial (PAT) i altres informacions i recordatoris importants<\/strong>.<\/p>\n<p>Si no us ha arribar i voleu que us incorporem als destinataris<br \/>\nd&#8217;aquestes trameses peri\u00f2diques cal que envieu un correu al centre<br \/>\na801311@xtec.cat indicant el Nom i Cognom de l&#8217;alumne, grup classe i el<br \/>\nvostre correu electr\u00f2nic i manifestant que voleu rebre les informacions<br \/>\nper correu electr\u00f2nic.<\/p>\n<p style=\"text-align: justify;\"><strong><span lang=\"CA\" style=\"font-family: Arial;\">Benvolgudes fam\u00edlies,<\/span><\/strong><\/p>\n<p style=\"text-align: justify;\"><strong><span lang=\"CA\" style=\"font-family: Arial;\"> <\/span><\/strong><span lang=\"CA\" style=\"font-family: Arial;\"><\/span><\/p>\n<p style=\"text-align: justify;\"><span lang=\"CA\" style=\"font-family: Arial;\">Hem comen\u00e7at el nou curs i tot i que ja ens hem vist amb tots vosaltres<br \/>\na les reunions d\u00e2??inici de curs.&nbsp;<\/span><\/p>\n<p style=\"text-align: justify;\"><span lang=\"CA\" style=\"font-family: Arial;\"><\/span><\/p>\n<p style=\"text-align: justify;\"> <span lang=\"CA\" style=\"font-family: Arial;\">A m\u00e9s d&#8217;enviar-vos l&#8217;enlla\u00e7 al<\/span> <a href=\"\/ies-jaumebalmes\/intranet\/index.php?module=Downloads&amp;func=prep_hand_out&amp;lid=606\" target=\"_blank\"><font size=\"4\">Calendari de les activitats del centre de setembre a novembre de 2013<\/font><\/a><font size=\"4\"> <\/font><span lang=\"CA\" style=\"font-family: Arial;\">us volem fer un recordatori dels aspectes m\u00e9s<br \/>\nrellevants d\u00e2??aquest.<\/span><\/p>\n<p style=\"text-align: justify;\"><span lang=\"CA\" style=\"font-family: Arial;\"><\/span><\/p>\n<p style=\"text-align: justify;\"><span lang=\"CA\" style=\"font-family: Arial;\"><\/span><\/p>\n<p style=\"text-align: justify;\"><font size=\"4\"><span lang=\"CA\" style=\"font-family: Arial;\"><strong>&nbsp;1.<\/strong><span style=\"font-family: 'Times New Roman';\"><strong> <\/strong><\/span><\/span><\/font><span dir=\"ltr\"><span lang=\"CA\" style=\"font-family: Arial;\"><font size=\"4\">Com tots sabeu <\/font><font size=\"4\">seguim immersos en una situaci\u00f3 de dificultat i precarietat<\/font> La plantilla de professorat s\u00e2??ha vist retallada de<br \/>\nnou i les condicions laborals, sobretot del professorat substitut, s\u00f3n cada<br \/>\nvegada m\u00e9s prec\u00e0ries. <\/span><\/span><\/p>\n<ul>\n<li><span dir=\"ltr\"><span lang=\"CA\" style=\"font-family: Arial;\">Les substitucions en cas de baixa del professorat, no es cobriran fins<br \/>\nal cap de 15 dies amb la p\u00e8rdua de classes que aix\u00f2 suposa.<\/span><\/span><\/li>\n<li><span dir=\"ltr\"><span lang=\"CA\" style=\"font-family: Arial;\">El professorat substitut nom\u00e9s cobrar\u00e0 un 15% menys que la resta de professorat.<\/span><\/span><\/li>\n<li><span lang=\"CA\" style=\"font-family: Symbol;\"><span style=\"font-size: 7pt; font-family: 'Times New Roman';\"><\/span><\/span><span dir=\"ltr\"><span lang=\"CA\" style=\"font-family: Arial;\">Seguim amb r\u00e0tios molt altes i tenim les aules encara m\u00e9s plenes.<\/span><\/span><\/li>\n<\/ul>\n<p style=\"text-align: justify;\"><span lang=\"CA\" style=\"font-family: Arial;\">Davant aquesta situaci\u00f3, en molts centres, els Claustres ja estan<br \/>\narribant a acords essent el majoritari no fer sortides i\/o activitats<br \/>\ncomplement\u00e0ries amb l\u00e2??alumnat. A l\u00e2??institut, no s\u00e2??ha pres cap mesura tot i que<br \/>\nen Claustre ja fa temps que se\u00e2??n parla. <strong>El<br \/>\nprojecte cultural, els intercanvis, les sortides d\u00e2??educaci\u00f3<\/strong><\/span><strong><span lang=\"CA\" style=\"font-size: 10pt; font-family: Arial;\"> <\/span><\/strong><strong><span lang=\"CA\" style=\"font-family: Arial;\">f\u00edsica, els viatges de final d\u00e2??etapa&#8230; s\u00f3n<br \/>\npart fonamental del nostre Projecte educatiu i ens sembla que renunciar-hi<br \/>\nseria un greuge fonamental per a l\u00e2??alumnat<\/span><\/strong><span lang=\"CA\" style=\"font-family: Arial;\">. De la mateixa manera, hem articulat mesures per a<br \/>\ncompensar la reducci\u00f3 d\u00e2??hores d\u00e2??atenci\u00f3 a l\u00e2??alumnat, a les gu\u00e0rdies o a la<br \/>\nbiblioteca, amb un sobre-esfor\u00e7 per part de tot el personal del centre. La<br \/>\nnostra voluntat \u00e9s la de seguir treballant per a complir amb el projecte de<br \/>\ncentre per\u00f2 pensem que \u00e9s imprescindible que les fam\u00edlies tingueu coneixement<br \/>\nde quina \u00e9s la situaci\u00f3.<\/span><\/p>\n<p><font size=\"4\"><span lang=\"CA\" style=\"font-family: Arial;\">2.<span style=\"font-family: 'Times New Roman';\"> <\/span><\/span><\/font><span dir=\"ltr\"><span lang=\"CA\" style=\"font-family: Arial; color: red;\"><span style=\"color: #000000;\"><font size=\"4\">Ja han comen\u00e7at les activitats esportives.<\/font><\/span> <font color=\"#000000\">Enguany<br \/>\n tenim 6 equips de voleibol, 1 de tambor\u00ed i 3 de futbol. Per a<br \/>\ninscriure&#8217;s als cros i curses d&#8217;orientaci\u00f3 encara no s&#8217;ha acabat el<br \/>\ntermini; en breu us farem arribar el calendari.<\/font><\/span><\/span><span lang=\"CA\" style=\"font-family: Arial; color: red;\"> <\/span><font size=\"4\"><strong><span lang=\"CA\" style=\"font-family: Arial;\"><br \/> <\/span><\/strong><\/font> <\/p>\n<p style=\"text-align: justify;\"> <font size=\"4\"><strong><span lang=\"CA\" style=\"font-family: Arial;\">4.<span style=\"font-weight: normal; font-family: 'Times New Roman';\"> <\/span><\/span><\/strong><\/font><span dir=\"ltr\"><span lang=\"CA\" style=\"font-family: Arial;\"><font size=\"4\">Igual que els darrers anys, tot l\u00e2??alumnat tindr\u00e0 un <strong>carnet escolar<\/strong><\/font> que li permetr\u00e0 demanar <strong>material de la biblioteca en pr\u00e9stec <\/strong>i<br \/>\nque l\u00e2??identificar\u00e0 com a alumne\/a del centre. A m\u00e9s del curs i grup al que<br \/>\npertany hi apareixer\u00e0 <strong>si cursa estudis<br \/>\nde m\u00fasica o dansa i si fa assignatures soltes<\/strong>; aquesta informaci\u00f3 permetr\u00e0<br \/>\nal professorat de gu\u00e0rdia atendre amb m\u00e9s agilitat a l\u00e2??alumnat que convalida<br \/>\nalguna assignatura i controlar els fluxos d\u00e2??entrades i sortides del centre. <strong>\u00c3?s per tant, important, que el portin<br \/>\nsempre a sobre.<\/strong><\/span><\/span><\/p>\n<p style=\"text-align: justify;\"><span lang=\"CA\" style=\"font-family: Arial;\"><\/span><\/p>\n<p style=\"text-align: justify;\"><span lang=\"CA\" style=\"font-family: Arial;\"> <\/span><font size=\"4\"><span lang=\"CA\" style=\"font-family: Arial;\">5.<span style=\"font-family: 'Times New Roman';\"> S<\/span><\/span><\/font><span dir=\"ltr\"><span lang=\"CA\" style=\"font-family: Arial;\"><font size=\"4\">\u00e2??han posat <strong>algunes<\/strong> <strong>taquilles m\u00e9s<\/strong><\/font> tot i les limitacions<br \/>\nd\u00e2??espai que t\u00e9 el centre. Us animem a que sempre que sigui possible siguin <strong>compartides<\/strong> per un parell d\u00e2??alumnes i<br \/>\nque es <strong>respectin les normes d\u00e2??\u00fas<\/strong>.<br \/>\n<strong><span style=\"color: #ff0000;\">L\u00e2??alumnat sap que nom\u00e9s hi poden anar en les entrades i sortides del centre i<br \/>\nal baixar i pujar de l&#8217;esbarjo per\u00f2 que han de preveure qu\u00e8 necessitaran ja que no hi podran anar<br \/>\nentre classes.<\/span><\/strong><\/span><\/span><\/p>\n<p style=\"text-align: justify;\"><span lang=\"CA\" style=\"font-family: Arial;\"> <\/span><font size=\"4\"><span lang=\"CA\" style=\"font-family: Arial;\">6.<span style=\"font-family: 'Times New Roman';\"> <\/span><\/span><\/font><span dir=\"ltr\"><span lang=\"CA\" style=\"font-family: Arial;\"><font size=\"4\"><strong>La comunicaci\u00f3 centre-fam\u00edlies<\/strong><\/font><br \/>\n\u00e9s b\u00e0sica per tal d\u00e2??aconseguir una millor formaci\u00f3 de l\u00e2??alumnat i una millor conviv\u00e8ncia<br \/>\nde tota la comunitat educativa:<\/span><\/span><\/p>\n<ul>\n<li><span lang=\"CA\" style=\"font-family: Arial;\"><\/span><span lang=\"CA\" style=\"font-family: Symbol;\"><span style=\"font-size: 7pt; font-family: 'Times New Roman';\"><\/span><\/span><span dir=\"ltr\"><span lang=\"CA\" style=\"font-family: Arial;\">El <strong>correu electr\u00f2nic<\/strong> \u00e9s el<br \/>\nmitj\u00e0 b\u00e0sic de comunicaci\u00f3 i sabeu que tant a trav\u00e9s del web del centre com a trav\u00e9s<br \/>\ndel web de seguiment de faltes i retards podeu enviar correus<\/span><\/span><span lang=\"CA\" style=\"font-size: 10pt; font-family: Arial;\"> <\/span><span lang=\"CA\" style=\"font-family: Arial;\">electr\u00f2nics que rebrem, de moment l\u00e2??equip directiu, i<br \/>\nque volem acabi rebent el professorat.<\/span><\/li>\n<li><span lang=\"CA\" style=\"font-family: Symbol;\"><span style=\"font-size: 7pt; font-family: 'Times New Roman';\"> <\/span><\/span><span dir=\"ltr\"><span lang=\"CA\" style=\"font-family: Arial;\">A <strong>l&#8217;IntraWeb del centre (<a href=\"\/ies-jaumebalmes\/intranet\" target=\"_blank\">http:\/\/agora.xtec.cat\/ies-jaumebalmes\/intranet\/<\/a>)<\/strong>&nbsp; podeu trobar informaci\u00f3 constant i<br \/>\nactualitzada de:<\/span><\/span><\/li>\n<\/ul>\n<p style=\"margin-left: 42.24pt;\"><span lang=\"CA\" style=\"font-family: &quot;Courier New&quot;;\">o<span style=\"font-size: 7pt; font-family: 'Times New Roman';\"> <strong> <a href=\"\/ies-jaumebalmes\/intranet\/index.php?module=Downloads&amp;func=sublevel&amp;cid=38&amp;start=0\" target=\"_blank\"> <\/a><\/strong><\/span><\/span><span dir=\"ltr\"><span lang=\"CA\" style=\"font-family: Arial;\"><strong><a href=\"\/ies-jaumebalmes\/intranet\/index.php?module=Downloads&amp;func=sublevel&amp;cid=38&amp;start=0\" target=\"_blank\">A <span style=\"color: windowtext; text-decoration: none;\">DOCUMENTS<br \/>\nP\u00c3?BLICS<\/span><\/a><a href=\"\/ies-jaumebalmes\/intranet\/index.php?module=Downloads&amp;func=sublevel&amp;cid=38&amp;start=0\" target=\"_blank\"><span style=\"color: windowtext; text-decoration: none;\"><\/span><\/a><a> |<\/a> DOCUMENTS DEL CENTRE; PEC i ALTRES DOCUMENTS<\/strong><\/span><strong>:<\/strong> Hi trobareu els Equips Docents del curs, Projecte educatiu de<br \/>\ncentre, el PAT (Pla d&#8217;Acci\u00f3 Tutorial), Projecte cultural, el NOFC (Normes d\u00e2??organitzaci\u00f3 i<br \/>\nfuncionament de centre) revisat i aprovat pel C.Escolar aquest inici de curs,<br \/>\nels criteris d&#8217;avaluaci\u00f3 d&#8217;ESO i Batxillerat d&#8217;aquest curs, resultats de les avaluacions externes.<br \/><\/span><\/p>\n<p style=\"margin-left: 42.24pt;\"><span lang=\"CA\" style=\"font-family: &quot;Courier New&quot;;\">o<span style=\"font-size: 7pt; font-family: 'Times New Roman';\"> <\/span><\/span><span dir=\"ltr\"><span lang=\"CA\" style=\"font-family: Arial;\">A <strong><a href=\"\/ies-jaumebalmes\/intranet\/index.php?module=Downloads&amp;func=sublevel&amp;cid=9\" target=\"_blank\"><span style=\"color: windowtext; text-decoration: none;\">DOCUMENTS P\u00c3?BLICS<\/span><\/a>:<\/strong> hi trobareu el calendari amb totes les<br \/>\nactivitats que es fan al centre, diferenciant les que depenen dels diferents<br \/>\ndepartaments i seminaris, les que ajuden a desenvolupar el PAT, les<br \/>\norganitzades pel centre, les reunions informatives, Informaci\u00f3 sobre<br \/>\nconfer\u00e8ncies, diferents campanyes solid\u00e0ries, etc&#8230;.<\/span><\/span><\/p>\n<p style=\"margin-left: 42.24pt;\"><span lang=\"CA\" style=\"font-family: &quot;Courier New&quot;;\">o<span style=\"font-size: 7pt; font-family: 'Times New Roman';\"> <\/span><\/span><span dir=\"ltr\"><span lang=\"CA\" style=\"font-family: Arial;\">A la <strong><a href=\"https:\/\/plus.google.com\/u\/0\/photos\/109082993004267794892\/albums\" target=\"_blank\"><span style=\"color: windowtext; text-decoration: none;\">GALERIA MULTIMEDIA<\/span><\/a><\/strong>: podeu trobar una selecci\u00f3 de fotos de les<br \/>\ndiferents activitats i sortides que es van realitzant al llarg del curs. i tamb\u00e9 algun v\u00eddeo al nostre <strong><a href=\"http:\/\/www.youtube.com\/institutjaumebalmes\" target=\"_blank\">CANAL YOUTUBE<\/a><\/strong><br \/><\/span><\/span><\/p>\n<p style=\"margin-left: 42.24pt;\"> <span dir=\"ltr\"><span lang=\"CA\" style=\"font-family: Arial;\"><\/span><\/span><\/p>\n<p style=\"margin-left: 42.24pt;\"><span lang=\"CA\" style=\"font-family: &quot;Courier New&quot;;\">o<span style=\"font-size: 7pt; font-family: 'Times New Roman';\"> <\/span><\/span><span dir=\"ltr\"><span lang=\"CA\" style=\"font-family: Arial;\">Recordeu que podeu fer el <\/span><\/span><span lang=\"CA\" style=\"font-size: 13.5pt; font-family: Arial;\">SEGUIMENT DE LES FALTES D&#8217;ASSIST\u00c3?NCIA <br \/><\/span><\/p>\n<p style=\"margin-left: 42.24pt;\"><span lang=\"CA\" style=\"font-size: 13.5pt; font-family: Arial;\"><a href=\"http:\/\/ies-jaumebalmes.xtec.cat\/families\" target=\"_blank\">http:\/\/ies-jaumebalmes.xtec.cat\/families<\/a><\/span><span lang=\"CA\" style=\"font-size: 10pt; font-family: Arial;\"> <\/span><span lang=\"CA\" style=\"font-family: Arial;\">Hi heu d&#8217;entrar <strong>amb el codi i contrasenya que el<br \/>\nvostre fill\/a fa servir per a connectar-se als diferents serveis web del centre<\/strong><br \/>\n(IntraWeb, Moodle, ordinadors del centre, etc). A l&#8217;inici de curs cada<br \/>\nalumne\/a rep aquesta informaci\u00f3 en una etiqueta postal. L&#8217;alumne\/a us<br \/>\nl&#8217;ha de<br \/>\nfacilitar i en cas de p\u00e8rdua o oblit l&#8217;ha de tornar a demanar al tutor\/a<br \/>\n del<br \/>\nseu grup classe.<br \/> <\/span><span lang=\"CA\"><br \/> <\/span><strong><span lang=\"CA\" style=\"font-family: Arial;\">Encara que l&#8217;actualitzaci\u00f3 de<br \/>\nla informaci\u00f3 de faltes es fa di\u00e0riament de forma autom\u00e0tica, la freq\u00fc\u00e8ncia amb<br \/>\nla qual el professorat&nbsp; la introdueix \u00e9s de dues vegades a la setmana. La<br \/>\ninformaci\u00f3 que trobareu doncs, fa refer\u00e8ncia a la setmana anterior. <\/span><\/strong><span lang=\"CA\" style=\"font-family: Arial;\"><\/p>\n<p> <strong>Les justificacions les fa el tutor\/a una vegada rebuts els justificants de<br \/>\nl&#8217;alumnat<\/strong>.<\/span><\/p>\n<p style=\"margin-left: 42.24pt;\"><span lang=\"CA\" style=\"font-family: Arial;\"><\/span><\/p>\n<p style=\"margin-left: 42.24pt;\"><span lang=\"CA\" style=\"font-family: Arial;\"><\/span><\/p>\n<p><span lang=\"CA\" style=\"font-family: Arial;\">Salutacions,<\/span> <\/p>\n<p style=\"margin-left: 12.48pt;\"><span lang=\"CA\" style=\"font-family: Arial;\"><\/span><\/p>\n<p> <span lang=\"CA\" style=\"font-family: Arial;\">L&#8217;Equip Directiu<\/span><\/p>\n","protected":false},"excerpt":{"rendered":"<p>Avui hem enviat un correu electr\u00f2nic a les fam\u00edlies amb el&nbsp;<a href=\"\/ies-jaumebalmes\/intranet\/index.php?module=Downloads&amp;func=prep_hand_out&amp;lid=606\" target=\"_blank\">Calendari de les activitats del centre de setembre a novembre de 2013<\/a>, incloses les activitats que formen part del Pla d&#8217;Acci\u00f3 Tutorial (PAT) i altres informacions i recordatoris importants.<br \/>\nSi no us ha arribar&hellip;  <a href=\"https:\/\/agora.xtec.cat\/ies-jaumebalmes\/general\/activitats-del-centre-de-setembre-a-novembre-de-2013\/\" title=\"Read Activitats del centre de setembre a novembre de 2013\">Llegeix m\u00e9s\u00bb<\/a><\/p>\n","protected":false},"author":3,"featured_media":0,"comment_status":"open","ping_status":"open","sticky":false,"template":"","format":"standard","meta":{"_bbp_topic_count":0,"_bbp_reply_count":0,"_bbp_total_topic_count":0,"_bbp_total_reply_count":0,"_bbp_voice_count":0,"_bbp_anonymous_reply_count":0,"_bbp_topic_count_hidden":0,"_bbp_reply_count_hidden":0,"_bbp_forum_subforum_count":0,"footnotes":""},"categories":[1],"tags":[97,100],"class_list":["post-719","post","type-post","status-publish","format-standard","hentry","category-general","tag-intraweb","tag-noticies"],"post_mailing_queue_ids":[],"_links":{"self":[{"href":"https:\/\/agora.xtec.cat\/ies-jaumebalmes\/wp-json\/wp\/v2\/posts\/719","targetHints":{"allow":["GET"]}}],"collection":[{"href":"https:\/\/agora.xtec.cat\/ies-jaumebalmes\/wp-json\/wp\/v2\/posts"}],"about":[{"href":"https:\/\/agora.xtec.cat\/ies-jaumebalmes\/wp-json\/wp\/v2\/types\/post"}],"author":[{"embeddable":true,"href":"https:\/\/agora.xtec.cat\/ies-jaumebalmes\/wp-json\/wp\/v2\/users\/3"}],"replies":[{"embeddable":true,"href":"https:\/\/agora.xtec.cat\/ies-jaumebalmes\/wp-json\/wp\/v2\/comments?post=719"}],"version-history":[{"count":0,"href":"https:\/\/agora.xtec.cat\/ies-jaumebalmes\/wp-json\/wp\/v2\/posts\/719\/revisions"}],"wp:attachment":[{"href":"https:\/\/agora.xtec.cat\/ies-jaumebalmes\/wp-json\/wp\/v2\/media?parent=719"}],"wp:term":[{"taxonomy":"category","embeddable":true,"href":"https:\/\/agora.xtec.cat\/ies-jaumebalmes\/wp-json\/wp\/v2\/categories?post=719"},{"taxonomy":"post_tag","embeddable":true,"href":"https:\/\/agora.xtec.cat\/ies-jaumebalmes\/wp-json\/wp\/v2\/tags?post=719"}],"curies":[{"name":"wp","href":"https:\/\/api.w.org\/{rel}","templated":true}]}}