{"id":717,"date":"2013-09-17T23:40:50","date_gmt":"2013-09-17T22:40:50","guid":{"rendered":"http:\/\/agora.xtec.cat\/ies-jaumebalmes\/general\/explicacio-sobres-les-pau-estudis-universitaris-notes-de-tall-i-preinscripcio-universitaria\/"},"modified":"2013-09-17T23:40:50","modified_gmt":"2013-09-17T22:40:50","slug":"explicacio-sobres-les-pau-estudis-universitaris-notes-de-tall-i-preinscripcio-universitaria","status":"publish","type":"post","link":"https:\/\/agora.xtec.cat\/ies-jaumebalmes\/general\/explicacio-sobres-les-pau-estudis-universitaris-notes-de-tall-i-preinscripcio-universitaria\/","title":{"rendered":"Explicaci\u00f3 sobres les PAU, estudis universitaris, notes de tall i preinscripci\u00f3 universit\u00e0ria"},"content":{"rendered":"<p>A la primera sessi\u00f3 de tutoria de l&#8217;alumnat de BTX s&#8217;ha fet una <strong>explicaci\u00f3 sobres les PAU, estudis universitaris, notes de tall i preinscripci\u00f3 universit\u00e0ria. <\/strong><a target=\"_blank\" href=\"\/ies-jaumebalmes\/intranet\/index.php?module=Downloads&amp;func=prep_hand_out&amp;lid=601\">Aqu\u00ed teniu la presentaci\u00f3 utilitzada<\/a>. Les sessions s&#8217;han fet el dilluns 16\/9 per BTX1 i el dimarts 17\/9 per BTX2.<\/p>\n<p><\/p>\n","protected":false},"excerpt":{"rendered":"<p>A la primera sessi\u00f3 de tutoria de l&#8217;alumnat de BTX s&#8217;ha fet una explicaci\u00f3 sobres les PAU, estudis universitaris, notes de tall i preinscripci\u00f3 universit\u00e0ria. <a target=\"_blank\" href=\"\/ies-jaumebalmes\/intranet\/index.php?module=Downloads&amp;func=prep_hand_out&amp;lid=601\">Aqu\u00ed teniu la presentaci\u00f3 utilitzada<\/a>. Les sessions s&#8217;han fet el dilluns 16\/9 per BTX1 i el dimarts 17\/9&hellip;  <a href=\"https:\/\/agora.xtec.cat\/ies-jaumebalmes\/general\/explicacio-sobres-les-pau-estudis-universitaris-notes-de-tall-i-preinscripcio-universitaria\/\" title=\"Read Explicaci\u00f3 sobres les PAU, estudis universitaris, notes de tall i preinscripci\u00f3 universit\u00e0ria\">Llegeix m\u00e9s\u00bb<\/a><\/p>\n","protected":false},"author":3,"featured_media":0,"comment_status":"open","ping_status":"open","sticky":false,"template":"","format":"standard","meta":{"_bbp_topic_count":0,"_bbp_reply_count":0,"_bbp_total_topic_count":0,"_bbp_total_reply_count":0,"_bbp_voice_count":0,"_bbp_anonymous_reply_count":0,"_bbp_topic_count_hidden":0,"_bbp_reply_count_hidden":0,"_bbp_forum_subforum_count":0,"footnotes":""},"categories":[1],"tags":[97,100],"class_list":["post-717","post","type-post","status-publish","format-standard","hentry","category-general","tag-intraweb","tag-noticies"],"post_mailing_queue_ids":[],"_links":{"self":[{"href":"https:\/\/agora.xtec.cat\/ies-jaumebalmes\/wp-json\/wp\/v2\/posts\/717","targetHints":{"allow":["GET"]}}],"collection":[{"href":"https:\/\/agora.xtec.cat\/ies-jaumebalmes\/wp-json\/wp\/v2\/posts"}],"about":[{"href":"https:\/\/agora.xtec.cat\/ies-jaumebalmes\/wp-json\/wp\/v2\/types\/post"}],"author":[{"embeddable":true,"href":"https:\/\/agora.xtec.cat\/ies-jaumebalmes\/wp-json\/wp\/v2\/users\/3"}],"replies":[{"embeddable":true,"href":"https:\/\/agora.xtec.cat\/ies-jaumebalmes\/wp-json\/wp\/v2\/comments?post=717"}],"version-history":[{"count":0,"href":"https:\/\/agora.xtec.cat\/ies-jaumebalmes\/wp-json\/wp\/v2\/posts\/717\/revisions"}],"wp:attachment":[{"href":"https:\/\/agora.xtec.cat\/ies-jaumebalmes\/wp-json\/wp\/v2\/media?parent=717"}],"wp:term":[{"taxonomy":"category","embeddable":true,"href":"https:\/\/agora.xtec.cat\/ies-jaumebalmes\/wp-json\/wp\/v2\/categories?post=717"},{"taxonomy":"post_tag","embeddable":true,"href":"https:\/\/agora.xtec.cat\/ies-jaumebalmes\/wp-json\/wp\/v2\/tags?post=717"}],"curies":[{"name":"wp","href":"https:\/\/api.w.org\/{rel}","templated":true}]}}