{"id":716,"date":"2013-07-22T22:58:17","date_gmt":"2013-07-22T21:58:17","guid":{"rendered":"http:\/\/agora.xtec.cat\/ies-jaumebalmes\/general\/informacions-inici-curs-2013-2014\/"},"modified":"2013-07-22T22:58:17","modified_gmt":"2013-07-22T21:58:17","slug":"informacions-inici-curs-2013-2014","status":"publish","type":"post","link":"https:\/\/agora.xtec.cat\/ies-jaumebalmes\/general\/informacions-inici-curs-2013-2014\/","title":{"rendered":"Informacions inici curs 2013-2014 i matriculaci\u00f3 extraordin\u00e0ria de setembre"},"content":{"rendered":"<h3><strong>El divendres 19&nbsp; de juliol s&#8217;ha enviat un correu electr\u00f2nic a totes les fam\u00edlies de l&#8217;alumnat d&#8217;ESO i Batxillerat di\u00fcrn amb informaci\u00f3 del mes de setembre 2013 i l&#8217;inici del curs 2013-2014. En aquest correu:<br \/><\/strong><\/h3>\n<ul>\n<li>Es comunica el curs i grup assignat a cada alumne.<span lang=\"CA\"> <\/span><strong><span lang=\"CA\" style=\"font-weight: bold;\"><\/span><\/strong><\/li>\n<li><strong><span lang=\"CA\" style=\"font-weight: bold;\">Es recorda que els dies <a href=\"\/ies-jaumebalmes\/intranet\/index.php?module=Downloads&amp;func=prep_hand_out&amp;lid=589\" target=\"_blank\">2 i 3 de<br \/>\nsetembre hi haur\u00e0 els ex\u00e0mens de recuperaci\u00f3 d\u00e2??ESO i 1r de Batxillerat<br \/>\nper a tot l\u00e2??alumnat amb mat\u00e8ries pendents<\/a>. El dia 4 a les 14h. es lliuraran els<br \/>\nbutlletins i la matr\u00edcula s\u00e2??ha de fer el dijous 5 durant el mat\u00ed (de 9 a 13h.). <\/span><\/strong><span lang=\"CA\"><\/span><span lang=\"CA\"><\/span><\/li>\n<li><span lang=\"CA\">Enllacem<\/span><span lang=\"CA\"><span style=\"font: 7pt &quot;Times New Roman&quot;;\">:<\/span><\/span><\/li>\n<ul>\n<li><span lang=\"CA\"><span style=\"font: 7pt &quot;Times New Roman&quot;;\"> <\/span><\/span><strong><span lang=\"CA\"><a href=\"\/ies-jaumebalmes\/intranet\/index.php?module=Downloads&amp;func=prep_hand_out&amp;lid=597\" target=\"_blank\">el<br \/>\ncalendari general pel proper curs<\/a>,<\/span><\/strong><span lang=\"CA\"> <\/span><\/li>\n<li><span lang=\"CA\"><span style=\"font: 7pt &quot;Times New Roman&quot;;\"> <\/span><\/span><span lang=\"CA\"><strong><a href=\"\/ies-jaumebalmes\/intranet\/index.php?module=Downloads&amp;func=sublevel&amp;cid=50&amp;start=0\" target=\"_blank\">la<br \/>\np\u00e0gina on hi ha les cartes per a cadascun dels cursos<\/a><\/strong> explicant com ser\u00e0 el<br \/>\nprimer dia de classe, l\u00e2??aula assignada a cada grup, l\u00e2??horari marc i<br \/>\ndistribuci\u00f3 de les mat\u00e8ries optatives, el servei de menjador, la data de la<br \/>\nreuni\u00f3 d\u00e2??inici de curs&#8230;<\/span><span lang=\"CA\"><\/span><span lang=\"CA\"><\/span><\/li>\n<\/ul>\n<li><strong><span lang=\"CA\">Calendari de distribuci\u00f3 de les <\/span><\/strong><span lang=\"CA\"><strong>taquilles<\/strong>:<\/span><\/li>\n<ul>\n<li>1r d\u00e2??ESO: seran<br \/>\ndistribu\u00efdes a l&#8217;alumnat al llarg del primer dia 13 de setembre de 10,30h a<br \/>\n13h.<\/li>\n<li>2n i 3r d&#8217;ESO: dimecres 4 de setembre de 16.30h a 19h.<span lang=\"CA\"><\/span><\/li>\n<li><span lang=\"CA\">4t d&#8217;ESO i Batxillerat: dijous 5 de setembre de 16.30h. a 19h..<\/span><span lang=\"CA\"><\/span><\/li>\n<li>Els que no puguin passar aquest<br \/>\ndia ho poden fer a partir del dilluns 16 de setembre en horari de biblioteca (a<br \/>\npartir de les 16.30h)<\/li>\n<\/ul>\n<li><strong><span lang=\"CA\">Pel que fa a les <\/span><span lang=\"CA\">agendes<\/span><\/strong><span lang=\"CA\"><strong>,<\/strong> <\/span>l&#8217;alumnat que ha comprat llibres amb<br \/>\nl&#8217;empresa Iddink i presentin el rebut o sigui soci de l&#8217;AMPA la tindr\u00e0<br \/>\ngratu\u00eftament i pot passar a recollir-la per la biblioteca en els mateixos<br \/>\nhoraris que per a les taquilles. La resta d&#8217;alumnat la pot comprar a 2\u00e2?\u00ac<br \/>\ntamb\u00e9 en la mateixa franja hor\u00e0ria i al mateix lloc. \u00c3?s imprescindible que tot<br \/>\nl&#8217;alumnat tingui una agenda per a poder fer el seguiment del curs sigui la del<br \/>\ncentre o una altra.<span lang=\"CA\"><\/span><span lang=\"CA\"><\/span><\/li>\n<li><span lang=\"CA\"><strong>Activitats esportives de l\u00e2??AEE (Associaci\u00f3<br \/>\nEsportiva Escolar)<\/strong>: Si encara no us heu inscrit feu-ho abans de l\u00e2??inici<br \/>\nde curs. <a href=\"https:\/\/docs.google.com\/forms\/d\/1Ei5LK_HUk1V3i9eTbHABLlvExs_rDwozm34vDVzrme4\/viewform?pli=1\" target=\"_blank\">Aqu\u00ed<br \/>\nteniu l\u00e2??enlla\u00e7<\/a>.<\/span><\/li>\n<\/ul>\n<p class=\"MsoNormal\"><span lang=\"CA\">Recordeu que<strong> <\/strong><\/span><strong><span lang=\"CA\">tots els documents <\/span>els podeu trobar a l\u00e2??apartat <a href=\"\/ies-jaumebalmes\/intranet\/index.php?module=Downloads&amp;func=sublevel&amp;cid=9&amp;start=0\" target=\"_blank\">DOCUMENTS<br \/>\nP\u00c3?BLICS<\/a> de la <a href=\"\/ies-jaumebalmes\/intranet\" target=\"_blank\">IntraWeb del centre<\/a><\/strong>. Us recordem que per a afavorir<br \/>\n el seguiment dels vostres fills\/es i optimitzar recursos \u00e9s necessari entrar<br \/>\n sovint a la intraweb (els documents els trobeu al cos not\u00edcies o b\u00e9 a<br \/>\n documents p\u00fablics) i a la<strong> web del centre de control d&#8217;assist\u00e8ncia i<br \/>\n puntualitat de l&#8217;alumnat <a href=\"http:\/\/ies-jaumebalmes.xtec.cat\/families\" target=\"_blank\">http:\/\/ies-jaumebalmes.xtec.cat\/families<\/a><\/strong> que estar\u00e0 activa a<br \/>\n comen\u00e7ament de curs i a la que podeu accedir amb el codi que donarem als<br \/>\n vostres fills\/es.<\/p>\n<p> <strong>Recordeu que el correu electr\u00f2nic ser\u00e0<br \/>\n el mitj\u00e0 b\u00e0sic de comunicaci\u00f3 entre centre i fam\u00edlies<\/strong>. Us demanar\u00edem que si<br \/>\n encara no ens heu donat l\u00e2??adre\u00e7a o la canvieu ens ho notifiqueu per tal<br \/>\n d&#8217;anar actualitzant la base de dades.<\/p>\n<p> Esperem que tota aquesta informaci\u00f3 us sigui d&#8217;utilitat. <br \/>\n Bon estiu i bones vacances. <\/p>\n<p> Atentament, <\/p>\n<p> L&#8217;Equip Directiu<span class=\"HOEnZb\"><br \/>\n Institut Jaume Balmes<\/span><\/p>\n<table border=\"0\" bgcolor=\"#ffff99\">\n<tbody>\n<tr>\n<td>\n<h1>Matriculaci\u00f3 de setembre (5\/9 de 9h a 13) pel curs escolar 2013-2014:&nbsp;<\/h1>\n<\/td>\n<\/tr>\n<tr>\n<td>\n<h2><strong>&nbsp;Aqu\u00ed teniu les carpetes&nbsp; amb la documentaci\u00f3 per a la matriculaci\u00f3: <\/strong><\/h2>\n<p>\/\/\/\/\/<a target=\"_blank\" href=\"\/ies-jaumebalmes\/intranet\/index.php?module=Downloads&amp;func=prep_hand_out&amp;lid=580\"><strong> 1r d&#8217;ESO<\/strong><\/a> \/\/\/\/\/<a href=\"\/ies-jaumebalmes\/intranet\/index.php?module=Downloads&amp;func=prep_hand_out&amp;lid=585\" target=\"_blank\"><strong> 2n d\u00e2??ESO<\/strong><\/a><strong> \/\/\/\/\/ <a href=\"\/ies-jaumebalmes\/intranet\/index.php?module=Downloads&amp;func=prep_hand_out&amp;lid=584\" target=\"_blank\">3r i 4t d\u00e2??ESO<\/a> <\/strong><strong>\/\/\/\/\/\/ <a href=\"\/ies-jaumebalmes\/intranet\/index.php?module=Downloads&amp;func=prep_hand_out&amp;lid=583\" target=\"_blank\">Batxillerat <\/a><a href=\"\/ies-jaumebalmes\/intranet\/index.php?module=Downloads&amp;func=prep_hand_out&amp;lid=583\" target=\"_blank\">Di\u00fcrn<\/a> \/\/\/\/\/ Batixllerat Nocturn <\/strong><strong><strong>[ <a target=\"_blank\" href=\"\/ies-jaumebalmes\/intranet\/index.php?module=Downloads&amp;func=prep_hand_out&amp;lid=582\">BTX1-Nocturn<\/a> &#8211; <a target=\"_blank\" href=\"\/ies-jaumebalmes\/intranet\/index.php?module=Downloads&amp;func=prep_hand_out&amp;lid=581\">BTX2-Nocturn<\/a>] <\/strong><\/strong><strong>\/\/\/\/\/<a href=\"\/ies-jaumebalmes\/intranet\/index.php?module=Downloads&amp;func=prep_hand_out&amp;lid=587\" title=\"Carpeta matriculaci\u00f3 FPGS ASIX Administraci\u00f3 de sistemes inform\u00e0tics en xarxa 2013-2014\" target=\"_blank\"> FPGS ASIX Administraci\u00f3 de sistemes inform\u00e0tics en xarxa <\/a><\/strong><strong><strong>\/\/\/\/\/ <\/strong><a target=\"_blank\" title=\"Carpeta matriculaci\u00f3 FPGS DAW Desenvolupament d'aplicacions Web 2013-2014\" href=\"\/ies-jaumebalmes\/intranet\/index.php?module=Downloads&amp;func=prep_hand_out&amp;lid=588\">FPGS DAW Desenvolupament d&#8217;aplicacions Web <\/a><\/strong><strong><strong>\/\/\/\/\/ <\/strong><\/strong><strong><a target=\"_blank\" title=\"Carpeta matriculaci\u00f3 FPGS DAW Desenvolupament d'aplicacions Web 2013-2014\" href=\"\/ies-jaumebalmes\/intranet\/index.php?module=Downloads&amp;func=prep_hand_out&amp;lid=586\">FPGM 2n curs d&#8217;Administratiu<\/a><\/strong><\/p>\n<ul> <\/ul>\n<ul> <\/ul>\n<\/td>\n<\/tr>\n<\/tbody>\n<\/table>\n<h1> Altres informacions:<\/h1>\n<ul>\n<li>\n<h3> <strong>Tota la <a href=\"http:\/\/www.gencat.cat\/preinscripcio\/\" target=\"_blank\">informaci\u00f3 oficial sobre la preinscripci\u00f3 i matriculaci\u00f3 pel curs escolar 2013-2014<\/a><\/strong> <\/h3>\n<\/li>\n<\/ul>\n<ul>\n<li>\n<h3><strong><\/strong><strong>Aqu\u00ed disponibles els documents fets servir a les portes obertes de l\u00e2??ESO del 9\/3\/2013 i del Batxillerat i FP del 4\/5\/2013 a&nbsp;<a href=\"\/ies-jaumebalmes\/intranet\/index.php?module=Downloads&amp;func=sublevel&amp;cid=49&amp;start=0\">DOCUMENTS | P\u00c3?BLICS |&nbsp;PORTES OBERTES i MATRICULACI\u00c3? 2013-2014<\/a>: &nbsp;&nbsp;<\/strong><strong> <a href=\"\/ies-jaumebalmes\/intranet\/index.php?module=Downloads&amp;func=prep_hand_out&amp;lid=554\" target=\"_blank\">ESO<\/a>,&nbsp;&nbsp;&nbsp;&nbsp;&nbsp;<a href=\"\/ies-jaumebalmes\/intranet\/index.php?module=Downloads&amp;func=prep_hand_out&amp;lid=572\" target=\"_blank\">BATXILLERAT<\/a> i <a href=\"\/ies-jaumebalmes\/intranet\/index.php?module=Downloads&amp;func=prep_hand_out&amp;lid=577\" target=\"_blank\">Formaci\u00f3 Professional<\/a><\/strong><\/h3>\n<\/li>\n<\/ul>\n<ul>\n<li>\n<h3><strong><strong><strong><strong>Els itineraris del Batxillerat del centre per al<br \/>\n2013-2014 s\u00f3n:&nbsp; <strong><a href=\"\/ies-jaumebalmes\/intranet\/index.php?module=Downloads&amp;func=prep_hand_out&amp;lid=563\" target=\"_blank\">BTX1-Di\u00fcrn<\/a><\/strong>, &nbsp; &nbsp; <strong><a href=\"\/ies-jaumebalmes\/intranet\/index.php?module=Downloads&amp;func=prep_hand_out&amp;lid=562\" target=\"_blank\">BTX2-Di\u00fcrn<\/a><\/strong>, &nbsp; &nbsp;<strong><a href=\"\/ies-jaumebalmes\/intranet\/index.php?module=Downloads&amp;func=prep_hand_out&amp;lid=561\" target=\"_blank\">BTX1-Nocturn<\/a><\/strong>&nbsp; i&nbsp;&nbsp;&nbsp;&nbsp;&nbsp; <strong><a href=\"\/ies-jaumebalmes\/intranet\/index.php?module=Downloads&amp;func=prep_hand_out&amp;lid=560\" target=\"_blank\">BTX2-Nocturn<\/a><\/strong>.&nbsp;<strong>Cal lliurar-los omplerts amb la<br \/>\npreinscripci\u00f3.<\/strong><\/strong><\/strong><\/strong><\/strong><\/h3>\n<\/li>\n<\/ul>\n","protected":false},"excerpt":{"rendered":"<p>El divendres 19&nbsp; de juliol s&#8217;ha enviat un correu electr\u00f2nic a totes les fam\u00edlies de l&#8217;alumnat d&#8217;ESO i Batxillerat di\u00fcrn amb informaci\u00f3 del mes de setembre 2013 i l&#8217;inici del curs 2013-2014. En aquest correu:<\/p>\n<ul>\n<li>Es comunica el curs i grup assignat a cada alumne. <\/li>\n<li>Es&hellip;  <a href=\"https:\/\/agora.xtec.cat\/ies-jaumebalmes\/general\/informacions-inici-curs-2013-2014\/\" title=\"Read Informacions inici curs 2013-2014 i matriculaci\u00f3 extraordin\u00e0ria de setembre\">Llegeix m\u00e9s\u00bb<\/a><br \/>\n","protected":false},"author":3,"featured_media":0,"comment_status":"open","ping_status":"open","sticky":false,"template":"","format":"standard","meta":{"_bbp_topic_count":0,"_bbp_reply_count":0,"_bbp_total_topic_count":0,"_bbp_total_reply_count":0,"_bbp_voice_count":0,"_bbp_anonymous_reply_count":0,"_bbp_topic_count_hidden":0,"_bbp_reply_count_hidden":0,"_bbp_forum_subforum_count":0,"footnotes":""},"categories":[1],"tags":[97,100],"class_list":["post-716","post","type-post","status-publish","format-standard","hentry","category-general","tag-intraweb","tag-noticies"],"post_mailing_queue_ids":[],"_links":{"self":[{"href":"https:\/\/agora.xtec.cat\/ies-jaumebalmes\/wp-json\/wp\/v2\/posts\/716","targetHints":{"allow":["GET"]}}],"collection":[{"href":"https:\/\/agora.xtec.cat\/ies-jaumebalmes\/wp-json\/wp\/v2\/posts"}],"about":[{"href":"https:\/\/agora.xtec.cat\/ies-jaumebalmes\/wp-json\/wp\/v2\/types\/post"}],"author":[{"embeddable":true,"href":"https:\/\/agora.xtec.cat\/ies-jaumebalmes\/wp-json\/wp\/v2\/users\/3"}],"replies":[{"embeddable":true,"href":"https:\/\/agora.xtec.cat\/ies-jaumebalmes\/wp-json\/wp\/v2\/comments?post=716"}],"version-history":[{"count":0,"href":"https:\/\/agora.xtec.cat\/ies-jaumebalmes\/wp-json\/wp\/v2\/posts\/716\/revisions"}],"wp:attachment":[{"href":"https:\/\/agora.xtec.cat\/ies-jaumebalmes\/wp-json\/wp\/v2\/media?parent=716"}],"wp:term":[{"taxonomy":"category","embeddable":true,"href":"https:\/\/agora.xtec.cat\/ies-jaumebalmes\/wp-json\/wp\/v2\/categories?post=716"},{"taxonomy":"post_tag","embeddable":true,"href":"https:\/\/agora.xtec.cat\/ies-jaumebalmes\/wp-json\/wp\/v2\/tags?post=716"}],"curies":[{"name":"wp","href":"https:\/\/api.w.org\/{rel}","templated":true}]}}