{"id":714,"date":"2013-07-04T11:41:43","date_gmt":"2013-07-04T10:41:43","guid":{"rendered":"http:\/\/agora.xtec.cat\/ies-jaumebalmes\/general\/cursos-dangles-per-a-estudiants-deso-3r-i-4t-i-de-batxillerat\/"},"modified":"2013-07-04T11:41:43","modified_gmt":"2013-07-04T10:41:43","slug":"cursos-dangles-per-a-estudiants-deso-3r-i-4t-i-de-batxillerat","status":"publish","type":"post","link":"https:\/\/agora.xtec.cat\/ies-jaumebalmes\/general\/cursos-dangles-per-a-estudiants-deso-3r-i-4t-i-de-batxillerat\/","title":{"rendered":"Cursos d&#8217;angl\u00e8s per a estudiants d&#8217;ESO (3r i 4t) i de batxillerat"},"content":{"rendered":"<p>El centre ha signat un conveni de col\u00b7laboraci\u00f3 amb l&#8217;Escola d&#8217;Idiomes Moderns de la Universitat de Barcelona us informem dels cursos adre\u00e7ats adre\u00e7ats als alumnes del segon cicle d&#8217;ESO (3r i 4t) i de batxillerat amb la finalitat de preparar el seu nivell d&#8217;angl\u00e8s abans d&#8217;accedir als estudis universitaris.<\/p>\n<p>Volem refor\u00e7ar la informaci\u00f3 existent al vest\u00edbul del centre amb aquest correu. Si esteu interessats heu de contactar urgentment amb l&#8217;EIM per poder fer les proves de nivell.<\/p>\n<h2><a href=\"http:\/\/www.eim.ub.edu\/cursos\/Angles_ESO_i_batxillerat.html\" target=\"_blank\">Cursos d&#8217;angl\u00e8s per a estudiants d&#8217;ESO (3r i 4t) i de batxillerat.<\/a><\/h2>\n<p><a href=\"http:\/\/www.eim.ub.edu\/cursos\/Angles_ESO_i_batxillerat.html\" target=\"_blank\">http:\/\/www.eim.ub.edu\/cursos\/Angles_ESO_i_batxillerat.html<\/a><br \/>La secci\u00f3 d\u00e2??Angl\u00e8s de l\u00e2??EIM organitza 2 cursos adre\u00e7ats als alumnes del segon cicle d&#8217;ESO (3r i 4t) i de batxillerat amb la finalitat de preparar el seu nivell d&#8217;angl\u00e8s abans d&#8217;accedir als estudis universitaris.<br \/>El cursos s\u00f3n en modalitat presencial, a la seu de l&#8217;Escola d&#8217;Idiomes Moderns (Gran Via, 582)<\/p>\n<p>En ser centre col\u00b7laborador podeu accedir amb la tarifa redu\u00efda als cursos d&#8217;idiomes. En aquest sentit s&#8217;ofereixen cursos de nivell intermedi i de nivell intermedi-alt. Cada nivell es divideix en 3 m\u00f2duls de 40 hores cadascun, que es desenvolupa segons els calendari escolar: octubre-desembre, gener-mar\u00e7 i abril-juny. L&#8217;acreditaci\u00f3 del nivell s&#8217;assoleix en superar el darrer m\u00f2dul. Tots els cursos i proves de nivells corresponen al <a href=\"http:\/\/www.upc.edu\/slt\/apren-angles\/nivells-i-certificats-de-llengues\" target=\"_blank\">Marc europeu com\u00fa de refer\u00e8ncia per a les lleng\u00fces del Consell d&#8217;Europa (MERC).<\/a><\/p>\n","protected":false},"excerpt":{"rendered":"<p>El centre ha signat un conveni de col\u00b7laboraci\u00f3 amb l&#8217;Escola d&#8217;Idiomes Moderns de la Universitat de Barcelona us informem dels cursos adre\u00e7ats adre\u00e7ats als alumnes del segon cicle d&#8217;ESO (3r i 4t) i de batxillerat amb la finalitat de preparar el seu nivell d&#8217;angl\u00e8s abans&hellip;  <a href=\"https:\/\/agora.xtec.cat\/ies-jaumebalmes\/general\/cursos-dangles-per-a-estudiants-deso-3r-i-4t-i-de-batxillerat\/\" title=\"Read Cursos d&#8217;angl\u00e8s per a estudiants d&#8217;ESO (3r i 4t) i de batxillerat\">Llegeix m\u00e9s\u00bb<\/a><\/p>\n","protected":false},"author":3,"featured_media":0,"comment_status":"open","ping_status":"open","sticky":false,"template":"","format":"standard","meta":{"_bbp_topic_count":0,"_bbp_reply_count":0,"_bbp_total_topic_count":0,"_bbp_total_reply_count":0,"_bbp_voice_count":0,"_bbp_anonymous_reply_count":0,"_bbp_topic_count_hidden":0,"_bbp_reply_count_hidden":0,"_bbp_forum_subforum_count":0,"footnotes":""},"categories":[1],"tags":[97,100],"class_list":["post-714","post","type-post","status-publish","format-standard","hentry","category-general","tag-intraweb","tag-noticies"],"post_mailing_queue_ids":[],"_links":{"self":[{"href":"https:\/\/agora.xtec.cat\/ies-jaumebalmes\/wp-json\/wp\/v2\/posts\/714","targetHints":{"allow":["GET"]}}],"collection":[{"href":"https:\/\/agora.xtec.cat\/ies-jaumebalmes\/wp-json\/wp\/v2\/posts"}],"about":[{"href":"https:\/\/agora.xtec.cat\/ies-jaumebalmes\/wp-json\/wp\/v2\/types\/post"}],"author":[{"embeddable":true,"href":"https:\/\/agora.xtec.cat\/ies-jaumebalmes\/wp-json\/wp\/v2\/users\/3"}],"replies":[{"embeddable":true,"href":"https:\/\/agora.xtec.cat\/ies-jaumebalmes\/wp-json\/wp\/v2\/comments?post=714"}],"version-history":[{"count":0,"href":"https:\/\/agora.xtec.cat\/ies-jaumebalmes\/wp-json\/wp\/v2\/posts\/714\/revisions"}],"wp:attachment":[{"href":"https:\/\/agora.xtec.cat\/ies-jaumebalmes\/wp-json\/wp\/v2\/media?parent=714"}],"wp:term":[{"taxonomy":"category","embeddable":true,"href":"https:\/\/agora.xtec.cat\/ies-jaumebalmes\/wp-json\/wp\/v2\/categories?post=714"},{"taxonomy":"post_tag","embeddable":true,"href":"https:\/\/agora.xtec.cat\/ies-jaumebalmes\/wp-json\/wp\/v2\/tags?post=714"}],"curies":[{"name":"wp","href":"https:\/\/api.w.org\/{rel}","templated":true}]}}