{"id":713,"date":"2013-06-20T18:43:54","date_gmt":"2013-06-20T17:43:54","guid":{"rendered":"http:\/\/agora.xtec.cat\/ies-jaumebalmes\/general\/llirament-de-premis-del-del-26e-triatlo-escolar-de-barcelona\/"},"modified":"2013-06-20T18:43:54","modified_gmt":"2013-06-20T17:43:54","slug":"llirament-de-premis-del-del-26e-triatlo-escolar-de-barcelona","status":"publish","type":"post","link":"https:\/\/agora.xtec.cat\/ies-jaumebalmes\/general\/llirament-de-premis-del-del-26e-triatlo-escolar-de-barcelona\/","title":{"rendered":"Llirament de premis del del 26\u00e8 TRIATL\u00c3? escolar de Barcelona."},"content":{"rendered":"<p>El 17 &nbsp;juny de 18 a 19h es va fer el lliurament de<br \/>\n                    premis del 26\u00e8 TRIATL\u00c3? escolar de Barcelona.<br \/><strong>Del nostre centre han estat guardonats<br \/>\n                  els seg\u00fcents alumnes de 1r d&#8217;ESO: F\u00e8lix \u00c3?dena (4t lloc), Naia Terra (4t lloc), Lola Guamis (5\u00e8 lloc), J\u00falia Domingo Borr\u00e0s (20\u00e8 lloc) i Alicia Comulada Andr\u00e9s (25\u00e8 lloc).<\/strong><\/p>\n<p>Aqu\u00ed teniu unes fotos de l&#8217;acte de lliurament dels premis. <strong>Felicitats a tots els participant i especialment guardonats!<\/strong><\/p>\n<p><a target=\"_blank\" href=\"https:\/\/plus.google.com\/u\/0\/photos\/109082993004267794892\/albums\/5888505225429863697\"><img decoding=\"async\" src=\"https:\/\/lh5.googleusercontent.com\/kEGUlpigypzFF_-w7gEhja0FtKa7j0Ltd1pTCSHMHE_O=w251-h188-p-no\" \/><\/a><a target=\"_blank\" href=\"https:\/\/plus.google.com\/u\/0\/photos\/109082993004267794892\/albums\/5888505225429863697\"><img decoding=\"async\" src=\"https:\/\/lh6.googleusercontent.com\/QN76QAqdPHlDNJPGAzabdiSBL4zSTDIyJ7pOBDfTqNJk=w251-h188-p-no\" \/><\/a><\/p>\n<p><a target=\"_blank\" href=\"https:\/\/plus.google.com\/u\/0\/photos\/109082993004267794892\/albums\/5888505225429863697\"><img decoding=\"async\" src=\"https:\/\/lh6.googleusercontent.com\/so6KU5Wj_gzNFayQ1AIF2Qsr-mTVs2zd7df8lt9hOwrK=w251-h188-p-no\" \/><\/a><a target=\"_blank\" href=\"https:\/\/plus.google.com\/u\/0\/photos\/109082993004267794892\/albums\/5888505225429863697\"><img decoding=\"async\" src=\"https:\/\/lh3.googleusercontent.com\/UOw6XhMIK1p0uLps5G8f3h_-jGb0P4XXU8pcbWAb9Fov=w252-h188-p-no\" \/><\/a><\/p>\n","protected":false},"excerpt":{"rendered":"<p>El 17 &nbsp;juny de 18 a 19h es va fer el lliurament de<br \/>\n                    premis del 26\u00e8 TRIATL\u00c3? escolar de Barcelona.Del nostre centre han estat guardonats<br \/>\n &hellip;  <a href=\"https:\/\/agora.xtec.cat\/ies-jaumebalmes\/general\/llirament-de-premis-del-del-26e-triatlo-escolar-de-barcelona\/\" title=\"Read Llirament de premis del del 26\u00e8 TRIATL\u00c3? escolar de Barcelona.\">Llegeix m\u00e9s\u00bb<\/a><\/p>\n","protected":false},"author":3,"featured_media":0,"comment_status":"open","ping_status":"open","sticky":false,"template":"","format":"standard","meta":{"_bbp_topic_count":0,"_bbp_reply_count":0,"_bbp_total_topic_count":0,"_bbp_total_reply_count":0,"_bbp_voice_count":0,"_bbp_anonymous_reply_count":0,"_bbp_topic_count_hidden":0,"_bbp_reply_count_hidden":0,"_bbp_forum_subforum_count":0,"footnotes":""},"categories":[1],"tags":[97,100],"class_list":["post-713","post","type-post","status-publish","format-standard","hentry","category-general","tag-intraweb","tag-noticies"],"post_mailing_queue_ids":[],"_links":{"self":[{"href":"https:\/\/agora.xtec.cat\/ies-jaumebalmes\/wp-json\/wp\/v2\/posts\/713","targetHints":{"allow":["GET"]}}],"collection":[{"href":"https:\/\/agora.xtec.cat\/ies-jaumebalmes\/wp-json\/wp\/v2\/posts"}],"about":[{"href":"https:\/\/agora.xtec.cat\/ies-jaumebalmes\/wp-json\/wp\/v2\/types\/post"}],"author":[{"embeddable":true,"href":"https:\/\/agora.xtec.cat\/ies-jaumebalmes\/wp-json\/wp\/v2\/users\/3"}],"replies":[{"embeddable":true,"href":"https:\/\/agora.xtec.cat\/ies-jaumebalmes\/wp-json\/wp\/v2\/comments?post=713"}],"version-history":[{"count":0,"href":"https:\/\/agora.xtec.cat\/ies-jaumebalmes\/wp-json\/wp\/v2\/posts\/713\/revisions"}],"wp:attachment":[{"href":"https:\/\/agora.xtec.cat\/ies-jaumebalmes\/wp-json\/wp\/v2\/media?parent=713"}],"wp:term":[{"taxonomy":"category","embeddable":true,"href":"https:\/\/agora.xtec.cat\/ies-jaumebalmes\/wp-json\/wp\/v2\/categories?post=713"},{"taxonomy":"post_tag","embeddable":true,"href":"https:\/\/agora.xtec.cat\/ies-jaumebalmes\/wp-json\/wp\/v2\/tags?post=713"}],"curies":[{"name":"wp","href":"https:\/\/api.w.org\/{rel}","templated":true}]}}