{"id":705,"date":"2013-05-09T14:38:46","date_gmt":"2013-05-09T13:38:46","guid":{"rendered":"http:\/\/agora.xtec.cat\/ies-jaumebalmes\/general\/preinscripcio-i-matriculacio-2013-2014\/"},"modified":"2013-05-09T14:38:46","modified_gmt":"2013-05-09T13:38:46","slug":"preinscripcio-i-matriculacio-2013-2014","status":"publish","type":"post","link":"https:\/\/agora.xtec.cat\/ies-jaumebalmes\/general\/preinscripcio-i-matriculacio-2013-2014\/","title":{"rendered":"Preinscripci\u00f3 i matriculaci\u00f3 2013-2014."},"content":{"rendered":"<table border=\"0\" bgcolor=\"#ffff99\">\n<tbody>\n<tr>\n<td>\n<h1>Matriculaci\u00f3 de l\u00e2??alumnat pel curs escolar 2013-2014:&nbsp;<\/h1>\n<\/td>\n<\/tr>\n<tr>\n<td>\n<h2><strong>Dates i carpetes&nbsp; amb la documentaci\u00f3 per a la matriculaci\u00f3 per a la matriculaci\u00f3: <\/strong> <\/h2>\n<ul>\n<li><a href=\"\/ies-jaumebalmes\/intranet\/index.php?module=Downloads&amp;func=prep_hand_out&amp;lid=585\" target=\"_blank\"><strong>2n d\u00e2??ESO<\/strong><\/a><strong> <\/strong><strong>(<\/strong>l\u00e2??alumnat que a juny ja passi de curs <strong>ha de matricular-se el 25 o 26 de juny, <\/strong>la resta el 5 de setembre de 9h a 13h<strong>) <\/strong><strong> <br \/><\/strong><\/li>\n<li><strong><a href=\"\/ies-jaumebalmes\/intranet\/index.php?module=Downloads&amp;func=prep_hand_out&amp;lid=584\" target=\"_blank\">3r i 4t d\u00e2??ESO<\/a> <\/strong><strong>(<\/strong>l\u00e2??alumnat que a juny ja passi de curs <strong>ha de matricular-se el 25 o 26 de juny, <\/strong>la resta el 5 de setembre de 9h a 13h<strong>) <\/strong><a href=\"\/ies-jaumebalmes\/intranet\/index.php?module=Downloads&amp;func=prep_hand_out&amp;lid=583\" target=\"_blank\"><strong> <\/strong><\/a><\/li>\n<p><a href=\"\/ies-jaumebalmes\/intranet\/index.php?module=Downloads&amp;func=prep_hand_out&amp;lid=583\" target=\"_blank\"> <\/a> <\/p>\n<li><strong><a href=\"\/ies-jaumebalmes\/intranet\/index.php?module=Downloads&amp;func=prep_hand_out&amp;lid=583\" target=\"_blank\">Batxillerat <\/a><a href=\"\/ies-jaumebalmes\/intranet\/index.php?module=Downloads&amp;func=prep_hand_out&amp;lid=583\" target=\"_blank\">Di\u00fcrn<\/a> i Nocturn <\/strong><strong><strong>[ <a target=\"_blank\" href=\"\/ies-jaumebalmes\/intranet\/index.php?module=Downloads&amp;func=prep_hand_out&amp;lid=582\">BTX1-Nocturn<\/a> &#8211; <a target=\"_blank\" href=\"\/ies-jaumebalmes\/intranet\/index.php?module=Downloads&amp;func=prep_hand_out&amp;lid=581\">BTX2-Nocturn<\/a>] <\/strong><\/strong><strong>(l\u00e2??alumnat del centre<\/strong> que a juny ja passi de curs<strong> ha de matricular-se el 27 o 28 de juny, <\/strong>la resta el 5 de setembre de 9h a 13h<strong>) .<\/strong><strong><br \/><\/strong><\/li>\n<li><strong>Matr\u00edcula de l&#8217;alumnat nou al centre, de <\/strong><strong><a href=\"\/ies-jaumebalmes\/intranet\/index.php?module=Downloads&amp;func=prep_hand_out&amp;lid=583\" target=\"_blank\">Batxillerat <\/a><a href=\"\/ies-jaumebalmes\/intranet\/index.php?module=Downloads&amp;func=prep_hand_out&amp;lid=583\" target=\"_blank\">Di\u00fcrn<\/a><\/strong><strong><strong> i <\/strong><\/strong><strong>Nocturn <\/strong><strong><strong>[ <a target=\"_blank\" href=\"\/ies-jaumebalmes\/intranet\/index.php?module=Downloads&amp;func=prep_hand_out&amp;lid=582\">BTX1-Nocturn<\/a> &#8211; <a target=\"_blank\" href=\"\/ies-jaumebalmes\/intranet\/index.php?module=Downloads&amp;func=prep_hand_out&amp;lid=581\">BTX2-Nocturn<\/a>]<\/strong><\/strong><strong>, de l&#8217;1 al 9 de juliol de 9h a 13h.<\/strong><\/li>\n<li><strong>Matr\u00edcula de l&#8217;alumnat de Formaci\u00f3 Professional<\/strong><strong><strong><strong>,<\/strong><\/strong> de l&#8217;1 al 9 de juliol <\/strong><strong><strong>de 9h a 13h<\/strong>.<\/strong><\/li>\n<ul>\n<li><strong><a href=\"\/ies-jaumebalmes\/intranet\/index.php?module=Downloads&amp;func=prep_hand_out&amp;lid=586\" title=\"Carpeta matriculaci\u00f3 2n FPGM Gesti\u00f3 Administrativa 2013-2014\" target=\"_blank\">2n FPGM Gesti\u00f3 Administrativa<\/a><\/strong><\/li>\n<p><strong> <\/strong> <\/p>\n<li><strong><a href=\"\/ies-jaumebalmes\/intranet\/index.php?module=Downloads&amp;func=prep_hand_out&amp;lid=587\" title=\"Carpeta matriculaci\u00f3 FPGS ASIX Administraci\u00f3 de sistemes inform\u00e0tics en xarxa 2013-2014\" target=\"_blank\">FPGS ASIX Administraci\u00f3 de sistemes inform\u00e0tics en xarxa<\/a><\/strong><\/li>\n<p><strong> <\/strong> <\/p>\n<li><strong><a target=\"_blank\" title=\"Carpeta matriculaci\u00f3 FPGS DAW Desenvolupament d'aplicacions Web 2013-2014\" href=\"\/ies-jaumebalmes\/intranet\/index.php?module=Downloads&amp;func=prep_hand_out&amp;lid=588\">FPGS DAW Desenvolupament d&#8217;aplicacions Web<\/a><\/strong><\/li>\n<\/ul>\n<li><strong>ALUMNAT DE 1r D\u00e2??ESO:<\/strong><strong> Matricula del 10 al 14 de juny.<a target=\"_blank\" href=\"\/ies-jaumebalmes\/intranet\/index.php?module=Downloads&amp;func=prep_hand_out&amp;lid=580\"> Aqu\u00ed teniu la carpeta de matriculaci\u00f3 de 1r d&#8217;ESO<\/a>&nbsp;<br \/>\n amb tota la informaci\u00f3 i documents que cal omplir i portar (fulls de<br \/>\ndades, pagaments a efectuar, llistat de llibres, autoritzacions, etc.).<\/strong> Qui prefereixi recollir la documentaci\u00f3 al centre ho podr\u00e0 fer a partir del divendres 7 de juny a consergeria. <\/li>\n<\/ul>\n<ul> <\/ul>\n<\/td>\n<\/tr>\n<\/tbody>\n<\/table>\n<h1> Altres informacions:<\/h1>\n<ul>\n<li>\n<h3> <strong>Tota la <a href=\"http:\/\/www.gencat.cat\/preinscripcio\/\" target=\"_blank\">informaci\u00f3 oficial sobre la preinscripci\u00f3 i matriculaci\u00f3 pel curs escolar 2013-2014<\/a><\/strong> <\/h3>\n<\/li>\n<\/ul>\n<ul>\n<li>\n<h3><strong><\/strong><strong>Aqu\u00ed disponibles els documents fets servir a les portes obertes de l\u00e2??ESO del 9\/3\/2013 i del Batxillerat i FP del 4\/5\/2013 a&nbsp;<a href=\"\/ies-jaumebalmes\/intranet\/index.php?module=Downloads&amp;func=sublevel&amp;cid=49&amp;start=0\">DOCUMENTS | P\u00c3?BLICS |&nbsp;PORTES OBERTES i MATRICULACI\u00c3? 2013-2014<\/a>: &nbsp;&nbsp;<\/strong><strong> <a href=\"\/ies-jaumebalmes\/intranet\/index.php?module=Downloads&amp;func=prep_hand_out&amp;lid=554\" target=\"_blank\">ESO<\/a>,&nbsp;&nbsp;&nbsp;&nbsp;&nbsp;<a href=\"\/ies-jaumebalmes\/intranet\/index.php?module=Downloads&amp;func=prep_hand_out&amp;lid=572\" target=\"_blank\">BATXILLERAT<\/a> i <a href=\"\/ies-jaumebalmes\/intranet\/index.php?module=Downloads&amp;func=prep_hand_out&amp;lid=577\" target=\"_blank\">Formaci\u00f3 Professional<\/a><\/strong><\/h3>\n<\/li>\n<\/ul>\n<ul>\n<li>\n<h3><strong><strong><strong><strong>Els itineraris del Batxillerat del centre per al<br \/>\n2013-2014 s\u00f3n:&nbsp;&nbsp;&nbsp;<strong><a href=\"\/ies-jaumebalmes\/intranet\/index.php?module=Downloads&amp;func=prep_hand_out&amp;lid=563\" target=\"_blank\">BTX1-Di\u00fcrn<\/a><\/strong>, &nbsp; &nbsp; <strong><a href=\"\/ies-jaumebalmes\/intranet\/index.php?module=Downloads&amp;func=prep_hand_out&amp;lid=562\" target=\"_blank\">BTX2-Di\u00fcrn<\/a><\/strong>, &nbsp; &nbsp;<strong><a href=\"\/ies-jaumebalmes\/intranet\/index.php?module=Downloads&amp;func=prep_hand_out&amp;lid=561\" target=\"_blank\">BTX1-Nocturn<\/a><\/strong>&nbsp; i&nbsp;&nbsp;&nbsp;&nbsp;&nbsp; <strong><a href=\"\/ies-jaumebalmes\/intranet\/index.php?module=Downloads&amp;func=prep_hand_out&amp;lid=560\" target=\"_blank\">BTX2-Nocturn<\/a><\/strong>.&nbsp;<strong>Cal lliurar-los omplerts amb la<br \/>\npreinscripci\u00f3.<\/strong><\/strong><\/strong><\/strong><\/strong><\/h3>\n<\/li>\n<\/ul>\n<table border=\"0\" bgcolor=\"#ffff99\">\n<tbody>\n<tr bgcolor=\"#FFCC00\">\n<td>\n<ul>\n<li><strong>Dimecres 19 de juny a les 19h reuni\u00f3 per explicar, a les fam\u00edlies del nou alumnat, el <\/strong><strong>sistema de venda i reutilitzaci\u00f3 de llibres (ecoBooks) amb l\u00e2??empresa IDDINK.<\/strong> <\/li>\n<\/ul>\n<\/td>\n<\/tr>\n<\/tbody>\n<\/table>\n<h3> Xerrada d\u00e2??orientaci\u00f3 pel nostre alumnat de 1r de Batxillerat&nbsp; <\/h3>\n<ul>\n<li><strong>11 d\u00e2??abril 13.30h: alumnat actual de 1r de BTX<\/strong>. \u00e2??Itineraris 2n de BTX, PAU i altres sortides\u00e2?\u009d. [<a target=\"_blank\" href=\"\/ies-jaumebalmes\/intranet\/index.php?module=Downloads&amp;func=prep_hand_out&amp;lid=564\">Material de la sessi\u00f3<\/a>] &#8212; [<a href=\"\/ies-jaumebalmes\/intranet\/index.php?module=Downloads&amp;func=prep_hand_out&amp;lid=562\" target=\"_blank\">Itineraris&nbsp;BTX2-Di\u00fcrn<\/a>]&nbsp;<\/li>\n<\/ul>\n<h3>Xerrades d\u00e2??orientaci\u00f3 pel nostre alumnat de 3r i 4t d\u00e2??ESO i les seves fam\u00edlies.<br \/>\n  <\/h3>\n<ul>\n<li>\n<p><strong>24 d&#8217;abril 9h: alumnat actual de 4t d\u00e2??ESO<\/strong>.\u00e2??Sortides posteriors a l\u00e2??ESO, els diferents itineraris formatius i l\u00e2??organitzaci\u00f3 del Batxillerat al centre\u00e2?\u009d. [<a href=\"\/ies-jaumebalmes\/intranet\/index.php?module=Downloads&amp;func=prep_hand_out&amp;lid=567\" target=\"_blank\">Material de la sessi\u00f3<\/a>] &#8212; [<a target=\"_blank\" href=\"\/ies-jaumebalmes\/intranet\/index.php?module=Downloads&amp;func=prep_hand_out&amp;lid=563\">Itineraris BTX1-Di\u00fcrn<\/a>]&nbsp;&nbsp;<\/p>\n<\/li>\n<li>\n<p><strong>24 d&#8217;abril 18,30h<\/strong>: reuni\u00f3 amb les <strong>fam\u00edlies de l\u00e2??alumnat actual de 3r d\u00e2??ESO<\/strong>.\u00e2??Presentaci\u00f3 del 4t d\u00e2??ESO i els diferents itineraris formatius\u00e2?\u009d. [<a href=\"\/ies-jaumebalmes\/intranet\/index.php?module=Downloads&amp;func=prep_hand_out&amp;lid=569\">Material de la sessi\u00f3<\/a>] &#8212; [<a href=\"\/ies-jaumebalmes\/intranet\/index.php?module=Downloads&amp;func=prep_hand_out&amp;lid=568\" target=\"_blank\">Matr\u00edcula mat\u00e8ries espec\u00edfiques 4t d\u00e2??ESO<\/a>]<\/p>\n<\/li>\n<\/ul>\n<ul>\n<li><strong>24 d&#8217;abril 19,30h<\/strong>: reuni\u00f3 amb les<strong> fam\u00edlies de l\u00e2??alumnat actual de 4t d\u00e2??ESO<\/strong>.\u00e2??Sortides posteriors a l\u00e2??ESO, els diferents itineraris formatius i l\u00e2??organitzaci\u00f3 del Batxillerat al centre\u00e2?\u009d.&nbsp; [<a href=\"\/ies-jaumebalmes\/intranet\/index.php?module=Downloads&amp;func=prep_hand_out&amp;lid=567\">Material de la sessi\u00f3<\/a>] &#8212; [<a target=\"_blank\" href=\"\/ies-jaumebalmes\/intranet\/index.php?module=Downloads&amp;func=prep_hand_out&amp;lid=563\">Itineraris BTX1-Di\u00fcrn<\/a>] <\/li>\n<\/ul>\n<ul>\n<li> <strong>25 d&#8217;abril 8h: alumnat actual de 3r d\u00e2??ESO<\/strong>.\u00e2??Presentaci\u00f3 del 4t d\u00e2??ESO i els diferents itineraris formatius\u00e2?\u009d. [<a href=\"\/ies-jaumebalmes\/intranet\/index.php?module=Downloads&amp;func=prep_hand_out&amp;lid=569\" target=\"_blank\">Material de la sessi\u00f3<\/a>] &#8212; [<a href=\"\/ies-jaumebalmes\/intranet\/index.php?module=Downloads&amp;func=prep_hand_out&amp;lid=568\" target=\"_blank\">Matr\u00edcula mat\u00e8ries espec\u00edfiques 4t d\u00e2??ESO<\/a>] <\/li>\n<\/ul>\n<hr \/>\n<table border=\"0\" bgcolor=\"#ffff99\">\n<tbody>\n<tr>\n<td>\n<h1>Matriculaci\u00f3 de l\u00e2??alumnat pel curs escolar 2013-2014:&nbsp;<\/h1>\n<\/td>\n<\/tr>\n<tr bgcolor=\"#FFCC00\">\n<td>\n<h2><strong>ALUMNAT DE 1r D\u00e2??ESO:<\/strong><strong> Cal matricular-se del 10 al 14 de juny.<\/strong><strong> <\/strong> <\/h2>\n<h1> <\/h1>\n<ul>\n<li><strong><a href=\"\/ies-jaumebalmes\/intranet\/index.php?module=Downloads&amp;func=prep_hand_out&amp;lid=580\" target=\"_blank\">Aqu\u00ed teniu la carpeta de matriculaci\u00f3<\/a>&nbsp;<br \/>\n amb tota la informaci\u00f3 i documents que cal omplir i portar (fulls de<br \/>\ndades, pagaments a efectuar, llistat de llibres, autoritzacions, etc.).<\/strong> Qui prefereixi recollir la documentaci\u00f3 al centre ho podr\u00e0 fer a partir del divendres 7 de juny a consergeria. <\/li>\n<li><strong>Dimecres 19 de juny a les 19h reuni\u00f3 per explicar, a les fam\u00edlies del nou alumnat, el <\/strong><strong>sistema de venda i reutilitzaci\u00f3 de llibres (ecoBooks) amb l\u00e2??empresa IDDINK.<\/strong> <\/li>\n<\/ul>\n<\/td>\n<\/tr>\n<tr>\n<td>\n<h2><strong>A continuaci\u00f3 trobareu les carpetes amb la documentaci\u00f3 per a la matriculaci\u00f3 per a la resta de cursos: <\/strong> <\/h2>\n<ul>\n<li><a target=\"_blank\" href=\"\/ies-jaumebalmes\/intranet\/index.php?module=Downloads&amp;func=prep_hand_out&amp;lid=585\"><strong>2n d\u00e2??ESO<\/strong><\/a><strong> <\/strong><strong>(<\/strong>l\u00e2??alumnat que a juny ja passi de curs <strong>ha de matricular-se el 25 o 26 de juny, <\/strong>la resta el 5 de setembre de 9h a 13h<strong>) <\/strong><strong> <br \/><\/strong><\/li>\n<li><strong><a target=\"_blank\" href=\"\/ies-jaumebalmes\/intranet\/index.php?module=Downloads&amp;func=prep_hand_out&amp;lid=584\">3r i 4t d\u00e2??ESO<\/a> <\/strong><strong>(<\/strong>l\u00e2??alumnat que a juny ja passi de curs <strong>ha de matricular-se el 25 o 26 de juny, <\/strong>la resta el 5 de setembre de 9h a 13h<strong>) <\/strong><a target=\"_blank\" href=\"\/ies-jaumebalmes\/intranet\/index.php?module=Downloads&amp;func=prep_hand_out&amp;lid=583\"><strong> <\/strong><\/a><\/li>\n<p><a target=\"_blank\" href=\"\/ies-jaumebalmes\/intranet\/index.php?module=Downloads&amp;func=prep_hand_out&amp;lid=583\"> <\/a> <\/p>\n<li><strong><a target=\"_blank\" href=\"\/ies-jaumebalmes\/intranet\/index.php?module=Downloads&amp;func=prep_hand_out&amp;lid=583\">Batxillerat <\/a><a target=\"_blank\" href=\"\/ies-jaumebalmes\/intranet\/index.php?module=Downloads&amp;func=prep_hand_out&amp;lid=583\">Di\u00fcrn<\/a> i Nocturn <\/strong><strong><strong>[ <a href=\"\/ies-jaumebalmes\/intranet\/index.php?module=Downloads&amp;func=prep_hand_out&amp;lid=582\" target=\"_blank\">BTX1-Nocturn<\/a> &#8211; <a href=\"\/ies-jaumebalmes\/intranet\/index.php?module=Downloads&amp;func=prep_hand_out&amp;lid=581\" target=\"_blank\">BTX2-Nocturn<\/a>] <\/strong><\/strong><strong>(l\u00e2??alumnat del centre<\/strong> que a juny ja passi de curs<strong> ha de matricular-se el 27 o 28 de juny, <\/strong>la resta el 5 de setembre de 9h a 13h<strong>) .<\/strong><strong><br \/><\/strong><\/li>\n<li><strong>Matr\u00edcula de l&#8217;alumnat nou al centre, de <\/strong><strong><a target=\"_blank\" href=\"\/ies-jaumebalmes\/intranet\/index.php?module=Downloads&amp;func=prep_hand_out&amp;lid=583\">Batxillerat <\/a><a target=\"_blank\" href=\"\/ies-jaumebalmes\/intranet\/index.php?module=Downloads&amp;func=prep_hand_out&amp;lid=583\">Di\u00fcrn<\/a><\/strong><strong><strong> i <\/strong><\/strong><strong>Nocturn <\/strong><strong><strong>[ <a href=\"\/ies-jaumebalmes\/intranet\/index.php?module=Downloads&amp;func=prep_hand_out&amp;lid=582\" target=\"_blank\">BTX1-Nocturn<\/a> &#8211; <a href=\"\/ies-jaumebalmes\/intranet\/index.php?module=Downloads&amp;func=prep_hand_out&amp;lid=581\" target=\"_blank\">BTX2-Nocturn<\/a>]<\/strong><\/strong><strong>, de l&#8217;1 al 9 de juliol de 9h a 13h.<\/strong><\/li>\n<li><strong>Matr\u00edcula de l&#8217;alumnat de Formaci\u00f3 Professional <\/strong><strong><strong><strong>[DISPONIBLES PROPERAMENT],<\/strong><\/strong> de l&#8217;1 al 9 de juliol <\/strong><strong><strong>de 9h a 13h<\/strong>.<\/strong> <\/li>\n<\/ul>\n<\/td>\n<\/tr>\n<\/tbody>\n<\/table>\n<h1> <\/h1>\n<p><\/p>\n<ul> <\/ul>\n","protected":false},"excerpt":{"rendered":"<p>Matriculaci\u00f3 de l\u00e2??alumnat pel curs escolar 2013-2014:&nbsp;<\/p>\n<p>Dates i carpetes&nbsp; amb la documentaci\u00f3 per a la matriculaci\u00f3 per a la matriculaci\u00f3:  <\/p>\n<ul>\n<li><a href=\"\/ies-jaumebalmes\/intranet\/index.php?module=Downloads&amp;func=prep_hand_out&amp;lid=585\" target=\"_blank\">2n d\u00e2??ESO<\/a> (l\u00e2??alumnat que a juny ja passi de curs ha de matricular-se el 25 o 26 de juny, la resta el&hellip;  <a href=\"https:\/\/agora.xtec.cat\/ies-jaumebalmes\/general\/preinscripcio-i-matriculacio-2013-2014\/\" title=\"Read Preinscripci\u00f3 i matriculaci\u00f3 2013-2014.\">Llegeix m\u00e9s\u00bb<\/a><br \/>\n","protected":false},"author":3,"featured_media":0,"comment_status":"open","ping_status":"open","sticky":false,"template":"","format":"standard","meta":{"_bbp_topic_count":0,"_bbp_reply_count":0,"_bbp_total_topic_count":0,"_bbp_total_reply_count":0,"_bbp_voice_count":0,"_bbp_anonymous_reply_count":0,"_bbp_topic_count_hidden":0,"_bbp_reply_count_hidden":0,"_bbp_forum_subforum_count":0,"footnotes":""},"categories":[1],"tags":[97,100],"class_list":["post-705","post","type-post","status-publish","format-standard","hentry","category-general","tag-intraweb","tag-noticies"],"post_mailing_queue_ids":[],"_links":{"self":[{"href":"https:\/\/agora.xtec.cat\/ies-jaumebalmes\/wp-json\/wp\/v2\/posts\/705","targetHints":{"allow":["GET"]}}],"collection":[{"href":"https:\/\/agora.xtec.cat\/ies-jaumebalmes\/wp-json\/wp\/v2\/posts"}],"about":[{"href":"https:\/\/agora.xtec.cat\/ies-jaumebalmes\/wp-json\/wp\/v2\/types\/post"}],"author":[{"embeddable":true,"href":"https:\/\/agora.xtec.cat\/ies-jaumebalmes\/wp-json\/wp\/v2\/users\/3"}],"replies":[{"embeddable":true,"href":"https:\/\/agora.xtec.cat\/ies-jaumebalmes\/wp-json\/wp\/v2\/comments?post=705"}],"version-history":[{"count":0,"href":"https:\/\/agora.xtec.cat\/ies-jaumebalmes\/wp-json\/wp\/v2\/posts\/705\/revisions"}],"wp:attachment":[{"href":"https:\/\/agora.xtec.cat\/ies-jaumebalmes\/wp-json\/wp\/v2\/media?parent=705"}],"wp:term":[{"taxonomy":"category","embeddable":true,"href":"https:\/\/agora.xtec.cat\/ies-jaumebalmes\/wp-json\/wp\/v2\/categories?post=705"},{"taxonomy":"post_tag","embeddable":true,"href":"https:\/\/agora.xtec.cat\/ies-jaumebalmes\/wp-json\/wp\/v2\/tags?post=705"}],"curies":[{"name":"wp","href":"https:\/\/api.w.org\/{rel}","templated":true}]}}