{"id":704,"date":"2013-05-09T12:40:10","date_gmt":"2013-05-09T11:40:10","guid":{"rendered":"http:\/\/agora.xtec.cat\/ies-jaumebalmes\/general\/resultats-dels-queestionaris-sobre-la-jornada-continuada-a-leso\/"},"modified":"2013-05-09T12:40:10","modified_gmt":"2013-05-09T11:40:10","slug":"resultats-dels-queestionaris-sobre-la-jornada-continuada-a-leso","status":"publish","type":"post","link":"https:\/\/agora.xtec.cat\/ies-jaumebalmes\/general\/resultats-dels-queestionaris-sobre-la-jornada-continuada-a-leso\/","title":{"rendered":"Resultats dels q\u00fcestionaris sobre la Jornada Continuada a l&#8217;ESO"},"content":{"rendered":"<p>Com ja sabeu, aquest curs hem iniciat a l&#8217;ESO la <span class=\"il\">jornada<\/span><br \/>\n compactada al centre i ja fa un parell de mesos us v\u00e0rem demanar que ompl\u00edssiu un q\u00fcestionari,<br \/>\ntant&nbsp; a les fam\u00edlies, a l&#8217;alumnat com al professorat. Tal com perceb\u00edem, <strong>els<br \/>\nresultats han estat significativament positius respecte la jornada<br \/>\ncontinuada i, per tant, la voluntat del centre \u00e9s la de mantenir-la.<\/strong><\/p>\n<p>  Aqu\u00ed teniu enlla\u00e7ats els <strong>resultats<\/strong>: en la<br \/>\npantalla trobeu els resultats generals per\u00f2 en clicar sobre cada un dels<br \/>\n t\u00edtols podeu accedir a les respostes en tots i cada un dels \u00edtems.\n  <\/p>\n<p>Moltes gr\u00e0cies per la vostra col\u00b7laboraci\u00f3 <\/p>\n<p><a href=\"http:\/\/www.xtec.cat\/ies-jaumebalmes\/continuada\/resultats2013.htm\" target=\"_blank\"><img decoding=\"async\" src=\"http:\/\/www.xtec.cat\/ies-jaumebalmes\/continuada\/continuada2013.jpg\" \/><\/a><\/p>\n","protected":false},"excerpt":{"rendered":"<p>Com ja sabeu, aquest curs hem iniciat a l&#8217;ESO la jornada<br \/>\n compactada al centre i ja fa un parell de mesos us v\u00e0rem demanar que ompl\u00edssiu un q\u00fcestionari,<br \/>\ntant&nbsp; a les fam\u00edlies, a l&#8217;alumnat com al professorat. Tal com perceb\u00edem, els<br \/>\nresultats han estat significativament positius respecte&hellip;  <a href=\"https:\/\/agora.xtec.cat\/ies-jaumebalmes\/general\/resultats-dels-queestionaris-sobre-la-jornada-continuada-a-leso\/\" title=\"Read Resultats dels q\u00fcestionaris sobre la Jornada Continuada a l&#8217;ESO\">Llegeix m\u00e9s\u00bb<\/a><\/p>\n","protected":false},"author":3,"featured_media":0,"comment_status":"open","ping_status":"open","sticky":false,"template":"","format":"standard","meta":{"_bbp_topic_count":0,"_bbp_reply_count":0,"_bbp_total_topic_count":0,"_bbp_total_reply_count":0,"_bbp_voice_count":0,"_bbp_anonymous_reply_count":0,"_bbp_topic_count_hidden":0,"_bbp_reply_count_hidden":0,"_bbp_forum_subforum_count":0,"footnotes":""},"categories":[1],"tags":[97,100],"class_list":["post-704","post","type-post","status-publish","format-standard","hentry","category-general","tag-intraweb","tag-noticies"],"post_mailing_queue_ids":[],"_links":{"self":[{"href":"https:\/\/agora.xtec.cat\/ies-jaumebalmes\/wp-json\/wp\/v2\/posts\/704","targetHints":{"allow":["GET"]}}],"collection":[{"href":"https:\/\/agora.xtec.cat\/ies-jaumebalmes\/wp-json\/wp\/v2\/posts"}],"about":[{"href":"https:\/\/agora.xtec.cat\/ies-jaumebalmes\/wp-json\/wp\/v2\/types\/post"}],"author":[{"embeddable":true,"href":"https:\/\/agora.xtec.cat\/ies-jaumebalmes\/wp-json\/wp\/v2\/users\/3"}],"replies":[{"embeddable":true,"href":"https:\/\/agora.xtec.cat\/ies-jaumebalmes\/wp-json\/wp\/v2\/comments?post=704"}],"version-history":[{"count":0,"href":"https:\/\/agora.xtec.cat\/ies-jaumebalmes\/wp-json\/wp\/v2\/posts\/704\/revisions"}],"wp:attachment":[{"href":"https:\/\/agora.xtec.cat\/ies-jaumebalmes\/wp-json\/wp\/v2\/media?parent=704"}],"wp:term":[{"taxonomy":"category","embeddable":true,"href":"https:\/\/agora.xtec.cat\/ies-jaumebalmes\/wp-json\/wp\/v2\/categories?post=704"},{"taxonomy":"post_tag","embeddable":true,"href":"https:\/\/agora.xtec.cat\/ies-jaumebalmes\/wp-json\/wp\/v2\/tags?post=704"}],"curies":[{"name":"wp","href":"https:\/\/api.w.org\/{rel}","templated":true}]}}