{"id":700,"date":"2013-05-02T23:42:33","date_gmt":"2013-05-02T22:42:33","guid":{"rendered":"http:\/\/agora.xtec.cat\/ies-jaumebalmes\/general\/premis-sant-jordi-2013-i-altres-activitats\/"},"modified":"2013-05-02T23:42:33","modified_gmt":"2013-05-02T22:42:33","slug":"premis-sant-jordi-2013-i-altres-activitats","status":"publish","type":"post","link":"https:\/\/agora.xtec.cat\/ies-jaumebalmes\/general\/premis-sant-jordi-2013-i-altres-activitats\/","title":{"rendered":"Premis Sant Jordi 2013 i altres activitats"},"content":{"rendered":"<p>Ja teniu disponible a l&#8217;apartat de <a href=\"http:\/\/www.xtec.cat\/ies-jaumebalmes\/revista\/\" target=\"_blank\">Publicacions del centre<\/a> <strong>el llibre que recull els treballs premiats a la Diada de Sant Jordi 2013.<\/strong> Gaudiu-lo i felicitats (una vegada m\u00e9s) a tots els premiats.<\/p>\n<p><a href=\"http:\/\/www.xtec.cat\/ies-jaumebalmes\/revista\/balmes201304santjordi.pdf\" target=\"_blank\"><img decoding=\"async\" src=\"http:\/\/www.xtec.cat\/ies-jaumebalmes\/revista\/portada2013stjordi.jpg\" \/><\/a><\/p>\n<p><strong>Tamb\u00e9 es va fer altres activitats de les anirem afegint els reportatges i reculls fets. Per exemple: <\/strong><\/p>\n<ul>\n<li> <strong>L&#8217;ull alemany &quot;un recull de poemes&quot;:<\/strong> Tots els alumnes d\u00e2??alemany van preparar una activitat pel dia de Sant Jordi. Unes setmanes abans van escriure pomes curts d\u00e2??onze paraules en alemany,en papers petits de diferents colors,&nbsp; i els van traduir al catal\u00e0 en la part de darrera. El dia de Sant Jordi vam composar un dibuix&nbsp; de 2 per 3 metres amb aquest papers.&nbsp; El disseny original va ser una proposta de l\u00e2??alumna&nbsp; de 1er Batxillerat Djuna Lund&nbsp; i ens va servir a l\u00e2??hora de planificar i&nbsp; muntar el dibuix. El disseny va estar exposat durant dues hores al pati. Despr\u00e9s&nbsp; tots els alumnes , professors i visitants podien agafar un paper amb el poema i endur-se\u00e2??l cap a casa, de manera que el dibuix anava desapareixent poc a poc.&nbsp;<\/li>\n<\/ul>\n<p> <a href=\"http:\/\/www.xtec.cat\/ies-jaumebalmes\/imatges\/MontandoEl%20Ojo201304.jpg\" target=\"_blank\"><img decoding=\"async\" src=\"http:\/\/www.xtec.cat\/ies-jaumebalmes\/imatges\/MontandoEl%20Ojo201304_small.jpg\" \/><\/a><br \/><a target=\"_blank\" href=\"http:\/\/www.xtec.cat\/ies-jaumebalmes\/imatges\/RecogiendoPoemas201304.jpg\"><img decoding=\"async\" src=\"http:\/\/www.xtec.cat\/ies-jaumebalmes\/imatges\/RecogiendoPoemas201304_small.jpg\" \/><\/a> <\/p>\n<ul>\n<li><strong>I aviat els recull de fotos<\/strong> dels actes de Jocs Florals, lliurament de premis, Ball de Bastons, etc.<\/li>\n<\/ul>\n<ul> <\/ul>\n","protected":false},"excerpt":{"rendered":"<p>Ja teniu disponible a l&#8217;apartat de <a href=\"http:\/\/www.xtec.cat\/ies-jaumebalmes\/revista\/\" target=\"_blank\">Publicacions del centre<\/a> el llibre que recull els treballs premiats a la Diada de Sant Jordi 2013. Gaudiu-lo i felicitats (una vegada m\u00e9s) a tots els premiats.<br \/>\n<a href=\"http:\/\/www.xtec.cat\/ies-jaumebalmes\/revista\/balmes201304santjordi.pdf\" target=\"_blank\"><\/a><br \/>\nTamb\u00e9 es va fer altres activitats de les anirem&hellip;  <a href=\"https:\/\/agora.xtec.cat\/ies-jaumebalmes\/general\/premis-sant-jordi-2013-i-altres-activitats\/\" title=\"Read Premis Sant Jordi 2013 i altres activitats\">Llegeix m\u00e9s\u00bb<\/a><\/p>\n","protected":false},"author":3,"featured_media":0,"comment_status":"open","ping_status":"open","sticky":false,"template":"","format":"standard","meta":{"_bbp_topic_count":0,"_bbp_reply_count":0,"_bbp_total_topic_count":0,"_bbp_total_reply_count":0,"_bbp_voice_count":0,"_bbp_anonymous_reply_count":0,"_bbp_topic_count_hidden":0,"_bbp_reply_count_hidden":0,"_bbp_forum_subforum_count":0,"footnotes":""},"categories":[1],"tags":[97,100],"class_list":["post-700","post","type-post","status-publish","format-standard","hentry","category-general","tag-intraweb","tag-noticies"],"post_mailing_queue_ids":[],"_links":{"self":[{"href":"https:\/\/agora.xtec.cat\/ies-jaumebalmes\/wp-json\/wp\/v2\/posts\/700","targetHints":{"allow":["GET"]}}],"collection":[{"href":"https:\/\/agora.xtec.cat\/ies-jaumebalmes\/wp-json\/wp\/v2\/posts"}],"about":[{"href":"https:\/\/agora.xtec.cat\/ies-jaumebalmes\/wp-json\/wp\/v2\/types\/post"}],"author":[{"embeddable":true,"href":"https:\/\/agora.xtec.cat\/ies-jaumebalmes\/wp-json\/wp\/v2\/users\/3"}],"replies":[{"embeddable":true,"href":"https:\/\/agora.xtec.cat\/ies-jaumebalmes\/wp-json\/wp\/v2\/comments?post=700"}],"version-history":[{"count":0,"href":"https:\/\/agora.xtec.cat\/ies-jaumebalmes\/wp-json\/wp\/v2\/posts\/700\/revisions"}],"wp:attachment":[{"href":"https:\/\/agora.xtec.cat\/ies-jaumebalmes\/wp-json\/wp\/v2\/media?parent=700"}],"wp:term":[{"taxonomy":"category","embeddable":true,"href":"https:\/\/agora.xtec.cat\/ies-jaumebalmes\/wp-json\/wp\/v2\/categories?post=700"},{"taxonomy":"post_tag","embeddable":true,"href":"https:\/\/agora.xtec.cat\/ies-jaumebalmes\/wp-json\/wp\/v2\/tags?post=700"}],"curies":[{"name":"wp","href":"https:\/\/api.w.org\/{rel}","templated":true}]}}