{"id":690,"date":"2013-02-28T16:50:14","date_gmt":"2013-02-28T15:50:14","guid":{"rendered":"http:\/\/agora.xtec.cat\/ies-jaumebalmes\/general\/presentacio-de-linstitut-jaume-balmes-en-alemany-febrer-2013\/"},"modified":"2013-02-28T16:50:14","modified_gmt":"2013-02-28T15:50:14","slug":"presentacio-de-linstitut-jaume-balmes-en-alemany-febrer-2013","status":"publish","type":"post","link":"https:\/\/agora.xtec.cat\/ies-jaumebalmes\/general\/presentacio-de-linstitut-jaume-balmes-en-alemany-febrer-2013\/","title":{"rendered":"Presentaci\u00f3 de l&#8217;Institut Jaume Balmes en Alemany. Febrer 2013"},"content":{"rendered":"<p>Els alumnes de 1r d&#8217;ESO ens presenten en Alemany els diferents espais de l&#8217;institut<br \/>Die Sch\u00fcler und Sch\u00fclerinnen der Schule Jaume Balmes pr\u00e4sentieren die verschiedenen R\u00e4umlichkeiten des Schulgeb\u00e4udes.<\/p>\n<p>  <iframe loading=\"lazy\" width=\"560\" height=\"315\" frameborder=\"0\" allowfullscreen=\"true\" src=\"http:\/\/www.youtube.com\/embed\/lRe5NRTxcoA\"><\/iframe><\/p>\n","protected":false},"excerpt":{"rendered":"<p>Els alumnes de 1r d&#8217;ESO ens presenten en Alemany els diferents espais de l&#8217;institutDie Sch\u00fcler und Sch\u00fclerinnen der Schule Jaume Balmes pr\u00e4sentieren die verschiedenen R\u00e4umlichkeiten des Schulgeb\u00e4udes.<\/p>\n","protected":false},"author":3,"featured_media":0,"comment_status":"open","ping_status":"open","sticky":false,"template":"","format":"standard","meta":{"_bbp_topic_count":0,"_bbp_reply_count":0,"_bbp_total_topic_count":0,"_bbp_total_reply_count":0,"_bbp_voice_count":0,"_bbp_anonymous_reply_count":0,"_bbp_topic_count_hidden":0,"_bbp_reply_count_hidden":0,"_bbp_forum_subforum_count":0,"footnotes":""},"categories":[1],"tags":[97,100],"class_list":["post-690","post","type-post","status-publish","format-standard","hentry","category-general","tag-intraweb","tag-noticies"],"post_mailing_queue_ids":[],"_links":{"self":[{"href":"https:\/\/agora.xtec.cat\/ies-jaumebalmes\/wp-json\/wp\/v2\/posts\/690","targetHints":{"allow":["GET"]}}],"collection":[{"href":"https:\/\/agora.xtec.cat\/ies-jaumebalmes\/wp-json\/wp\/v2\/posts"}],"about":[{"href":"https:\/\/agora.xtec.cat\/ies-jaumebalmes\/wp-json\/wp\/v2\/types\/post"}],"author":[{"embeddable":true,"href":"https:\/\/agora.xtec.cat\/ies-jaumebalmes\/wp-json\/wp\/v2\/users\/3"}],"replies":[{"embeddable":true,"href":"https:\/\/agora.xtec.cat\/ies-jaumebalmes\/wp-json\/wp\/v2\/comments?post=690"}],"version-history":[{"count":0,"href":"https:\/\/agora.xtec.cat\/ies-jaumebalmes\/wp-json\/wp\/v2\/posts\/690\/revisions"}],"wp:attachment":[{"href":"https:\/\/agora.xtec.cat\/ies-jaumebalmes\/wp-json\/wp\/v2\/media?parent=690"}],"wp:term":[{"taxonomy":"category","embeddable":true,"href":"https:\/\/agora.xtec.cat\/ies-jaumebalmes\/wp-json\/wp\/v2\/categories?post=690"},{"taxonomy":"post_tag","embeddable":true,"href":"https:\/\/agora.xtec.cat\/ies-jaumebalmes\/wp-json\/wp\/v2\/tags?post=690"}],"curies":[{"name":"wp","href":"https:\/\/api.w.org\/{rel}","templated":true}]}}