{"id":686,"date":"2013-02-18T14:12:38","date_gmt":"2013-02-18T13:12:38","guid":{"rendered":"http:\/\/agora.xtec.cat\/ies-jaumebalmes\/general\/la-selectivitat-pau-2013-informacio-i-calendari-prematricula-matricula-etc\/"},"modified":"2013-02-18T14:12:38","modified_gmt":"2013-02-18T13:12:38","slug":"la-selectivitat-pau-2013-informacio-i-calendari-prematricula-matricula-etc","status":"publish","type":"post","link":"https:\/\/agora.xtec.cat\/ies-jaumebalmes\/general\/la-selectivitat-pau-2013-informacio-i-calendari-prematricula-matricula-etc\/","title":{"rendered":"La selectivitat (PAU) 2013: Informaci\u00f3 i calendari (prematr\u00edcula, matr\u00edcula, etc.)."},"content":{"rendered":"<p>Les sessions de tutoria de 2n de Batxillerat d&#8217;aquesta setmana les dediquem a parlar sobre les PAU 2013 i del seu calendari (prematr\u00edcula, matr\u00edcula, etc.). La prematr\u00edcula s&#8217;ha de fer del 20\/2 al 4\/3\/2013.<\/p>\n<ul>\n<li>Sessi\u00f3 per a l&#8217;alumnat de<strong> 2n de Batxillerat-Nocturn: dimarts 19\/2 a les 19,10h a la sala d&#8217;actes<\/strong>.<\/li>\n<li>Sessi\u00f3 per a l&#8217;alumnat de <strong>2n de Batxillerat-Di\u00fcrn: dijous 21\/2 a les 13,30 a la sala d&#8217;actes.<\/strong><\/li>\n<\/ul>\n<p>Ja teniu disponible la <a href=\"\/ies-jaumebalmes\/intranet\/index.php?module=Downloads&amp;func=prep_hand_out&amp;lid=543\" target=\"_blank\">documentaci\u00f3 de la sessi\u00f3<\/a> a <a href=\"\/ies-jaumebalmes\/intranet\/index.php?module=Downloads&amp;func=sublevel&amp;cid=28&amp;start=0\" target=\"_blank\">DOCUMENTS P\u00c3?BLICS | BATXILLERAT<\/a><\/p>\n","protected":false},"excerpt":{"rendered":"<p>Les sessions de tutoria de 2n de Batxillerat d&#8217;aquesta setmana les dediquem a parlar sobre les PAU 2013 i del seu calendari (prematr\u00edcula, matr\u00edcula, etc.). La prematr\u00edcula s&#8217;ha de fer del 20\/2 al 4\/3\/2013.<\/p>\n<ul>\n<li>Sessi\u00f3 per a l&#8217;alumnat de 2n de Batxillerat-Nocturn: dimarts 19\/2 a les&hellip;  <a href=\"https:\/\/agora.xtec.cat\/ies-jaumebalmes\/general\/la-selectivitat-pau-2013-informacio-i-calendari-prematricula-matricula-etc\/\" title=\"Read La selectivitat (PAU) 2013: Informaci\u00f3 i calendari (prematr\u00edcula, matr\u00edcula, etc.).\">Llegeix m\u00e9s\u00bb<\/a><br \/>\n","protected":false},"author":3,"featured_media":0,"comment_status":"open","ping_status":"open","sticky":false,"template":"","format":"standard","meta":{"_bbp_topic_count":0,"_bbp_reply_count":0,"_bbp_total_topic_count":0,"_bbp_total_reply_count":0,"_bbp_voice_count":0,"_bbp_anonymous_reply_count":0,"_bbp_topic_count_hidden":0,"_bbp_reply_count_hidden":0,"_bbp_forum_subforum_count":0,"footnotes":""},"categories":[1],"tags":[97,100],"class_list":["post-686","post","type-post","status-publish","format-standard","hentry","category-general","tag-intraweb","tag-noticies"],"post_mailing_queue_ids":[],"_links":{"self":[{"href":"https:\/\/agora.xtec.cat\/ies-jaumebalmes\/wp-json\/wp\/v2\/posts\/686","targetHints":{"allow":["GET"]}}],"collection":[{"href":"https:\/\/agora.xtec.cat\/ies-jaumebalmes\/wp-json\/wp\/v2\/posts"}],"about":[{"href":"https:\/\/agora.xtec.cat\/ies-jaumebalmes\/wp-json\/wp\/v2\/types\/post"}],"author":[{"embeddable":true,"href":"https:\/\/agora.xtec.cat\/ies-jaumebalmes\/wp-json\/wp\/v2\/users\/3"}],"replies":[{"embeddable":true,"href":"https:\/\/agora.xtec.cat\/ies-jaumebalmes\/wp-json\/wp\/v2\/comments?post=686"}],"version-history":[{"count":0,"href":"https:\/\/agora.xtec.cat\/ies-jaumebalmes\/wp-json\/wp\/v2\/posts\/686\/revisions"}],"wp:attachment":[{"href":"https:\/\/agora.xtec.cat\/ies-jaumebalmes\/wp-json\/wp\/v2\/media?parent=686"}],"wp:term":[{"taxonomy":"category","embeddable":true,"href":"https:\/\/agora.xtec.cat\/ies-jaumebalmes\/wp-json\/wp\/v2\/categories?post=686"},{"taxonomy":"post_tag","embeddable":true,"href":"https:\/\/agora.xtec.cat\/ies-jaumebalmes\/wp-json\/wp\/v2\/tags?post=686"}],"curies":[{"name":"wp","href":"https:\/\/api.w.org\/{rel}","templated":true}]}}