{"id":680,"date":"2013-01-28T14:00:33","date_gmt":"2013-01-28T13:00:33","guid":{"rendered":"http:\/\/agora.xtec.cat\/ies-jaumebalmes\/general\/el-balmes-al-pol-sud-geografic\/"},"modified":"2013-01-28T14:00:33","modified_gmt":"2013-01-28T13:00:33","slug":"el-balmes-al-pol-sud-geografic","status":"publish","type":"post","link":"https:\/\/agora.xtec.cat\/ies-jaumebalmes\/general\/el-balmes-al-pol-sud-geografic\/","title":{"rendered":"El Balmes al Pol Sud geogr\u00e0fic"},"content":{"rendered":"<p style=\"margin-bottom: 0cm;\">L\u00e2??1 de desembre de l\u00e2??any 1959, 12<br \/>\nnacions van signar un acord on es considerava l\u00e2??Ant\u00e0rtida com una<br \/>\nzona desmilitaritzada i reservada a la recerca cient\u00edfica, m\u00e9s<br \/>\nendavant s\u00e2??hi van afegir altres nacions, \u00e9s per aix\u00f2 que l\u00e2??1 de<br \/>\ndesembre \u00e9s considerat el dia de l\u00e2??Ant\u00e0rtida. Amb motiu de la<br \/>\ncelebraci\u00f3 d\u00e2??aquest dia, un grup d\u00e2??alumnes de primer d\u00e2??ESO va<br \/>\nrebre el dia 29 de novembre una xerrada sobre l\u00e2??Ant\u00e0rtida per part<br \/>\nde tres investigadors que han treballat als pols i cada un dels<br \/>\nalumnes del grup va dissenyar una bandera per l\u00e2??Ant\u00e0rtida que va<br \/>\nser enviada per scaner a la base polar americana. Aquestes banderes,<br \/>\njuntament amb altres enviades per altres nens d\u00e2??arreu del m\u00f3n,<br \/>\nvaren formar part de la festa de celebraci\u00f3 que organitzaren els<br \/>\ncient\u00edfics presents a l\u00e2??Ant\u00e0rtida i en un ceremonial que es va<br \/>\ncelebrar al Pol Sud geogr\u00e0fic. <a href=\"https:\/\/docs.google.com\/file\/d\/0B2qTzLLB_5_8cTFXZG4wdm01aEU\/edit\" target=\"_blank\">Veieu les fotografies que ens han<br \/>\nenviat  dels dos aconteixements i de les nostres banderes<\/a>.<\/p>\n","protected":false},"excerpt":{"rendered":"<p>L\u00e2??1 de desembre de l\u00e2??any 1959, 12<br \/>\nnacions van signar un acord on es considerava l\u00e2??Ant\u00e0rtida com una<br \/>\nzona desmilitaritzada i reservada a la recerca cient\u00edfica, m\u00e9s<br \/>\nendavant s\u00e2??hi van afegir altres nacions, \u00e9s per aix\u00f2 que l\u00e2??1 de<br \/>\ndesembre \u00e9s considerat el dia de l\u00e2??Ant\u00e0rtida. Amb motiu de&hellip;  <a href=\"https:\/\/agora.xtec.cat\/ies-jaumebalmes\/general\/el-balmes-al-pol-sud-geografic\/\" title=\"Read El Balmes al Pol Sud geogr\u00e0fic\">Llegeix m\u00e9s\u00bb<\/a><\/p>\n","protected":false},"author":3,"featured_media":0,"comment_status":"open","ping_status":"open","sticky":false,"template":"","format":"standard","meta":{"_bbp_topic_count":0,"_bbp_reply_count":0,"_bbp_total_topic_count":0,"_bbp_total_reply_count":0,"_bbp_voice_count":0,"_bbp_anonymous_reply_count":0,"_bbp_topic_count_hidden":0,"_bbp_reply_count_hidden":0,"_bbp_forum_subforum_count":0,"footnotes":""},"categories":[1],"tags":[97,100],"class_list":["post-680","post","type-post","status-publish","format-standard","hentry","category-general","tag-intraweb","tag-noticies"],"post_mailing_queue_ids":[],"_links":{"self":[{"href":"https:\/\/agora.xtec.cat\/ies-jaumebalmes\/wp-json\/wp\/v2\/posts\/680","targetHints":{"allow":["GET"]}}],"collection":[{"href":"https:\/\/agora.xtec.cat\/ies-jaumebalmes\/wp-json\/wp\/v2\/posts"}],"about":[{"href":"https:\/\/agora.xtec.cat\/ies-jaumebalmes\/wp-json\/wp\/v2\/types\/post"}],"author":[{"embeddable":true,"href":"https:\/\/agora.xtec.cat\/ies-jaumebalmes\/wp-json\/wp\/v2\/users\/3"}],"replies":[{"embeddable":true,"href":"https:\/\/agora.xtec.cat\/ies-jaumebalmes\/wp-json\/wp\/v2\/comments?post=680"}],"version-history":[{"count":0,"href":"https:\/\/agora.xtec.cat\/ies-jaumebalmes\/wp-json\/wp\/v2\/posts\/680\/revisions"}],"wp:attachment":[{"href":"https:\/\/agora.xtec.cat\/ies-jaumebalmes\/wp-json\/wp\/v2\/media?parent=680"}],"wp:term":[{"taxonomy":"category","embeddable":true,"href":"https:\/\/agora.xtec.cat\/ies-jaumebalmes\/wp-json\/wp\/v2\/categories?post=680"},{"taxonomy":"post_tag","embeddable":true,"href":"https:\/\/agora.xtec.cat\/ies-jaumebalmes\/wp-json\/wp\/v2\/tags?post=680"}],"curies":[{"name":"wp","href":"https:\/\/api.w.org\/{rel}","templated":true}]}}