{"id":676,"date":"2013-01-18T09:42:30","date_gmt":"2013-01-18T08:42:30","guid":{"rendered":"http:\/\/agora.xtec.cat\/ies-jaumebalmes\/general\/resultat-de-les-eleccions-de-renovacio-parcial-al-consell-escolar\/"},"modified":"2013-01-18T09:42:30","modified_gmt":"2013-01-18T08:42:30","slug":"resultat-de-les-eleccions-de-renovacio-parcial-al-consell-escolar","status":"publish","type":"post","link":"https:\/\/agora.xtec.cat\/ies-jaumebalmes\/general\/resultat-de-les-eleccions-de-renovacio-parcial-al-consell-escolar\/","title":{"rendered":"Resultat de les eleccions de renovaci\u00f3 parcial al Consell Escolar"},"content":{"rendered":"<p>D&#8217;acord amb els resultats de les votacions els nous representants s\u00f3n:<\/p>\n<ul>\n<li> Sector alumnat:<strong> Josep Cabr\u00e9 Castells (BATX 1C) i Albert Torrebella C\u00e1ceres (BATX 1B)<\/strong><\/li>\n<li>Sector mares i pares: <strong>Anna M. Bofill Isern<\/strong><\/li>\n<li>Sector professorat: <strong>Teresa Canalias Bocos, Albert Dav\u00ed Recasens i Joan Mitjana Rodr\u00edguez<\/strong><\/li>\n<li>Sector personal d&#8217;administraci\u00f3 i Serveis:<strong> Juan Jos\u00e9 Dur\u00e1n Bonilla<\/strong><\/li>\n<\/ul>\n<p>Resultats de les votacions:<\/p>\n<ul>\n<li><strong>Sector alumnat:<\/strong><\/li>\n<\/ul>\n<blockquote>\n<ol>\n<li><strong>&nbsp; 84 vots&nbsp;&nbsp; <\/strong>Borrell Espinosa, Max&nbsp;&nbsp;&nbsp; ESO 1C<\/li>\n<li><strong>360 vots<\/strong>&nbsp;&nbsp; Cabr\u00e9 Castells, Josep&nbsp;&nbsp;&nbsp; BATX 1C<\/li>\n<li><strong>&nbsp; 57 vots<\/strong>&nbsp;&nbsp; Carb\u00f3 Mitjans, J\u00falia&nbsp;&nbsp;&nbsp; ESO 1C<\/li>\n<li> <strong>55 vots<\/strong>&nbsp;&nbsp;&nbsp; Feliu Gil, Maria&nbsp;&nbsp;&nbsp; ESO 2B<\/li>\n<li>Va retirar la seva candidatura abans de les votacions: Ferri Lloveras, Mar\u00e7al&nbsp;&nbsp;&nbsp; ESO 4C<\/li>\n<li><strong>136 vots<\/strong>&nbsp;&nbsp; Garcia Dom\u00e8nech, Sarita&nbsp;&nbsp;&nbsp; ESO 3A<\/li>\n<li><strong>&nbsp; 59 vots&nbsp;<\/strong>&nbsp; Garcia Rivas, Alejandro&nbsp;&nbsp;&nbsp; ESO 3B<\/li>\n<li><strong>198 vots<\/strong>&nbsp;&nbsp; Torrebella C\u00e1ceres, Albert &nbsp;&nbsp;&nbsp; BATX 1B <strong><br \/><\/strong><\/li>\n<li><strong>&nbsp; 54 vots<\/strong>&nbsp;&nbsp; W\u00f6rner Jaum\u00e0, Cl\u00e0udia&nbsp;&nbsp;&nbsp; ESO 1C<\/li>\n<\/ol>\n<\/blockquote>\n<ul>\n<li><strong>Sector mares i pares<\/strong><\/li>\n<\/ul>\n<blockquote>\n<ol>\n<li><strong>13 vots<\/strong> Bofill Isern, Anna M.<\/li>\n<li><strong>&nbsp; 9 vots<\/strong>&nbsp; D\u00edaz Romacho, Olga<\/li>\n<li><strong>&nbsp; 4 vots<\/strong>&nbsp; Franco Rodr\u00edguez, Carlos<\/li>\n<\/ol>\n<\/blockquote>\n<ul>\n<li><strong>&nbsp;Sector professorat<\/strong><\/li>\n<\/ul>\n<blockquote>\n<ol>\n<li><strong>49 vots<\/strong> Dav\u00ed Recasens, Albert<\/li>\n<li><strong>49 vots<\/strong> Mitjana Rodr\u00edguez, Joan<\/li>\n<li><strong>47 vots<\/strong> Canalias Bocos, Teresa<\/li>\n<\/ol>\n<\/blockquote>\n<ul>\n<li><strong>Sector personal d&#8217;administraci\u00f3 i Serveis<\/strong><\/li>\n<\/ul>\n<blockquote>\n<ol>\n<li><strong>6 vots<\/strong> Dur\u00e1n Bonilla, Juan Jos\u00e9<\/li>\n<li><strong>2 vots<\/strong> Molina P\u00e1ez, Antonio<\/li>\n<\/ol>\n<\/blockquote>\n","protected":false},"excerpt":{"rendered":"<p>D&#8217;acord amb els resultats de les votacions els nous representants s\u00f3n:<\/p>\n<ul>\n<li> Sector alumnat: Josep Cabr\u00e9 Castells (BATX 1C) i Albert Torrebella C\u00e1ceres (BATX 1B)<\/li>\n<li>Sector mares i pares: Anna M. Bofill Isern<\/li>\n<li>Sector professorat: Teresa Canalias Bocos, Albert Dav\u00ed Recasens i Joan Mitjana Rodr\u00edguez<\/li>\n<li>Sector personal d&#8217;administraci\u00f3 i&hellip;  <a href=\"https:\/\/agora.xtec.cat\/ies-jaumebalmes\/general\/resultat-de-les-eleccions-de-renovacio-parcial-al-consell-escolar\/\" title=\"Read Resultat de les eleccions de renovaci\u00f3 parcial al Consell Escolar\">Llegeix m\u00e9s\u00bb<\/a><br \/>\n","protected":false},"author":3,"featured_media":0,"comment_status":"open","ping_status":"open","sticky":false,"template":"","format":"standard","meta":{"_bbp_topic_count":0,"_bbp_reply_count":0,"_bbp_total_topic_count":0,"_bbp_total_reply_count":0,"_bbp_voice_count":0,"_bbp_anonymous_reply_count":0,"_bbp_topic_count_hidden":0,"_bbp_reply_count_hidden":0,"_bbp_forum_subforum_count":0,"footnotes":""},"categories":[1],"tags":[97,100],"class_list":["post-676","post","type-post","status-publish","format-standard","hentry","category-general","tag-intraweb","tag-noticies"],"post_mailing_queue_ids":[],"_links":{"self":[{"href":"https:\/\/agora.xtec.cat\/ies-jaumebalmes\/wp-json\/wp\/v2\/posts\/676","targetHints":{"allow":["GET"]}}],"collection":[{"href":"https:\/\/agora.xtec.cat\/ies-jaumebalmes\/wp-json\/wp\/v2\/posts"}],"about":[{"href":"https:\/\/agora.xtec.cat\/ies-jaumebalmes\/wp-json\/wp\/v2\/types\/post"}],"author":[{"embeddable":true,"href":"https:\/\/agora.xtec.cat\/ies-jaumebalmes\/wp-json\/wp\/v2\/users\/3"}],"replies":[{"embeddable":true,"href":"https:\/\/agora.xtec.cat\/ies-jaumebalmes\/wp-json\/wp\/v2\/comments?post=676"}],"version-history":[{"count":0,"href":"https:\/\/agora.xtec.cat\/ies-jaumebalmes\/wp-json\/wp\/v2\/posts\/676\/revisions"}],"wp:attachment":[{"href":"https:\/\/agora.xtec.cat\/ies-jaumebalmes\/wp-json\/wp\/v2\/media?parent=676"}],"wp:term":[{"taxonomy":"category","embeddable":true,"href":"https:\/\/agora.xtec.cat\/ies-jaumebalmes\/wp-json\/wp\/v2\/categories?post=676"},{"taxonomy":"post_tag","embeddable":true,"href":"https:\/\/agora.xtec.cat\/ies-jaumebalmes\/wp-json\/wp\/v2\/tags?post=676"}],"curies":[{"name":"wp","href":"https:\/\/api.w.org\/{rel}","templated":true}]}}