{"id":675,"date":"2013-01-14T19:05:33","date_gmt":"2013-01-14T18:05:33","guid":{"rendered":"http:\/\/agora.xtec.cat\/ies-jaumebalmes\/general\/activitats-de-gener-i-febrer-2013-i-recordatori-eleccions-al-consell-escolar\/"},"modified":"2013-01-14T19:05:33","modified_gmt":"2013-01-14T18:05:33","slug":"activitats-de-gener-i-febrer-2013-i-recordatori-eleccions-al-consell-escolar","status":"publish","type":"post","link":"https:\/\/agora.xtec.cat\/ies-jaumebalmes\/general\/activitats-de-gener-i-febrer-2013-i-recordatori-eleccions-al-consell-escolar\/","title":{"rendered":"Activitats de gener i febrer 2013 i recordatori eleccions al Consell Escolar"},"content":{"rendered":"<p>Avui hem enviat un correu electr\u00f2nic a les fam\u00edlies amb el&nbsp;<strong><a href=\"\/ies-jaumebalmes\/intranet\/index.php?module=Downloads&amp;func=prep_hand_out&amp;lid=528\" target=\"_blank\">Calendari de les activitats del centre de gener i febrer de 2013<\/a>, incloses les activitats que formen part del Pla d&#8217;Acci\u00f3 Tutorial (PAT) <\/strong> i&nbsp; i tamb\u00e9 el <a href=\"\/ies-jaumebalmes\/intranet\/index.php?module=Downloads&amp;func=prep_hand_out&amp;lid=529\" target=\"_blank\"><strong>calendari d&#8217;ex\u00e0mens de recuperaci\u00f3 d&#8217;assignatures pendents d&#8217;ESO de cursos anteriors (del 4 al 7 de febrer de 2013).<\/strong><\/a><\/p>\n<p>I tamb\u00e9 un <strong>recordatori de les eleccions de renovaci\u00f3 parcial del Consell Escolar<\/strong><\/p>\n<p><a href=\"\/ies-jaumebalmes\/intranet\/index.php?module=news&amp;func=display&amp;sid=230\"><img decoding=\"async\" src=\"http:\/\/www.xtec.cat\/image\/journal\/article?img_id=5541432&amp;t=1358152818542\" \/><\/a> <\/p>\n<p><strong>Dimarts 15\/2 votaci\u00f3 fam\u00edlies (<\/strong><strong><strong>De 9 a 11h i de 18 a 20h<\/strong>) <\/strong>i Personal d&#8217;Administraci\u00f3 i Serveis.<\/p>\n<p> Dimecres 16\/2 votaci\u00f3 alumnat i professorat<\/p>\n<p>Si no us ha arribar i voleu que us incorporem als destinataris<br \/>\nd&#8217;aquestes trameses peri\u00f2diques cal que envieu un correu al centre<br \/>\na801311@xtec.cat indicant el Nom i Cognom de l&#8217;alumne, grup classe i el<br \/>\nvostre correu electr\u00f2nic i manifestant que voleu rebre les informacions<br \/>\nper correu electr\u00f2nic.<\/p>\n<h1>C\u00c3?PIA DEL CORREU ENVIAT<\/h1>\n<p><strong><span lang=\"CA\" style=\"font-family: Arial;\">Benvolgudes fam\u00edlies,<\/span><\/strong> <\/p>\n<p class=\"MsoNormal\" style=\"text-align: justify;\"><strong>Molt bon any 2013<\/strong>!!<\/p>\n<p class=\"MsoNormal\" style=\"text-align: justify;\"><font size=\"4\"><font><span style=\"font-family: arial,helvetica,sans-serif;\"><font>Us enllacem el <font size=\"4\"><a href=\"\/ies-jaumebalmes\/intranet\/index.php?module=Downloads&amp;func=prep_hand_out&amp;lid=528\" target=\"_blank\">Calendari de les activitats del centre de gener i febrer de 2013<\/a>,<\/font> <\/font><\/span><\/font><font size=\"4\"><font><span style=\"font-family: arial,helvetica,sans-serif;\"><font>incloses les activitats que formen part del Pla d&#8217;Acci\u00f3 Tutorial (PAT), i tamb\u00e9 el <a href=\"\/ies-jaumebalmes\/intranet\/index.php?module=Downloads&amp;func=prep_hand_out&amp;lid=529\" target=\"_blank\">calendari d&#8217;ex\u00e0mens de recuperac<font size=\"4\">i\u00f3 d<font size=\"4\">&#8216;assignatures pendent<font size=\"4\">s d&#8217;ESO de cursos anteriors (del 4 a<font size=\"4\">l 7 de f<font size=\"4\">eb<font size=\"4\">rer de 2013)<\/font><\/font><\/font><\/font><\/font><\/font><\/a><\/font><\/span><\/font><\/font><\/font>.  <\/p>\n<div>\n<p class=\"MsoNormal\" style=\"margin-left: 18pt; text-align: justify;\"><span lang=\"CA\" style=\"font-family: Arial; color: red;\"> <\/span><\/p>\n<p class=\"MsoNormal\" style=\"text-align: justify;\"> <font><font size=\"4\">1<\/font>. <font size=\"4\">Us recordem que hi ha renovaci\u00f3 parcial del Consell Escolar del Centre. Segur que ja heu vist <a href=\"\/ies-jaumebalmes\/intranet\/index.php?module=news&amp;func=display&amp;sid=230\" target=\"_blank\">la not\u00edcia que des del 3\/12\/2012 tenim al web.<\/a><\/font> <br \/> <\/font><\/p>\n<p class=\"MsoNormal\" style=\"text-align: justify;\"><font><br \/><\/font><\/p>\n<p class=\"MsoNormal\" style=\"text-align: justify;\"><font size=\"4\">Dem\u00e0, <strong>dimarts 15 de febrer, \u00e9s el dia de les votacions per a les fam\u00edlies<\/strong> per triar els seus representants al Consell Escolar, aprofitem doncs, aquest correu per animar-vos a participar hi.<\/font><\/p>\n<p class=\"MsoNormal\" style=\"text-align: justify;\"><font size=\"4\"><strong>En el nostre Consell Escolar s\u00e2??han de renovar:<\/strong><\/font> <\/p>\n<ul>\n<li><font size=\"4\"><strong>1 pla\u00e7a del sector fam\u00edlies,<\/strong><\/font><\/li>\n<li><font size=\"4\"><strong>2 places <\/strong><strong><strong>del sector <\/strong>alumnat,<\/strong><\/font><\/li>\n<li><font size=\"4\"><strong>3 places <\/strong><strong><strong>del sector <\/strong>professorat i<\/strong><\/font><\/li>\n<li><font size=\"4\"><strong>1 <\/strong><strong><strong>del sector del <\/strong>personal d&#8217;administraci\u00f3 i serveis (PAS)<\/strong>.&nbsp;<\/font><\/li>\n<\/ul>\n<p><font size=\"4\"><strong>Per a la pla\u00e7a del sector fam\u00edlies<\/strong><strong> hi ha aquests candidats:<br \/><\/strong><\/font> <\/p>\n<blockquote><\/blockquote>\n<ul>\n<li><font size=\"4\">Bofill Isern, Anna M.<\/font><\/li>\n<li><font size=\"4\">D\u00edaz Romacho, Olga<\/font><\/li>\n<li><font size=\"4\">Franco Rodr\u00edguez, Carlos<\/font><\/li>\n<\/ul>\n<blockquote><\/blockquote>\n<p><font size=\"4\"><strong>L&#8217;horari de les votacions \u00e9s de 9 a 11h i de 1<font size=\"4\">8<\/font> a 20h. Us hi esperem<br \/><\/strong><\/font> <\/p>\n<p class=\"MsoNormal\" style=\"text-align: justify;\"><font size=\"4\"><span dir=\"ltr\"><span lang=\"CA\" style=\"font-family: Arial;\"><\/span><\/span><\/font><\/p>\n<p class=\"MsoNormal\" style=\"text-align: justify;\"><font size=\"4\"><span dir=\"ltr\"><span lang=\"CA\" style=\"font-family: Arial;\"><\/span><\/span><\/font><\/p>\n<p> <font size=\"4\"><span lang=\"CA\" style=\"font-family: Arial;\"><font size=\"4\">2<\/font>.<span style=\"font-family: 'Times New Roman';\"> <\/span><\/span><\/font><span dir=\"ltr\"><span lang=\"CA\" style=\"font-family: Arial;\"><font size=\"4\">Us recordem l&#8217;enlla\u00e7 de l<font size=\"4\">a <\/font>intraweb del centre<\/font><\/span><\/span><span dir=\"ltr\"><span lang=\"CA\" style=\"font-family: Arial;\"><strong> <\/strong><\/span><\/span><\/p>\n<p><span dir=\"ltr\"><span lang=\"CA\" style=\"font-family: Arial;\"><strong>(<a target=\"_blank\" href=\"\/ies-jaumebalmes\/intranet\">http:\/\/agora.xtec.cat\/ies-<wbr \/>jaumebalmes\/intranet<\/a>)<\/strong> <font size=\"4\">on podeu trobar informaci\u00f3 constant i<br \/>\nactualitzada.<br \/><font>Remarquem com a novetats<font>:<br \/><\/font><\/font><\/font><\/span><\/span> <\/p>\n<ul>\n<li><font size=\"4\">M\u00e9s v\u00eddeos al <a href=\"http:\/\/www.youtube.com\/institutjaumebalmes\" target=\"_blank\">Canal Youtube del centre<\/a><\/font><\/li>\n<li> <span dir=\"ltr\"><span lang=\"CA\" style=\"font-family: Arial;\"><font size=\"4\"><font><font><span dir=\"ltr\"><span lang=\"CA\" style=\"font-family: Arial;\"><font size=\"4\"><font><font><font><font><font><font><font>U<\/font>na <a href=\"https:\/\/plus.google.com\/u\/0\/photos\/109082993004267794892\/albums\" target=\"_blank\">NOVA GALERIA DE FOTOS<\/a><\/font><\/font><\/font><\/font><\/font><\/font><\/font><\/span><\/span><\/font><\/font><\/font><\/span><\/span> <font> on <\/font>tenim totes les <font>d&#8217;aquest curs i on <font>estem <\/font><\/font>acabant de traspassar<font> tot el contingut de<font> les fotos de l&#8217;antiga Galeria multim<font>\u00e8d<font>ia<font>.<\/font><\/font><\/font><\/font><\/font><\/li>\n<li><span dir=\"ltr\"><span lang=\"CA\" style=\"font-family: Arial;\"><font size=\"4\"><font><font><font><font><font><font><font>Un nou <a href=\"http:\/\/balmesintercanvisalemany.blogspot.com.es\/\" target=\"_blank\">BLOC <font>d&#8217;intercanvis <font>amb Alemanya.<\/font><\/font><\/a><br \/> <\/font><\/font><\/font><\/font><\/font><\/font><\/font><\/font><\/span><\/span><\/li>\n<\/ul>\n<p>Els enlla\u00e7os a aquests serveis i altres els teniu a la IntraWeb <strong><a href=\"\/ies-jaumebalmes\/intranet\" target=\"_blank\">http:\/\/agora.xtec.cat\/ies-jaumebalmes\/intranet<\/a> <\/strong><a href=\"\/ies-jaumebalmes\" target=\"_blank\"><\/a> dins un bloc a l&#8217;esquerra sota el t\u00edtol d&#8217;<strong>Altres serveis web de l&#8217;institut<\/strong>. Recordeu per exemple que: <\/p>\n<p><span dir=\"ltr\"><span lang=\"CA\" style=\"font-family: Arial;\"><\/span><\/span>\n  <\/div>\n<ul>\n<li><span dir=\"ltr\"><span lang=\"CA\" style=\"font-family: Arial;\"><a href=\"\/ies-jaumebalmes\/intranet\/index.php?module=Downloads&amp;func=sublevel&amp;cid=38&amp;start=0\" target=\"_blank\">A <span style=\"color: windowtext; text-decoration: none;\"><\/span><\/a><strong><a href=\"\/ies-jaumebalmes\/intranet\/index.php?module=Downloads&amp;func=sublevel&amp;cid=38&amp;start=0\" target=\"_blank\"><span style=\"color: windowtext; text-decoration: none;\">DOCUMENTS<br \/>\nP\u00c3?BLICS<\/span><\/a><span style=\"color: windowtext; text-decoration: none;\"><a href=\"\/ies-jaumebalmes\/intranet\/index.php?module=Downloads&amp;func=sublevel&amp;cid=38&amp;start=0\" target=\"_blank\"> |<\/a><a href=\"\/ies-jaumebalmes\/intranet\/index.php?module=Downloads&amp;func=sublevel&amp;cid=38&amp;start=0\" target=\"_blank\"> PEC i ALTRES DOCUMENTS<\/a><\/span>:<\/strong><br \/>\n Hi trobareu el Projecte educatiu de<br \/>\ncentre, el PAT (Pla d&#8217;Acci\u00f3 Tutorial), el NOFC (Normes d\u00e2??organitzaci\u00f3 i<br \/>\nfuncionament de centre) revisat i aprovat pel C.Escolar aquest inici de<br \/>\ncurs i hi anirem afegint m\u00e9s informaci\u00f3 com s\u00f3n els criteris d&#8217;avaluaci\u00f3<br \/>\n d&#8217;ESO i Batxillerat d&#8217;aquest curs, el Projecte de l&#8217;Agenda 21 Escolar,<br \/>\netc..<\/span><\/span><\/li>\n<\/ul>\n<ul>\n<li><span lang=\"CA\" style=\"font-family: &quot;Courier New&quot;;\"><span style=\"font-size: 7pt; font-family: 'Times New Roman';\"> <\/span><\/span><span dir=\"ltr\"><span lang=\"CA\" style=\"font-family: Arial;\">A <strong><a href=\"\/ies-jaumebalmes\/intranet\/index.php?module=Downloads&amp;func=sublevel&amp;cid=9\" target=\"_blank\"><span style=\"color: windowtext; text-decoration: none;\">DOCUMENTS P\u00c3?BLICS<\/span><\/a>:<\/strong> hi trobareu <\/span><\/span><span dir=\"ltr\"><span lang=\"CA\" style=\"font-family: Arial;\">els equips docents d&#8217;ESO i BATXILLERAT<\/span><\/span><span dir=\"ltr\"><span lang=\"CA\" style=\"font-family: Arial;\">, el calendari amb totes les<br \/>\nactivitats que es fan al centre, diferenciant les que depenen dels diferents<br \/>\ndepartaments i seminaris, les que ajuden a desenvolupar el PAT, les<br \/>\norganitzades pel centre, les reunions informatives, Informaci\u00f3 sobre<br \/>\nconfer\u00e8ncies, diferents campanyes solid\u00e0ries, etc&#8230;. <\/span><\/span><\/li>\n<\/ul>\n<ul>\n<li><span dir=\"ltr\"><span lang=\"CA\" style=\"font-family: Arial;\">Recordeu que podeu fer el <\/span><\/span><span lang=\"CA\" style=\"font-size: 13.5pt; font-family: Arial;\">SEGUIMENT DE LES FALTES D&#8217;ASSIST\u00c3?NCIA<br \/> <\/span><\/li>\n<\/ul>\n<div style=\"margin-left: 80px;\"><span lang=\"CA\" style=\"font-size: 13.5pt; font-family: Arial;\"><a href=\"http:\/\/ies-jaumebalmes.xtec.cat\/families\" target=\"_blank\">http:\/\/ies-jaumebalmes.xtec.<wbr \/>cat\/families<\/a><\/span><span lang=\"CA\" style=\"font-family: Arial;\"> Hi heu d&#8217;entrar <strong>amb el codi i contrasenya que el<br \/>\nvostre fill\/a fa servir per a connectar-se als diferents serveis web del centre<\/strong><br \/>\n(IntraWeb, Moodle, ordinadors del centre, etc). A l&#8217;inici de curs cada<br \/>\nalumne\/a rep aquesta informaci\u00f3 en una etiqueta postal. L&#8217;alumne\/a us<br \/>\nl&#8217;ha de<br \/>\nfacilitar i en cas de p\u00e8rdua o oblit l&#8217;ha de tornar a demanar al tutor\/a<br \/>\n del<br \/>\nseu grup classe.<\/span><\/div>\n<ul style=\"margin-left: 40px;\">\n<div>\n<li><span lang=\"CA\" style=\"font-family: Arial;\"> <\/span><span lang=\"CA\"> <\/span><strong><span lang=\"CA\" style=\"font-family: Arial;\">Encara que l&#8217;actualitzaci\u00f3 de<br \/>\nla informaci\u00f3 de faltes es fa di\u00e0riament de forma autom\u00e0tica, la freq\u00fc\u00e8ncia amb<br \/>\nla qual el professorat&nbsp; la introdueix \u00e9s d&#8217;una vegada a la setmana. La<br \/>\ninformaci\u00f3 que trobareu doncs, fa refer\u00e8ncia a la setmana anterior. <\/span><\/strong><span lang=\"CA\" style=\"font-family: Arial;\"><\/span><\/li>\n<\/p><\/div>\n<\/ul>\n<ul style=\"margin-left: 40px;\">\n<div>\n<li><span lang=\"CA\" style=\"font-family: Arial;\"><strong>Les justificacions les fa el tutor\/a una vegada rebuts els justificants de<br \/>\nl&#8217;alumnat<\/strong>.<\/span><\/li>\n<\/p><\/div>\n<\/ul>\n<p class=\"MsoNormal\" style=\"margin-left: 42.24pt;\"><span lang=\"CA\" style=\"font-family: Arial;\"><\/span><\/p>\n<p class=\"MsoNormal\" style=\"margin-left: 42.24pt;\"><span lang=\"CA\" style=\"font-family: Arial;\"><\/span><\/p>\n<p class=\"MsoNormal\"><span lang=\"CA\" style=\"font-family: Arial;\">Salutacions,<\/span><\/p>\n<p> <span lang=\"CA\" style=\"font-family: Arial;\">L&#8217;Equip Directiu<\/span> <\/p><\/p>\n","protected":false},"excerpt":{"rendered":"<p>Avui hem enviat un correu electr\u00f2nic a les fam\u00edlies amb el&nbsp;<a href=\"\/ies-jaumebalmes\/intranet\/index.php?module=Downloads&amp;func=prep_hand_out&amp;lid=528\" target=\"_blank\">Calendari de les activitats del centre de gener i febrer de 2013<\/a>, incloses les activitats que formen part del Pla d&#8217;Acci\u00f3 Tutorial (PAT)  i&nbsp; i tamb\u00e9 el <a href=\"\/ies-jaumebalmes\/intranet\/index.php?module=Downloads&amp;func=prep_hand_out&amp;lid=529\" target=\"_blank\">calendari d&#8217;ex\u00e0mens de&hellip;  <a href=\"https:\/\/agora.xtec.cat\/ies-jaumebalmes\/general\/activitats-de-gener-i-febrer-2013-i-recordatori-eleccions-al-consell-escolar\/\" title=\"Read Activitats de gener i febrer 2013 i recordatori eleccions al Consell Escolar\">Llegeix m\u00e9s\u00bb<\/a><\/p>\n","protected":false},"author":3,"featured_media":0,"comment_status":"open","ping_status":"open","sticky":false,"template":"","format":"standard","meta":{"_bbp_topic_count":0,"_bbp_reply_count":0,"_bbp_total_topic_count":0,"_bbp_total_reply_count":0,"_bbp_voice_count":0,"_bbp_anonymous_reply_count":0,"_bbp_topic_count_hidden":0,"_bbp_reply_count_hidden":0,"_bbp_forum_subforum_count":0,"footnotes":""},"categories":[1],"tags":[97,100],"class_list":["post-675","post","type-post","status-publish","format-standard","hentry","category-general","tag-intraweb","tag-noticies"],"post_mailing_queue_ids":[],"_links":{"self":[{"href":"https:\/\/agora.xtec.cat\/ies-jaumebalmes\/wp-json\/wp\/v2\/posts\/675","targetHints":{"allow":["GET"]}}],"collection":[{"href":"https:\/\/agora.xtec.cat\/ies-jaumebalmes\/wp-json\/wp\/v2\/posts"}],"about":[{"href":"https:\/\/agora.xtec.cat\/ies-jaumebalmes\/wp-json\/wp\/v2\/types\/post"}],"author":[{"embeddable":true,"href":"https:\/\/agora.xtec.cat\/ies-jaumebalmes\/wp-json\/wp\/v2\/users\/3"}],"replies":[{"embeddable":true,"href":"https:\/\/agora.xtec.cat\/ies-jaumebalmes\/wp-json\/wp\/v2\/comments?post=675"}],"version-history":[{"count":0,"href":"https:\/\/agora.xtec.cat\/ies-jaumebalmes\/wp-json\/wp\/v2\/posts\/675\/revisions"}],"wp:attachment":[{"href":"https:\/\/agora.xtec.cat\/ies-jaumebalmes\/wp-json\/wp\/v2\/media?parent=675"}],"wp:term":[{"taxonomy":"category","embeddable":true,"href":"https:\/\/agora.xtec.cat\/ies-jaumebalmes\/wp-json\/wp\/v2\/categories?post=675"},{"taxonomy":"post_tag","embeddable":true,"href":"https:\/\/agora.xtec.cat\/ies-jaumebalmes\/wp-json\/wp\/v2\/tags?post=675"}],"curies":[{"name":"wp","href":"https:\/\/api.w.org\/{rel}","templated":true}]}}