{"id":673,"date":"2013-01-10T23:01:50","date_gmt":"2013-01-10T22:01:50","guid":{"rendered":"http:\/\/agora.xtec.cat\/ies-jaumebalmes\/general\/novetats-al-canal-youtube-del-centre\/"},"modified":"2013-01-10T23:01:50","modified_gmt":"2013-01-10T22:01:50","slug":"novetats-al-canal-youtube-del-centre","status":"publish","type":"post","link":"https:\/\/agora.xtec.cat\/ies-jaumebalmes\/general\/novetats-al-canal-youtube-del-centre\/","title":{"rendered":"Novetats al Canal Youtube del centre i nou bloc sobre els INTERCANVIS"},"content":{"rendered":"<p>Ja podeu veure al <a target=\"_blank\" href=\"http:\/\/www.youtube.com\/institutjaumebalmes\">Canal Youtube del centre<\/a> a l<strong>&#8216;alumnat de 4t d&#8217;ESO fent representacions d&#8217;Acrosport<\/strong>. Representacions de gimn\u00e0stica de l&#8217;alumnat de 4t d&#8217;ESO realitzades a classe d&#8217;Educaci\u00f3 F\u00edsica al desembre del 2012. <\/p>\n<p>  <iframe loading=\"lazy\" width=\"196\" height=\"147\" frameborder=\"0\" src=\"http:\/\/www.youtube.com\/embed\/61Butu-bEUw\" allowfullscreen=\"true\"><\/iframe><br \/>\n  <iframe loading=\"lazy\" width=\"196\" height=\"147\" frameborder=\"0\" src=\"http:\/\/www.youtube.com\/embed\/YXc4Vzj3b38\" allowfullscreen=\"true\"><\/iframe><br \/>\n  <iframe loading=\"lazy\" width=\"196\" height=\"147\" frameborder=\"0\" src=\"http:\/\/www.youtube.com\/embed\/yfCtPf1-DOI\" allowfullscreen=\"true\">&lt;span id=&quot;XinhaEditingPostion&quot;&gt;&lt;\/span&gt;&amp;lt;span id=&amp;quot;XinhaEditingPostion&amp;quot;&amp;gt;&amp;lt;\/span&amp;gt;<\/iframe> <\/p>\n<p>Tamb\u00e9 acabem d&#8217;inaugurar un nou<a target=\"_blank\" href=\"http:\/\/balmesintercanvisalemany.blogspot.com.es\/\"> bloc sobre els intercanvis<\/a> on han comen\u00e7at a escriure els alumnes dels \u00faltims intercanvis d&#8217;Alemanya<\/p>\n","protected":false},"excerpt":{"rendered":"<p>Ja podeu veure al <a target=\"_blank\" href=\"http:\/\/www.youtube.com\/institutjaumebalmes\">Canal Youtube del centre<\/a> a l&#8216;alumnat de 4t d&#8217;ESO fent representacions d&#8217;Acrosport. Representacions de gimn\u00e0stica de l&#8217;alumnat de 4t d&#8217;ESO realitzades a classe d&#8217;Educaci\u00f3 F\u00edsica al desembre del 2012. <\/p>\n<p>  &lt;span id=&quot;XinhaEditingPostion&quot;&gt;&lt;\/span&gt;&amp;lt;span id=&amp;quot;XinhaEditingPostion&amp;quot;&amp;gt;&amp;lt;\/span&amp;gt;<br \/>\nTamb\u00e9&hellip;  <a href=\"https:\/\/agora.xtec.cat\/ies-jaumebalmes\/general\/novetats-al-canal-youtube-del-centre\/\" title=\"Read Novetats al Canal Youtube del centre i nou bloc sobre els INTERCANVIS\">Llegeix m\u00e9s\u00bb<\/a><\/p>\n","protected":false},"author":3,"featured_media":0,"comment_status":"open","ping_status":"open","sticky":false,"template":"","format":"standard","meta":{"_bbp_topic_count":0,"_bbp_reply_count":0,"_bbp_total_topic_count":0,"_bbp_total_reply_count":0,"_bbp_voice_count":0,"_bbp_anonymous_reply_count":0,"_bbp_topic_count_hidden":0,"_bbp_reply_count_hidden":0,"_bbp_forum_subforum_count":0,"footnotes":""},"categories":[1],"tags":[97,100],"class_list":["post-673","post","type-post","status-publish","format-standard","hentry","category-general","tag-intraweb","tag-noticies"],"post_mailing_queue_ids":[],"_links":{"self":[{"href":"https:\/\/agora.xtec.cat\/ies-jaumebalmes\/wp-json\/wp\/v2\/posts\/673","targetHints":{"allow":["GET"]}}],"collection":[{"href":"https:\/\/agora.xtec.cat\/ies-jaumebalmes\/wp-json\/wp\/v2\/posts"}],"about":[{"href":"https:\/\/agora.xtec.cat\/ies-jaumebalmes\/wp-json\/wp\/v2\/types\/post"}],"author":[{"embeddable":true,"href":"https:\/\/agora.xtec.cat\/ies-jaumebalmes\/wp-json\/wp\/v2\/users\/3"}],"replies":[{"embeddable":true,"href":"https:\/\/agora.xtec.cat\/ies-jaumebalmes\/wp-json\/wp\/v2\/comments?post=673"}],"version-history":[{"count":0,"href":"https:\/\/agora.xtec.cat\/ies-jaumebalmes\/wp-json\/wp\/v2\/posts\/673\/revisions"}],"wp:attachment":[{"href":"https:\/\/agora.xtec.cat\/ies-jaumebalmes\/wp-json\/wp\/v2\/media?parent=673"}],"wp:term":[{"taxonomy":"category","embeddable":true,"href":"https:\/\/agora.xtec.cat\/ies-jaumebalmes\/wp-json\/wp\/v2\/categories?post=673"},{"taxonomy":"post_tag","embeddable":true,"href":"https:\/\/agora.xtec.cat\/ies-jaumebalmes\/wp-json\/wp\/v2\/tags?post=673"}],"curies":[{"name":"wp","href":"https:\/\/api.w.org\/{rel}","templated":true}]}}