{"id":672,"date":"2013-01-08T13:54:42","date_gmt":"2013-01-08T12:54:42","guid":{"rendered":"http:\/\/agora.xtec.cat\/ies-jaumebalmes\/general\/portes-obertes-2013-i-preinscripcio\/"},"modified":"2013-01-08T13:54:42","modified_gmt":"2013-01-08T12:54:42","slug":"portes-obertes-2013-i-preinscripcio","status":"publish","type":"post","link":"https:\/\/agora.xtec.cat\/ies-jaumebalmes\/general\/portes-obertes-2013-i-preinscripcio\/","title":{"rendered":"Portes Obertes 2013 i Preinscripci\u00f3"},"content":{"rendered":"<p>NOT\u00cdCIA EN PORTADA FINS EL 9\/5\/2013 <\/p>\n<h3><strong>Dissabte 4 de maig de 2013 ===&gt; Batxillerat i FP <\/strong>[Material de la sessi\u00f3: <a href=\"\/ies-jaumebalmes\/intranet\/index.php?module=Downloads&amp;func=prep_hand_out&amp;lid=572\" target=\"_blank\">Batxillerat<\/a>&nbsp; &#8212; <a target=\"_blank\" href=\"\/ies-jaumebalmes\/intranet\/index.php?module=Downloads&amp;func=prep_hand_out&amp;lid=577\">Formaci\u00f3 Professional<\/a>] [preinscripci\u00f3 BTX i FP-GM del 13 de maig al 24 de maig&nbsp; i&nbsp; FP-GS del 27 de maig al 7 de juny] [<a href=\"http:\/\/www.gencat.cat\/preinscripcio\" target=\"_blank\">Web Preinscripci\u00f3 i Matriculaci\u00f3<\/a>]<br \/>\n[Formularis de sol\u00b7licitud de preinscripci\u00f3: <a href=\"http:\/\/www20.gencat.cat\/docs\/OVT\/Departaments\/ENS\/Documents\/Formularis_pdf\/9388_sollicitud_cat.pdf\">BTX<\/a>&nbsp; &#8212; FP-GS]<\/h3>\n<p>Aqu\u00ed teniu els itineraris dels Batxillerat del centre per al 2013-2014:&nbsp;&nbsp;&nbsp;<strong><a href=\"\/ies-jaumebalmes\/intranet\/index.php?module=Downloads&amp;func=prep_hand_out&amp;lid=563\" target=\"_blank\">BTX1-Di\u00fcrn<\/a><\/strong>, &nbsp; &nbsp; <strong><a href=\"\/ies-jaumebalmes\/intranet\/index.php?module=Downloads&amp;func=prep_hand_out&amp;lid=562\" target=\"_blank\">BTX2-Di\u00fcrn<\/a><\/strong>, &nbsp; &nbsp;<strong><a href=\"\/ies-jaumebalmes\/intranet\/index.php?module=Downloads&amp;func=prep_hand_out&amp;lid=561\" target=\"_blank\">BTX1-Nocturn<\/a><\/strong>&nbsp; i&nbsp;&nbsp;&nbsp;&nbsp;&nbsp; <strong><a href=\"\/ies-jaumebalmes\/intranet\/index.php?module=Downloads&amp;func=prep_hand_out&amp;lid=560\" target=\"_blank\">BTX2-Nocturn<\/a><\/strong>.&nbsp;<strong>Cal lliurar-los omplerts amb la preinscripci\u00f3.<\/strong> <\/p>\n<ul>\n<li> <strong>De 11h a 14h visita de les instal\u00b7lacions<\/strong> del centre<\/li>\n<li><strong>A les 12h<\/strong> reuni\u00f3 informativa<\/li>\n<\/ul>\n<p> <img loading=\"lazy\" decoding=\"async\" width=\"567\" height=\"196\" align=\"middle\" title=\"calendari portes obertes\" alt=\"calendari portes obertes 2013\" src=\"http:\/\/www.xtec.cat\/ies-jaumebalmes\/imatges\/portesobertes2013.jpg\" \/><br \/><img loading=\"lazy\" decoding=\"async\" width=\"567\" height=\"196\" align=\"middle\" title=\"calendari portes obertes\" alt=\"calendari portes obertes 2013 - Estudis\" src=\"http:\/\/www.xtec.cat\/ies-jaumebalmes\/imatges\/portesobertes2013b.jpg\" \/><\/p>\n<h3>\n<p><strong>Dissabte 9 de mar\u00e7 de 2013 ===&gt; ESO <\/strong>[<a target=\"_blank\" href=\"\/ies-jaumebalmes\/intranet\/index.php?module=Downloads&amp;func=display&amp;lid=554\">MATERIAL DE LA SESSI\u00c3?<\/a>] [<a href=\"http:\/\/www.gencat.cat\/preinscripcio\" target=\"_blank\">preinscripci\u00f3 de l&#8217;11 al 22 de mar\u00e7<\/a>] [<a href=\"http:\/\/www.gencat.cat\/preinscripcio\" target=\"_blank\">Web Preinscripci\u00f3 i Matriculaci\u00f3<\/a>] [<a title=\"Aquest enlla\u00e7 s'obrir\u00e0 en una finestra nova\" href=\"http:\/\/www10.gencat.cat\/sac\/AppJava\/document.jsp?doc=7_10600.pdf\" rel=\"external\">Formulari de sol\u00b7licitud de preinscripci\u00f3<\/a>] <\/p>\n<\/h3>\n<p>C\u00c3?PIA DEL TEXT DE LA NOT\u00cdCIA QUE HA ESTAT EN PORTADA FINS EL 2\/4\/2013<\/p>\n<\/p>\n<div><strong>Dissabte 9 de mar\u00e7 de 2013 ===&gt; ESO <\/strong>[<a href=\"\/ies-jaumebalmes\/intranet\/index.php?module=Downloads&amp;func=display&amp;lid=554\" target=\"_blank\">MATERIAL DE LA SESSI\u00c3?<\/a>] [<a target=\"_blank\" href=\"http:\/\/www.gencat.cat\/preinscripcio\">preinscripci\u00f3 de l&#8217;11 al 22 de mar\u00e7<\/a>] [<a target=\"_blank\" href=\"http:\/\/www.gencat.cat\/preinscripcio\">Web Preinscripci\u00f3 i Matriculaci\u00f3<\/a>] [<a rel=\"external\" href=\"http:\/\/www10.gencat.cat\/sac\/AppJava\/document.jsp?doc=7_10600.pdf\" title=\"Aquest enlla\u00e7 s'obrir\u00e0 en una finestra nova\">Formulari de sol\u00b7licitud de preinscripci\u00f3<\/a>]<\/div>\n<h2> <\/h2>\n<table width=\"100%\" border=\"0\" bgcolor=\"#FFFF99\">\n<tbody>\n<tr>\n<td>Els alumnes que cursen o opten per cursar els ensenyaments<br \/>\nprofessionals de m\u00fasica o de dansa tenen prioritat per accedir a les<br \/>\nplaces d\u00e2??ESO.<\/td>\n<\/tr>\n<tr>\n<td><strong>Aquest alumnat <a href=\"\/ies-jaumebalmes\/intranet\/index.php?module=IWforms&amp;func=new&amp;fid=4\" title=\"Formulari per lalumnat de simutaneijar\u00e0 ESO i M\u00fasica o Dansa\">haur\u00e0 d&#8217;omplir aquest formulari abans del divendres 15\/3<\/a> i en el moment de la preinscripci\u00f3 haur\u00e0 de lliurar aquesta documentaci\u00f3 addicional:<\/strong> <\/p>\n<ol><strong> <\/p>\n<li>Declaraci\u00f3 de que opta per simultaniejar l&#8217;ESO i els estudis profressional de m\u00fasica o dansa.<\/li>\n<li>Certificat d&#8217;una escola autoritzada que indiqui: a)<br \/>\nDes de quan s&#8217;est\u00e0 fent m\u00fasica o dansa i b) Curs que fa actualment i<br \/>\nnombre d&#8217;hores de dedicaci\u00f3 setmanal. <\/li>\n<p> <\/strong><\/ol>\n<\/td>\n<\/tr>\n<\/tbody>\n<\/table>\n<h2> <\/h2>\n<h3><strong>Dissabte 4 de maig de 2013 ===&gt; Batxillerat i FP <\/strong>[material<br \/>\n de la sessi\u00f3: Batxillerat&nbsp; &#8212; Formaci\u00f3 Professional] [preinscripci\u00f3<br \/>\nBTX i FP-GM del 13 de maig al 24 de maig&nbsp; i&nbsp; FP-GS del 27 de maig al 7<br \/>\nde juny] [<a target=\"_blank\" href=\"http:\/\/www.gencat.cat\/preinscripcio\">Web Preinscripci\u00f3 i Matriculaci\u00f3<\/a>]<br \/>\n<\/h3>\n<ul>\n<li> <strong>De 11h a 14h visita de les instal\u00b7lacions<\/strong> del centre<\/li>\n<li><strong>A les 12h<\/strong> reuni\u00f3 informativa<\/li>\n<\/ul>\n<p> <img loading=\"lazy\" decoding=\"async\" width=\"567\" height=\"196\" align=\"middle\" src=\"http:\/\/www.xtec.cat\/ies-jaumebalmes\/imatges\/portesobertes2013.jpg\" alt=\"calendari portes obertes 2013\" title=\"calendari portes obertes\" \/><br \/><img loading=\"lazy\" decoding=\"async\" width=\"567\" height=\"196\" align=\"middle\" src=\"http:\/\/www.xtec.cat\/ies-jaumebalmes\/imatges\/portesobertes2013b.jpg\" alt=\"calendari portes obertes 2013 - Estudis\" title=\"calendari portes obertes\" \/><\/p>\n<\/p>\n<\/p>\n<h3><strong>Novetat 20\/3\/13:<\/strong> El Departament publica les <a href=\"http:\/\/www20.gencat.cat\/portal\/site\/ensenyament\/menuitem.c9daa2c559ab545a72623b10b0c0e1a0\/?vgnextoid=511f281884294110VgnVCM1000000b0c1e0aRCRD&amp;vgnextchannel=511f281884294110VgnVCM1000000b0c1e0aRCRD&amp;vgnextfmt=detall&amp;contentid=348bfc6cba7fc310VgnVCM2000009b0c1e0aRCRD\" target=\"_blank\">dates del proc\u00e9s de Preinscripci\u00f3 2013-201<\/a> <\/h3>\n<p><a target=\"_blank\" href=\"http:\/\/www.gencat.cat\/preinscripcio\/\">Es mantenen els mateixos criteris generals i complementaris d&#8217;admissi\u00f3 d&#8217;alumnes i els barems que es van aplicar el darrer curs<\/a>. El calendari que afecta al nostre centre \u00e9s:<\/p>\n<ul>\n<li><strong>Entre l&#8217;11 i el 22 de mar\u00e7<\/strong>: segon cicle d&#8217;educaci\u00f3 infantil, educaci\u00f3 prim\u00e0ria,<strong> centres integrats i ESO<\/strong><\/li>\n<li><strong>Del 13 al 24 de maig<\/strong>: <strong>BATXILLERAT , cicles formatius de grau mitj\u00e0 de formaci\u00f3 professiona<\/strong>l i d&#8217;arts pl\u00e0stiques i<br \/>\ndisseny, i per al primer per\u00edode dels ensenyaments esportius.<\/li>\n<li><strong>Del 27 de maig al 7 de juny<\/strong>, per als <strong>cicles formatius de grau superior de formaci\u00f3 professional<\/strong> i d&#8217;arts pl\u00e0stiques i disseny.<\/li>\n<\/ul>\n","protected":false},"excerpt":{"rendered":"<p>NOT\u00cdCIA EN PORTADA FINS EL 9\/5\/2013<br \/>\nDissabte 4 de maig de 2013 ===&gt; Batxillerat i FP [Material de la sessi\u00f3: <a href=\"\/ies-jaumebalmes\/intranet\/index.php?module=Downloads&amp;func=prep_hand_out&amp;lid=572\" target=\"_blank\">Batxillerat<\/a>&nbsp; &#8212; <a target=\"_blank\" href=\"\/ies-jaumebalmes\/intranet\/index.php?module=Downloads&amp;func=prep_hand_out&amp;lid=577\">Formaci\u00f3 Professional<\/a>] [preinscripci\u00f3 BTX i FP-GM del 13 de maig al 24 de maig&nbsp; i&nbsp; FP-GS del 27 de&hellip;  <a href=\"https:\/\/agora.xtec.cat\/ies-jaumebalmes\/general\/portes-obertes-2013-i-preinscripcio\/\" title=\"Read Portes Obertes 2013 i Preinscripci\u00f3\">Llegeix m\u00e9s\u00bb<\/a><\/p>\n","protected":false},"author":3,"featured_media":0,"comment_status":"open","ping_status":"open","sticky":false,"template":"","format":"standard","meta":{"_bbp_topic_count":0,"_bbp_reply_count":0,"_bbp_total_topic_count":0,"_bbp_total_reply_count":0,"_bbp_voice_count":0,"_bbp_anonymous_reply_count":0,"_bbp_topic_count_hidden":0,"_bbp_reply_count_hidden":0,"_bbp_forum_subforum_count":0,"footnotes":""},"categories":[1],"tags":[97,100],"class_list":["post-672","post","type-post","status-publish","format-standard","hentry","category-general","tag-intraweb","tag-noticies"],"post_mailing_queue_ids":[],"_links":{"self":[{"href":"https:\/\/agora.xtec.cat\/ies-jaumebalmes\/wp-json\/wp\/v2\/posts\/672","targetHints":{"allow":["GET"]}}],"collection":[{"href":"https:\/\/agora.xtec.cat\/ies-jaumebalmes\/wp-json\/wp\/v2\/posts"}],"about":[{"href":"https:\/\/agora.xtec.cat\/ies-jaumebalmes\/wp-json\/wp\/v2\/types\/post"}],"author":[{"embeddable":true,"href":"https:\/\/agora.xtec.cat\/ies-jaumebalmes\/wp-json\/wp\/v2\/users\/3"}],"replies":[{"embeddable":true,"href":"https:\/\/agora.xtec.cat\/ies-jaumebalmes\/wp-json\/wp\/v2\/comments?post=672"}],"version-history":[{"count":0,"href":"https:\/\/agora.xtec.cat\/ies-jaumebalmes\/wp-json\/wp\/v2\/posts\/672\/revisions"}],"wp:attachment":[{"href":"https:\/\/agora.xtec.cat\/ies-jaumebalmes\/wp-json\/wp\/v2\/media?parent=672"}],"wp:term":[{"taxonomy":"category","embeddable":true,"href":"https:\/\/agora.xtec.cat\/ies-jaumebalmes\/wp-json\/wp\/v2\/categories?post=672"},{"taxonomy":"post_tag","embeddable":true,"href":"https:\/\/agora.xtec.cat\/ies-jaumebalmes\/wp-json\/wp\/v2\/tags?post=672"}],"curies":[{"name":"wp","href":"https:\/\/api.w.org\/{rel}","templated":true}]}}