{"id":668,"date":"2012-12-20T13:53:28","date_gmt":"2012-12-20T12:53:28","guid":{"rendered":"http:\/\/agora.xtec.cat\/ies-jaumebalmes\/general\/cicle-de-cinema-i-drets-dels-infants\/"},"modified":"2012-12-20T13:53:28","modified_gmt":"2012-12-20T12:53:28","slug":"cicle-de-cinema-i-drets-dels-infants","status":"publish","type":"post","link":"https:\/\/agora.xtec.cat\/ies-jaumebalmes\/general\/cicle-de-cinema-i-drets-dels-infants\/","title":{"rendered":"Cicle de cinema i drets dels infants"},"content":{"rendered":"<p>Aqu\u00ed teniu un <strong>recull dels treballs realitzats pels alumnes de 1r d\u00e2??ESO i 3r D\u00e2??ESO<\/strong>, despr\u00e9s d\u00e2??anar a veure una pel\u00e2?\u00a2l\u00edcula&nbsp; als Cinemes Alexandra dins del <strong>&quot;Cicle de Cinema i Drets del Infants&quot;.<\/strong><br \/><strong>Els de 1r d\u00e2??ESO<\/strong> van anar a veure \u00e2??Aix\u00f2 \u00e9s ritme\u00e2?\u009d i com a treball a l\u00e2??aula van realitzar <strong><a href=\"https:\/\/docs.google.com\/file\/d\/0B2qTzLLB_5_8Mnc4OVh3T0MxM0k\/edit\" target=\"_blank\">un c\u00f2mic<\/a><\/strong>, <strong>i els de 3r d\u00e2??ESO<\/strong> van anar a veure \u00e2??Las nieves del kilimanjaro\u00e2?\u009d&nbsp; i com a treball a l\u00e2??aula <a target=\"_blank\" href=\"http:\/\/www.youtube.com\/watch?v=ijcBtfgHUU4\"><strong>van fer uns Raps<\/strong><\/a>. <br \/> <br \/>\n  <iframe loading=\"lazy\" width=\"420\" height=\"315\" frameborder=\"0\" allowfullscreen=\"true\" src=\"http:\/\/www.youtube.com\/embed\/ijcBtfgHUU4\"><\/iframe><\/p>\n","protected":false},"excerpt":{"rendered":"<p>Aqu\u00ed teniu un recull dels treballs realitzats pels alumnes de 1r d\u00e2??ESO i 3r D\u00e2??ESO, despr\u00e9s d\u00e2??anar a veure una pel\u00e2?\u00a2l\u00edcula&nbsp; als Cinemes Alexandra dins del &quot;Cicle de Cinema i Drets del Infants&quot;.Els de 1r d\u00e2??ESO van anar a veure \u00e2??Aix\u00f2 \u00e9s ritme\u00e2?\u009d i com&hellip;  <a href=\"https:\/\/agora.xtec.cat\/ies-jaumebalmes\/general\/cicle-de-cinema-i-drets-dels-infants\/\" title=\"Read Cicle de cinema i drets dels infants\">Llegeix m\u00e9s\u00bb<\/a><\/p>\n","protected":false},"author":3,"featured_media":0,"comment_status":"open","ping_status":"open","sticky":false,"template":"","format":"standard","meta":{"_bbp_topic_count":0,"_bbp_reply_count":0,"_bbp_total_topic_count":0,"_bbp_total_reply_count":0,"_bbp_voice_count":0,"_bbp_anonymous_reply_count":0,"_bbp_topic_count_hidden":0,"_bbp_reply_count_hidden":0,"_bbp_forum_subforum_count":0,"footnotes":""},"categories":[1],"tags":[97,100],"class_list":["post-668","post","type-post","status-publish","format-standard","hentry","category-general","tag-intraweb","tag-noticies"],"post_mailing_queue_ids":[],"_links":{"self":[{"href":"https:\/\/agora.xtec.cat\/ies-jaumebalmes\/wp-json\/wp\/v2\/posts\/668","targetHints":{"allow":["GET"]}}],"collection":[{"href":"https:\/\/agora.xtec.cat\/ies-jaumebalmes\/wp-json\/wp\/v2\/posts"}],"about":[{"href":"https:\/\/agora.xtec.cat\/ies-jaumebalmes\/wp-json\/wp\/v2\/types\/post"}],"author":[{"embeddable":true,"href":"https:\/\/agora.xtec.cat\/ies-jaumebalmes\/wp-json\/wp\/v2\/users\/3"}],"replies":[{"embeddable":true,"href":"https:\/\/agora.xtec.cat\/ies-jaumebalmes\/wp-json\/wp\/v2\/comments?post=668"}],"version-history":[{"count":0,"href":"https:\/\/agora.xtec.cat\/ies-jaumebalmes\/wp-json\/wp\/v2\/posts\/668\/revisions"}],"wp:attachment":[{"href":"https:\/\/agora.xtec.cat\/ies-jaumebalmes\/wp-json\/wp\/v2\/media?parent=668"}],"wp:term":[{"taxonomy":"category","embeddable":true,"href":"https:\/\/agora.xtec.cat\/ies-jaumebalmes\/wp-json\/wp\/v2\/categories?post=668"},{"taxonomy":"post_tag","embeddable":true,"href":"https:\/\/agora.xtec.cat\/ies-jaumebalmes\/wp-json\/wp\/v2\/tags?post=668"}],"curies":[{"name":"wp","href":"https:\/\/api.w.org\/{rel}","templated":true}]}}