{"id":667,"date":"2012-12-20T09:40:47","date_gmt":"2012-12-20T08:40:47","guid":{"rendered":"http:\/\/agora.xtec.cat\/ies-jaumebalmes\/general\/novetats-al-canal-youtube\/"},"modified":"2012-12-20T09:40:47","modified_gmt":"2012-12-20T08:40:47","slug":"novetats-al-canal-youtube","status":"publish","type":"post","link":"https:\/\/agora.xtec.cat\/ies-jaumebalmes\/general\/novetats-al-canal-youtube\/","title":{"rendered":"Novetats al Canal Youtube"},"content":{"rendered":"<p>Ja podeu veure al <a href=\"http:\/\/www.youtube.com\/institutjaumebalmes\" target=\"_blank\">Canal YouTube<\/a> del centre:<\/p>\n<ul>\n<li> a l&#8217;<a target=\"_blank\" href=\"http:\/\/youtu.be\/ijcBtfgHUU4\">alumnat de 3r d&#8217;ESO rapeant pels Drets dels Infants<\/a> i <\/li>\n<li>la <a target=\"_blank\" href=\"http:\/\/www.youtube.com\/watch?v=qzZBUeI8yPI\">Cadena Humana &quot;Som Escola&quot; del passat dijous 13\/12\/2012<\/a> per expressar el rebuig total a les noves propostes incloses en la LOMCE<\/li>\n<\/ul>\n<p> <br \/>\n  <iframe loading=\"lazy\" width=\"210\" height=\"158\" frameborder=\"0\" allowfullscreen=\"true\" src=\"http:\/\/www.youtube.com\/embed\/ijcBtfgHUU4\">&lt;span id=&quot;XinhaEditingPostion&quot;&gt;&lt;\/span&gt;<\/iframe><br \/>\n  <iframe loading=\"lazy\" width=\"210\" height=\"158\" frameborder=\"0\" allowfullscreen=\"true\" src=\"http:\/\/www.youtube.com\/embed\/qzZBUeI8yPI\"><\/iframe><strong>Cadena humana al voltant de l\u00e2??institut<\/strong> <\/p>\n<p>El passat dijous 13 de desembre de 2012, a l\u00e2??hora d\u00e2??esbarjo v\u00e0rem fer una cadena humana en qu\u00e8 es va aconseguir donar la volta completa a l\u00e2??illa de cases que envolta el centre amb la participaci\u00f3 de l\u00e2??alumnat, del professorat i del PAS.<br \/>El motiu era expressar el rebuig total a les noves propostes incloses en la LOMCE, que posen en perill el model d\u00e2??immersi\u00f3 ling\u00fc\u00edstica i mostren un retroc\u00e9s evident pel que fa a les compet\u00e8ncies en mat\u00e8ria d\u00e2??ensenyament per part de les Comunitats Aut\u00f2nomes.<br \/>Us mostrem un v\u00eddeo que v\u00e0rem fer. <\/p>\n","protected":false},"excerpt":{"rendered":"<p>Ja podeu veure al <a href=\"http:\/\/www.youtube.com\/institutjaumebalmes\" target=\"_blank\">Canal YouTube<\/a> del centre:<\/p>\n<ul>\n<li> a l&#8217;<a target=\"_blank\" href=\"http:\/\/youtu.be\/ijcBtfgHUU4\">alumnat de 3r d&#8217;ESO rapeant pels Drets dels Infants<\/a> i <\/li>\n<li>la <a target=\"_blank\" href=\"http:\/\/www.youtube.com\/watch?v=qzZBUeI8yPI\">Cadena Humana &quot;Som Escola&quot; del passat dijous 13\/12\/2012<\/a> per expressar el rebuig total a les noves propostes incloses en&hellip;  <a href=\"https:\/\/agora.xtec.cat\/ies-jaumebalmes\/general\/novetats-al-canal-youtube\/\" title=\"Read Novetats al Canal Youtube\">Llegeix m\u00e9s\u00bb<\/a><br \/>\n","protected":false},"author":3,"featured_media":0,"comment_status":"open","ping_status":"open","sticky":false,"template":"","format":"standard","meta":{"_bbp_topic_count":0,"_bbp_reply_count":0,"_bbp_total_topic_count":0,"_bbp_total_reply_count":0,"_bbp_voice_count":0,"_bbp_anonymous_reply_count":0,"_bbp_topic_count_hidden":0,"_bbp_reply_count_hidden":0,"_bbp_forum_subforum_count":0,"footnotes":""},"categories":[1],"tags":[97,100],"class_list":["post-667","post","type-post","status-publish","format-standard","hentry","category-general","tag-intraweb","tag-noticies"],"post_mailing_queue_ids":[],"_links":{"self":[{"href":"https:\/\/agora.xtec.cat\/ies-jaumebalmes\/wp-json\/wp\/v2\/posts\/667","targetHints":{"allow":["GET"]}}],"collection":[{"href":"https:\/\/agora.xtec.cat\/ies-jaumebalmes\/wp-json\/wp\/v2\/posts"}],"about":[{"href":"https:\/\/agora.xtec.cat\/ies-jaumebalmes\/wp-json\/wp\/v2\/types\/post"}],"author":[{"embeddable":true,"href":"https:\/\/agora.xtec.cat\/ies-jaumebalmes\/wp-json\/wp\/v2\/users\/3"}],"replies":[{"embeddable":true,"href":"https:\/\/agora.xtec.cat\/ies-jaumebalmes\/wp-json\/wp\/v2\/comments?post=667"}],"version-history":[{"count":0,"href":"https:\/\/agora.xtec.cat\/ies-jaumebalmes\/wp-json\/wp\/v2\/posts\/667\/revisions"}],"wp:attachment":[{"href":"https:\/\/agora.xtec.cat\/ies-jaumebalmes\/wp-json\/wp\/v2\/media?parent=667"}],"wp:term":[{"taxonomy":"category","embeddable":true,"href":"https:\/\/agora.xtec.cat\/ies-jaumebalmes\/wp-json\/wp\/v2\/categories?post=667"},{"taxonomy":"post_tag","embeddable":true,"href":"https:\/\/agora.xtec.cat\/ies-jaumebalmes\/wp-json\/wp\/v2\/tags?post=667"}],"curies":[{"name":"wp","href":"https:\/\/api.w.org\/{rel}","templated":true}]}}