{"id":662,"date":"2012-12-03T12:17:00","date_gmt":"2012-12-03T11:17:00","guid":{"rendered":"http:\/\/agora.xtec.cat\/ies-jaumebalmes\/general\/eleccions-renovacio-parcial-consell-escolar-desembre-2012-gener-2013\/"},"modified":"2012-12-03T12:17:00","modified_gmt":"2012-12-03T11:17:00","slug":"eleccions-renovacio-parcial-consell-escolar-desembre-2012-gener-2013","status":"publish","type":"post","link":"https:\/\/agora.xtec.cat\/ies-jaumebalmes\/general\/eleccions-renovacio-parcial-consell-escolar-desembre-2012-gener-2013\/","title":{"rendered":"Eleccions renovaci\u00f3 parcial Consell Escolar.  Desembre 2012 &#8211; Gener 2013"},"content":{"rendered":"<p><strong>18\/3\/2013:<\/strong> Publicaci\u00f3 llista oficial dels nous representants dels diferents sectors&nbsp; del nou Consell Escolar.<\/p>\n<p>D&#8217;acord amb els resultats de les votacions els nous representants s\u00f3n:<\/p>\n<ul>\n<li> Sector alumnat:<strong> Josep Cabr\u00e9 Castells (BATX 1C) i Albert Torrebella C\u00e1ceres (BATX 1B)<\/strong><\/li>\n<li>Sector mares i pares: <strong>Anna M. Bofill Isern<\/strong><\/li>\n<li>Sector professorat: <strong>Teresa Canalias Bocos, Albert Dav\u00ed Recasens i Joan Mitjana Rodr\u00edguez<\/strong><\/li>\n<li>Sector personal d&#8217;administraci\u00f3 i Serveis:<strong> Juan Jos\u00e9 Dur\u00e1n Bonilla<\/strong><\/li>\n<\/ul>\n<p>&nbsp;Resultats de les votacions:<\/p>\n<ul>\n<li><strong>Sector alumnat:<\/strong><\/li>\n<\/ul>\n<blockquote>\n<ol>\n<li><strong>&nbsp; 84 vots&nbsp;&nbsp; <\/strong>Borrell Espinosa, Max&nbsp;&nbsp;&nbsp; ESO 1C<\/li>\n<li><strong>360 vots<\/strong>&nbsp;&nbsp; Cabr\u00e9 Castells, Josep&nbsp;&nbsp;&nbsp; BATX 1C<\/li>\n<li><strong>&nbsp; 57 vots<\/strong>&nbsp;&nbsp; Carb\u00f3 Mitjans, J\u00falia&nbsp;&nbsp;&nbsp; ESO 1C<\/li>\n<li> <strong>55 vots<\/strong>&nbsp;&nbsp;&nbsp; Feliu Gil, Maria&nbsp;&nbsp;&nbsp; ESO 2B<\/li>\n<li>Va retirar la seva candidatura abans de les votacions: Ferri Lloveras, Mar\u00e7al&nbsp;&nbsp;&nbsp; ESO 4C<\/li>\n<li><strong>136 vots<\/strong>&nbsp;&nbsp; Garcia Dom\u00e8nech, Sarita&nbsp;&nbsp;&nbsp; ESO 3A<\/li>\n<li><strong>&nbsp; 59 vots&nbsp;<\/strong>&nbsp; Garcia Rivas, Alejandro&nbsp;&nbsp;&nbsp; ESO 3B<\/li>\n<li><strong>198 vots<\/strong>&nbsp;&nbsp; Torrebella C\u00e1ceres, Albert &nbsp;&nbsp;&nbsp; BATX 1B <strong><br \/><\/strong><\/li>\n<li><strong>&nbsp; 54 vots<\/strong>&nbsp;&nbsp; W\u00f6rner Jaum\u00e0, Cl\u00e0udia&nbsp;&nbsp;&nbsp; ESO 1C<\/li>\n<\/ol>\n<\/blockquote>\n<ul>\n<li><strong>Sector mares i pares<\/strong><\/li>\n<\/ul>\n<blockquote>\n<ol>\n<li><strong>13 vots<\/strong> Bofill Isern, Anna M.<\/li>\n<li><strong>&nbsp; 9 vots<\/strong>&nbsp; D\u00edaz Romacho, Olga<\/li>\n<li><strong>&nbsp; 4 vots<\/strong>&nbsp; Franco Rodr\u00edguez, Carlos<\/li>\n<\/ol>\n<\/blockquote>\n<ul>\n<li><strong>&nbsp;Sector professorat<\/strong><\/li>\n<\/ul>\n<blockquote>\n<ol>\n<li><strong>49 vots<\/strong> Dav\u00ed Recasens, Albert<\/li>\n<li><strong>49 vots<\/strong> Mitjana Rodr\u00edguez, Joan<\/li>\n<li><strong>47 vots<\/strong> Canalias Bocos, Teresa<\/li>\n<\/ol>\n<\/blockquote>\n<ul>\n<li><strong>Sector personal d&#8217;administraci\u00f3 i Serveis<\/strong><\/li>\n<\/ul>\n<blockquote>\n<ol>\n<li><strong>6 vots<\/strong> Dur\u00e1n Bonilla, Juan Jos\u00e9<\/li>\n<li><strong>2 vots<\/strong> Molina P\u00e1ez, Antonio<\/li>\n<\/ol>\n<\/blockquote>\n<p><strong>17\/12\/2012<\/strong>: Es publica la <a href=\"\/ies-jaumebalmes\/intranet\/index.php?module=Downloads&amp;func=prep_hand_out&amp;lid=526\" target=\"_blank\">llista dels candidats<\/a> dels diferents sectors. <\/p>\n<p><strong>3\/12\/2012: <\/strong> <br \/> <a href=\"http:\/\/www20.gencat.cat\/portal\/site\/ensenyament\/menuitem.75e1c94eb5dd9e184ed22010b0c0e1a0\/?vgnextoid=f6c263fddc7e9310VgnVCM1000008d0c1e0aRCRD&amp;vgnextchannel=f6c263fddc7e9310VgnVCM1000008d0c1e0aRCRD&amp;vgnextfmt=default\" target=\"_blank\"><img loading=\"lazy\" decoding=\"async\" width=\"500\" height=\"46\" src=\"http:\/\/www20.gencat.cat\/docs\/Educacio\/Destacats\/banner%20llarg\/Elecc_consells_escolars.jpg\" \/><\/a>  <\/p>\n<table border=\"1\" class=\" htmtableborders\" style=\"display: table;\">\n<tbody>\n<tr>\n<td>El proc\u00e9s electoral que permetr\u00e0 renovar la meitat dels&nbsp;<a target=\"_blank\" href=\"http:\/\/www20.gencat.cat\/portal\/site\/ensenyament\/menuitem.75e1c94eb5dd9e184ed22010b0c0e1a0\/?vgnextoid=f6c263fddc7e9310VgnVCM1000008d0c1e0aRCRD&amp;vgnextchannel=f6c263fddc7e9310VgnVCM1000008d0c1e0aRCRD&amp;vgnextfmt=default\">consells escolars<\/a> ja est\u00e0 en marxa. <strong>Les votacions se celebraran el 15 i el 16 de gener de 2013.<br \/>\n    <\/strong><br \/>A <strong><a target=\"_blank\" href=\"\/ies-jaumebalmes\/intranet\/index.php?module=Downloads&amp;func=sublevel&amp;cid=9&amp;start=0\">Documents P\u00fablics<\/a><\/strong> teniu la <a target=\"_blank\" href=\"\/ies-jaumebalmes\/intranet\/index.php?module=Downloads&amp;func=prep_hand_out&amp;lid=520\">convocat\u00f2ria <\/a>i el <a target=\"_blank\" href=\"\/ies-jaumebalmes\/intranet\/index.php?module=Downloads&amp;func=prep_hand_out&amp;lid=521\">calendari.<\/a> I al taullel d\u00e2??anuncis del centre teniu tota la documentaci\u00f3 (censos, etc.)&nbsp; <\/td>\n<\/tr>\n<tr> <\/tr>\n<\/tbody>\n<\/table>\n<p><strong>En el nostre Consell Escolar s\u00e2??ha de renovar:<\/strong><strong><\/strong><\/p>\n<ul>\n<li><strong>1 pla\u00e7a del sector fam\u00edlies,<\/strong><\/li>\n<li><strong>2 places de l\u00e2??alumnat, <\/strong><\/li>\n<li><strong>3 places del professorat i <\/strong><\/li>\n<li><strong>1 del personal d&#8217;administraci\u00f3 i serveis (PAS)<\/strong>.<br \/>\n   <\/li>\n<\/ul>\n<table border=\"1\" style=\"display: table;\" class=\" htmtableborders\">\n<tbody>\n<tr>\n<td><strong>3\/12\/2012 dilluns <\/strong><\/td>\n<td>\n<p>Publicaci\u00f3 de la <a target=\"_blank\" href=\"\/ies-jaumebalmes\/intranet\/index.php?module=Downloads&amp;&lt;span%20id=\">%u205Efunc=prep_hand_out&amp;lid=520&quot;&gt;convocat\u00f2ria<\/a>, <a target=\"_blank\" href=\"\/ies-jaumebalmes\/intranet\/index.php?module=Downloads&amp;func=prep_hand_out&amp;lid=521\">calendari<\/a>, censos provisionals dels diferents sectors i del sorteig de les meses electorals.<br \/>\n       <\/p>\n<\/td>\n<\/tr>\n<tr>\n<td><strong>Del 3\/12\/2012 al 5\/12\/2012 <\/strong><\/td>\n<td>Reclamacions al cens. A la Secretaria del centre.<\/td>\n<\/tr>\n<tr>\n<td><strong>10\/12\/2012 dilluns <\/strong><\/td>\n<td>Constituci\u00f3 de les meses electorals dels diferents sectors. Publicaci\u00f3 del cens definitiu <\/td>\n<\/tr>\n<tr>\n<td><strong>Del 10\/12\/2012 al 14\/12\/2012<\/strong><\/td>\n<td><strong>Presentaci\u00f3 de candidatures dels diferents sectors. A la Secretaria del centre. <\/strong><\/td>\n<\/tr>\n<tr>\n<td><strong>17\/12\/2012 dilluns <\/strong><\/td>\n<td>\n<p>Publicaci\u00f3 <a href=\"\/ies-jaumebalmes\/intranet\/index.php?module=Downloads&amp;func=prep_hand_out&amp;lid=526\" target=\"_blank\">llista de candidats dels diferents sectors<\/a>:<\/p>\n<ul>\n<li><strong>Sector alumnat:<\/strong><\/li>\n<\/ul>\n<blockquote>\n<ol>\n<li>Borrell Espinosa, Max&nbsp;&nbsp;&nbsp; ESO 1C<\/li>\n<li>Cabr\u00e9 Castells, Josep&nbsp;&nbsp;&nbsp; BATX 1C<\/li>\n<li>Carb\u00f3 Mitjans, J\u00falia&nbsp;&nbsp;&nbsp; ESO 1C<\/li>\n<li>Feliu Gil, Maria&nbsp;&nbsp;&nbsp; ESO 2B<\/li>\n<li>Ferri Lloveras, Mar\u00e7al&nbsp;&nbsp;&nbsp; ESO 4C<\/li>\n<li>Garcia Dom\u00e8nech, Sarita&nbsp;&nbsp;&nbsp; ESO 3A<\/li>\n<li>Garcia Rivas, Alejandro&nbsp;&nbsp;&nbsp; ESO 3B<\/li>\n<li>Torrebella C\u00e1ceres, Albert &nbsp;&nbsp;&nbsp; BATX 1B <\/li>\n<li>W\u00f6rner Jaum\u00e0, Cl\u00e0udia&nbsp;&nbsp;&nbsp; ESO 1C<\/li>\n<\/ol>\n<\/blockquote>\n<ul>\n<li><strong>Sector mares i pares<\/strong><\/li>\n<\/ul>\n<blockquote>\n<ol>\n<li>Bofill Isern, Anna M.<\/li>\n<li>D\u00edaz Romacho, Olga<\/li>\n<li>Franco Rodr\u00edguez, Carlos<\/li>\n<\/ol>\n<\/blockquote>\n<ul>\n<li><strong>&nbsp;Sector professorat<\/strong><\/li>\n<\/ul>\n<blockquote>\n<ol>\n<li>Dav\u00ed Recasens, Albert<\/li>\n<li>Mitjana Rodr\u00edguez, Joan<\/li>\n<li>Canalias Bocos, Teresa<\/li>\n<\/ol>\n<\/blockquote>\n<ul>\n<li><strong>Sector personal d&#8217;administraci\u00f3 i Serveis<\/strong><\/li>\n<\/ul>\n<blockquote>\n<ol>\n<li>Dur\u00e1n Bonilla, Juan Jos\u00e9<\/li>\n<li>Molina P\u00e1ez, Antonio<\/li>\n<\/ol>\n<\/blockquote>\n<\/td>\n<\/tr>\n<tr>\n<td><strong>Del 9\/1\/2013 a l&#8217;11\/1\/2013<\/strong><\/td>\n<td><strong>Presentaci\u00f3 p\u00fablica de les candidatures i campanya electoral.<\/strong><\/td>\n<\/tr>\n<tr>\n<td><strong>15\/1\/2013 dimarts<\/strong><\/td>\n<td>\n<p><strong>Votaci\u00f3 sector PAS. De 10 a 11h<br \/><\/strong><\/p>\n<p><strong><strong>Votaci\u00f3 sector FAM\u00cdLIES<\/strong>. De 9 a 11h i de 18 a 20h<\/strong><\/p>\n<\/td>\n<\/tr>\n<tr>\n<td><strong>16\/1\/2013 dimecres <\/strong><\/td>\n<td>\n<p><strong>Votaci\u00f3 sector ALUMNAT. <\/strong><a target=\"_blank\" href=\"\/ies-jaumebalmes\/intranet\/index.php?module=Downloads&amp;func=prep_hand_out&amp;lid=521\">Veure el CALENDARI<\/a><\/p>\n<p><strong>Votaci\u00f3 sector PROFESSORAT.<\/strong><\/p>\n<\/td>\n<\/tr>\n<tr>\n<td>\n<div><strong>18\/1\/2013 divendres <\/strong><\/div>\n<\/td>\n<td>\n<div>\n<p>Publicaci\u00f3 llista oficial dels nous representants dels diferents sectors&nbsp; del nou Consell Escolar<\/p>\n<p>D&#8217;acord amb els resultats de les votacions els nous representants s\u00f3n:<\/p>\n<ul>\n<li> Sector alumnat:<strong> Josep Cabr\u00e9 Castells (BATX 1C) i Albert Torrebella C\u00e1ceres (BATX 1B)<\/strong><\/li>\n<li>Sector mares i pares: <strong>Anna M. Bofill Isern<\/strong><\/li>\n<li>Sector professorat: <strong>Teresa Canalias Bocos, Albert Dav\u00ed Recasens i Joan Mitjana Rodr\u00edguez<\/strong><\/li>\n<li>Sector personal d&#8217;administraci\u00f3 i Serveis:<strong> Juan Jos\u00e9 Dur\u00e1n Bonilla<\/strong><\/li>\n<\/ul>\n<p>&nbsp;Resultats de les votacions:<\/p>\n<ul>\n<li><strong>Sector alumnat:<\/strong><\/li>\n<\/ul>\n<blockquote>\n<ol>\n<li><strong>&nbsp; 84 vots&nbsp;&nbsp; <\/strong>Borrell Espinosa, Max&nbsp;&nbsp;&nbsp; ESO 1C<\/li>\n<li><strong>360 vots<\/strong>&nbsp;&nbsp; Cabr\u00e9 Castells, Josep&nbsp;&nbsp;&nbsp; BATX 1C<\/li>\n<li><strong>&nbsp; 57 vots<\/strong>&nbsp;&nbsp; Carb\u00f3 Mitjans, J\u00falia&nbsp;&nbsp;&nbsp; ESO 1C<\/li>\n<li> <strong>55 vots<\/strong>&nbsp;&nbsp;&nbsp; Feliu Gil, Maria&nbsp;&nbsp;&nbsp; ESO 2B<\/li>\n<li>Va retirar la seva candidatura abans de les votacions: Ferri Lloveras, Mar\u00e7al&nbsp;&nbsp;&nbsp; ESO 4C<\/li>\n<li><strong>136 vots<\/strong>&nbsp;&nbsp; Garcia Dom\u00e8nech, Sarita&nbsp;&nbsp;&nbsp; ESO 3A<\/li>\n<li><strong>&nbsp; 59 vots&nbsp;<\/strong>&nbsp; Garcia Rivas, Alejandro&nbsp;&nbsp;&nbsp; ESO 3B<\/li>\n<li><strong>198 vots<\/strong>&nbsp;&nbsp; Torrebella C\u00e1ceres, Albert &nbsp;&nbsp;&nbsp; BATX 1B <strong><br \/><\/strong><\/li>\n<li><strong>&nbsp; 54 vots<\/strong>&nbsp;&nbsp; W\u00f6rner Jaum\u00e0, Cl\u00e0udia&nbsp;&nbsp;&nbsp; ESO 1C<\/li>\n<\/ol>\n<\/blockquote>\n<ul>\n<li><strong>Sector mares i pares<\/strong><\/li>\n<\/ul>\n<blockquote>\n<ol>\n<li><strong>13 vots<\/strong> Bofill Isern, Anna M.<\/li>\n<li><strong>&nbsp; 9 vots<\/strong>&nbsp; D\u00edaz Romacho, Olga<\/li>\n<li><strong>&nbsp; 4 vots<\/strong>&nbsp; Franco Rodr\u00edguez, Carlos<\/li>\n<\/ol>\n<\/blockquote>\n<ul>\n<li><strong>&nbsp;Sector professorat<\/strong><\/li>\n<\/ul>\n<blockquote>\n<ol>\n<li><strong>49 vots<\/strong> Dav\u00ed Recasens, Albert<\/li>\n<li><strong>49 vots<\/strong> Mitjana Rodr\u00edguez, Joan<\/li>\n<li><strong>47 vots<\/strong> Canalias Bocos, Teresa<\/li>\n<\/ol>\n<\/blockquote>\n<ul>\n<li><strong>Sector personal d&#8217;administraci\u00f3 i Serveis<\/strong><\/li>\n<\/ul>\n<blockquote>\n<ol>\n<li><strong>6 vots<\/strong> Dur\u00e1n Bonilla, Juan Jos\u00e9<\/li>\n<li><strong>2 vots<\/strong> Molina P\u00e1ez, Antonio<\/li>\n<\/ol>\n<\/blockquote><\/div>\n<\/td>\n<\/tr>\n<tr>\n<td>\n<div><strong>23\/1\/2013 dimecres <\/strong><\/div>\n<\/td>\n<td>\n<div>Constituci\u00f3 del Consell Escolar i les seves comissions<\/div>\n<\/td>\n<\/tr>\n<\/tbody>\n<\/table>\n","protected":false},"excerpt":{"rendered":"<p>18\/3\/2013: Publicaci\u00f3 llista oficial dels nous representants dels diferents sectors&nbsp; del nou Consell Escolar.<br \/>\nD&#8217;acord amb els resultats de les votacions els nous representants s\u00f3n:<\/p>\n<ul>\n<li> Sector alumnat: Josep Cabr\u00e9 Castells (BATX 1C) i Albert Torrebella C\u00e1ceres (BATX 1B)<\/li>\n<li>Sector mares i pares: Anna M. Bofill Isern<\/li>\n<li>Sector professorat:&hellip;  <a href=\"https:\/\/agora.xtec.cat\/ies-jaumebalmes\/general\/eleccions-renovacio-parcial-consell-escolar-desembre-2012-gener-2013\/\" title=\"Read Eleccions renovaci\u00f3 parcial Consell Escolar.  Desembre 2012 &#8211; Gener 2013\">Llegeix m\u00e9s\u00bb<\/a><br \/>\n","protected":false},"author":3,"featured_media":0,"comment_status":"open","ping_status":"open","sticky":false,"template":"","format":"standard","meta":{"_bbp_topic_count":0,"_bbp_reply_count":0,"_bbp_total_topic_count":0,"_bbp_total_reply_count":0,"_bbp_voice_count":0,"_bbp_anonymous_reply_count":0,"_bbp_topic_count_hidden":0,"_bbp_reply_count_hidden":0,"_bbp_forum_subforum_count":0,"footnotes":""},"categories":[1],"tags":[97,100],"class_list":["post-662","post","type-post","status-publish","format-standard","hentry","category-general","tag-intraweb","tag-noticies"],"post_mailing_queue_ids":[],"_links":{"self":[{"href":"https:\/\/agora.xtec.cat\/ies-jaumebalmes\/wp-json\/wp\/v2\/posts\/662","targetHints":{"allow":["GET"]}}],"collection":[{"href":"https:\/\/agora.xtec.cat\/ies-jaumebalmes\/wp-json\/wp\/v2\/posts"}],"about":[{"href":"https:\/\/agora.xtec.cat\/ies-jaumebalmes\/wp-json\/wp\/v2\/types\/post"}],"author":[{"embeddable":true,"href":"https:\/\/agora.xtec.cat\/ies-jaumebalmes\/wp-json\/wp\/v2\/users\/3"}],"replies":[{"embeddable":true,"href":"https:\/\/agora.xtec.cat\/ies-jaumebalmes\/wp-json\/wp\/v2\/comments?post=662"}],"version-history":[{"count":0,"href":"https:\/\/agora.xtec.cat\/ies-jaumebalmes\/wp-json\/wp\/v2\/posts\/662\/revisions"}],"wp:attachment":[{"href":"https:\/\/agora.xtec.cat\/ies-jaumebalmes\/wp-json\/wp\/v2\/media?parent=662"}],"wp:term":[{"taxonomy":"category","embeddable":true,"href":"https:\/\/agora.xtec.cat\/ies-jaumebalmes\/wp-json\/wp\/v2\/categories?post=662"},{"taxonomy":"post_tag","embeddable":true,"href":"https:\/\/agora.xtec.cat\/ies-jaumebalmes\/wp-json\/wp\/v2\/tags?post=662"}],"curies":[{"name":"wp","href":"https:\/\/api.w.org\/{rel}","templated":true}]}}