{"id":656,"date":"2012-07-20T01:22:09","date_gmt":"2012-07-20T00:22:09","guid":{"rendered":"http:\/\/agora.xtec.cat\/ies-jaumebalmes\/general\/setembre-2012-i-inici-de-curs-2012-2013\/"},"modified":"2012-07-20T01:22:09","modified_gmt":"2012-07-20T00:22:09","slug":"setembre-2012-i-inici-de-curs-2012-2013","status":"publish","type":"post","link":"https:\/\/agora.xtec.cat\/ies-jaumebalmes\/general\/setembre-2012-i-inici-de-curs-2012-2013\/","title":{"rendered":"Setembre 2012 i Inici de curs 2012-2013"},"content":{"rendered":"<table border=\"0\" bgcolor=\"#ffff99\">\n<tbody>\n<tr>\n<td>\n<h1>Documentaci\u00f3 d&#8217;inici de curs 2012-2013:&nbsp;<br \/>\n      <br \/> <\/h1>\n<p> El 20 de juliol s\u00e2??ha enviat un correu electr\u00f2nic a les fam\u00edlies de l\u00e2??alumnat de di\u00fcrn (ESO i Batxillerat) tota la informaci\u00f3 sobre l\u00e2??inici de curs.\n    <\/p>\n<p><strong>Teniu&nbsp; una c\u00f2pia de la informaci\u00f3 enviada a <a href=\"\/ies-jaumebalmes\/intranet\/index.php?module=Downloads&amp;func=sublevel&amp;cid=45&amp;start=0\">DOCUMENTS P\u00c3?BLICS | DOCUMENTS inici de curs 2012-2013&nbsp;<\/a><\/strong>En concret trobareu:\n    <\/p>\n<\/p>\n<ul>\n<li><a target=\"_blank\" href=\"\/ies-jaumebalmes\/intranet\/index.php?module=Downloads&amp;func=prep_hand_out&amp;lid=501\">el calendari general del proper curs<\/a>,<\/li>\n<li><a target=\"_blank\" href=\"\/ies-jaumebalmes\/intranet\/index.php?module=Downloads&amp;func=prep_hand_out&amp;lid=500\">els fulls d&#8217;inscripci\u00f3 per a les activitats esportives<\/a> i<\/li>\n<li><strong>la carta on expliquem com ser\u00e0 el primer dia de classe, en la mateixa us convoquem a la reuni\u00f3 del nivell i grup dels vostres fills\/es<\/strong>.<br \/>\n      <\/li>\n<\/ul>\n<\/td>\n<\/tr>\n<\/tbody>\n<\/table>\n<table border=\"0\" bgcolor=\"#ffff99\">\n<tbody>\n<tr>\n<td>\n<h1>Matriculaci\u00f3 de l\u00e2??alumnat pel curs escolar 2012-2013:&nbsp;<br \/>\n      <br \/> <\/h1>\n<h2>Ex\u00e0mens i matr\u00edcula de setembre de 2012<br \/>\n      <br \/> <\/h2>\n<p><a target=\"_blank\" href=\"\/ies-jaumebalmes\/intranet\/index.php?module=Downloads&amp;func=prep_hand_out&amp;lid=487\">Aqu\u00ed teniu el <strong>calendari dels ex\u00e0mens de setembre (4 i 5) d\u00e2??ESO i Batxillerat<\/strong><\/a>. Qui s\u00e2??hagi de presentar a aquest ex\u00e0mens ha de recollir el <strong>butllet\u00ed de notes el 6<\/strong> de setembre<strong> i matricular-se el 7<\/strong>.&nbsp;<br \/>\n       <\/p>\n<h2><strong>Aqu\u00ed teniu les carpetes amb la documentaci\u00f3 per a la matriculaci\u00f3<br \/>\n      <br \/><\/strong> <\/h2>\n<\/td>\n<\/tr>\n<\/tbody>\n<\/table>\n<table border=\"0\" bgcolor=\"#ffff99\">\n<tbody>\n<tr>\n<td>\n<ul>\n<li><strong><a href=\"\/ies-jaumebalmes\/intranet\/index.php?module=Downloads&amp;func=prep_hand_out&amp;lid=475\" target=\"_blank\">1r d\u00e2??ESO<\/a><\/strong> <strong>,<\/strong> <a href=\"\/ies-jaumebalmes\/intranet\/index.php?module=Downloads&amp;%E2%81%9E%E2%81%9E%u205Efunc=prep_hand_out&amp;lid=476http:\/\/phobos.xtec.cat\/ies-jaumebalmes\/intranet\/index.php?module=Downloads&amp;func=prep_hand_out&amp;lid=476\" target=\"_blank\"><strong>2n d\u00e2??ESO<\/strong><\/a><strong>&nbsp;&nbsp; i&nbsp;&nbsp; <\/strong><a href=\"\/ies-jaumebalmes\/intranet\/index.php?module=Downloads&amp;func=prep_hand_out&amp;lid=477\" target=\"_blank\"><strong>3r i 4t d\u00e2??ESO<\/strong><\/a><strong><\/strong> <\/li>\n<li><a href=\"\/ies-jaumebalmes\/intranet\/index.php?module=Downloads&amp;func=prep_hand_out&amp;lid=478\" target=\"_blank\"><strong>1r i 2n de Batxillerat<\/strong><\/a><strong>.&nbsp;<\/strong> <\/li>\n<li><strong>CFGM Gesti\u00f3 Administrativa: <a href=\"\/ies-jaumebalmes\/intranet\/index.php?module=Downloads&amp;func=prep_hand_out&amp;lid=479\">alumnat nou<\/a> \/ <a href=\"\/ies-jaumebalmes\/intranet\/index.php?module=Downloads&amp;func=prep_hand_out&amp;lid=480\">alumnat del centre<br \/>\n      <br \/><\/a><\/strong> <\/li>\n<li><strong>CFGS: Administraci\u00f3 de Sistemes Inform\u00e0tics en Xarxa (ASIX) : <\/strong><strong><a href=\"\/ies-jaumebalmes\/intranet\/index.php?module=Downloads&amp;func=prep_hand_out&amp;lid=481\">alumnat nou<\/a> \/ <a href=\"\/ies-jaumebalmes\/intranet\/index.php?module=Downloads&amp;func=prep_hand_out&amp;lid=482\">alumnat del centre<\/a><\/strong> <\/li>\n<li><strong>CFGS: Desenvolupament d\u00e2??Aplicacions Web (DAW): <\/strong><strong><a href=\"\/ies-jaumebalmes\/intranet\/index.php?module=Downloads&amp;func=prep_hand_out&amp;lid=483\">alumnat nou<\/a> \/ <a href=\"\/ies-jaumebalmes\/intranet\/index.php?module=Downloads&amp;func=prep_hand_out&amp;lid=484\">alumnat del centre<\/a><\/strong> <\/li>\n<\/ul>\n<p> Qui prefereixi recollir la documentaci\u00f3 al centre ho pot fer a consergeria.<br \/>\n     <\/p>\n<p><strong>L\u00e2??alumnat de 4t d\u00e2??ESO i Batxillerat-di\u00fcrn haur\u00e0 de revisar, pr\u00e8viament a fer la matr\u00edcula<\/strong>, al taulell d\u00e2??anuncis del centre <strong>que les assignatures que ha demanat<\/strong> (espec\u00edfiques de 4t d\u00e2??ESO o Mat\u00e8ries de BTX) <strong>han estat validades pel Cap d\u00e2??Estudis<\/strong>.\n    <\/p>\n<p>Tot l\u00e2??alumnat de Batxillerat-Nocturn haur\u00e0 de revisar, abans de la matricula, el seu itinerari amb el Cap d\u00e2??Estudis de Nocturn .\n    <\/p>\n<h2>Altres novetats<br \/>\n    <\/h2>\n<p><strong>L\u00e2??<\/strong><strong>horari marc definitiu que ha aprovat el Consell escolar, per a tot el di\u00fcrn, \u00e9s de 8h a 14,30h amb un esbarjo de 30 minuts (de 11h a 11,30h).<\/strong> <\/p>\n<h3> <\/h3>\n<\/p>\n<\/td>\n<\/tr>\n<\/tbody>\n<\/table>\n","protected":false},"excerpt":{"rendered":"<p>Documentaci\u00f3 d&#8217;inici de curs 2012-2013:&nbsp;<\/p>\n<p> El 20 de juliol s\u00e2??ha enviat un correu electr\u00f2nic a les fam\u00edlies de l\u00e2??alumnat de di\u00fcrn (ESO i Batxillerat) tota la informaci\u00f3 sobre l\u00e2??inici de curs.<\/p>\n<p>Teniu&nbsp; una c\u00f2pia de&hellip;  <a href=\"https:\/\/agora.xtec.cat\/ies-jaumebalmes\/general\/setembre-2012-i-inici-de-curs-2012-2013\/\" title=\"Read Setembre 2012 i Inici de curs 2012-2013\">Llegeix m\u00e9s\u00bb<\/a><\/p>\n","protected":false},"author":3,"featured_media":0,"comment_status":"open","ping_status":"open","sticky":false,"template":"","format":"standard","meta":{"_bbp_topic_count":0,"_bbp_reply_count":0,"_bbp_total_topic_count":0,"_bbp_total_reply_count":0,"_bbp_voice_count":0,"_bbp_anonymous_reply_count":0,"_bbp_topic_count_hidden":0,"_bbp_reply_count_hidden":0,"_bbp_forum_subforum_count":0,"footnotes":""},"categories":[1],"tags":[97,100],"class_list":["post-656","post","type-post","status-publish","format-standard","hentry","category-general","tag-intraweb","tag-noticies"],"post_mailing_queue_ids":[],"_links":{"self":[{"href":"https:\/\/agora.xtec.cat\/ies-jaumebalmes\/wp-json\/wp\/v2\/posts\/656","targetHints":{"allow":["GET"]}}],"collection":[{"href":"https:\/\/agora.xtec.cat\/ies-jaumebalmes\/wp-json\/wp\/v2\/posts"}],"about":[{"href":"https:\/\/agora.xtec.cat\/ies-jaumebalmes\/wp-json\/wp\/v2\/types\/post"}],"author":[{"embeddable":true,"href":"https:\/\/agora.xtec.cat\/ies-jaumebalmes\/wp-json\/wp\/v2\/users\/3"}],"replies":[{"embeddable":true,"href":"https:\/\/agora.xtec.cat\/ies-jaumebalmes\/wp-json\/wp\/v2\/comments?post=656"}],"version-history":[{"count":0,"href":"https:\/\/agora.xtec.cat\/ies-jaumebalmes\/wp-json\/wp\/v2\/posts\/656\/revisions"}],"wp:attachment":[{"href":"https:\/\/agora.xtec.cat\/ies-jaumebalmes\/wp-json\/wp\/v2\/media?parent=656"}],"wp:term":[{"taxonomy":"category","embeddable":true,"href":"https:\/\/agora.xtec.cat\/ies-jaumebalmes\/wp-json\/wp\/v2\/categories?post=656"},{"taxonomy":"post_tag","embeddable":true,"href":"https:\/\/agora.xtec.cat\/ies-jaumebalmes\/wp-json\/wp\/v2\/tags?post=656"}],"curies":[{"name":"wp","href":"https:\/\/api.w.org\/{rel}","templated":true}]}}