{"id":651,"date":"2012-06-20T23:05:49","date_gmt":"2012-06-20T22:05:49","guid":{"rendered":"http:\/\/agora.xtec.cat\/ies-jaumebalmes\/general\/premis-als-jocs-florals-de-leixample\/"},"modified":"2012-06-20T23:05:49","modified_gmt":"2012-06-20T22:05:49","slug":"premis-als-jocs-florals-de-leixample","status":"publish","type":"post","link":"https:\/\/agora.xtec.cat\/ies-jaumebalmes\/general\/premis-als-jocs-florals-de-leixample\/","title":{"rendered":"Premis als jocs Florals de l&#8217;Eixample"},"content":{"rendered":"<p>Als Jocs Florals de l&#8217;Eixample que es van celebrar a l&#8217;Auditori de Barcelona el passat\u00a0 dia 1 de juny, van ser guardonats dos alumnes del nostre centre:<br \/>\n<\/p>\n<ul>\n<li><strong>Elisenda Passola 3r premi de poesia categoria E (2n cicle ESO)<\/strong><\/li>\n<li><strong>Josep Cabr\u00e9 2n premi prosa\u00a0 categoria E (2n cicle d&#8217;ESO)\u00a0<\/strong><\/li>\n<\/ul>\n<p>Aqu\u00ed teniu un <a target=\"_blank\" href=\"http:\/\/www.xtec.cat\/crp-eixample\/jocs%20florals%202012.swf\">reportatge fotogr\u00e0fic<\/a> de l\u00e2??acte de lliurament dels premis\u00a0 i el <a href=\"http:\/\/issuu.com\/ilazaro\/docs\/llibret_jocs_florals_2012?mode=window&#038;backgroundColor=#222222\" target=\"_blank\">Llibret Jocs Florals 2012. <\/a>A la p\u00e0gina 38 de llibret trobareu la poesia de l\u00e2??Elisenda\u00a0 (<em>Nadal abstracte<\/em>)i a les p\u00e0gines 43 a 45 el d\u00e2??en Josep (<em>Catalunya des d\u00e2??un arbre<\/em>). Guadiu-los<br \/>\n  \n<\/p>\n<p>Felicitats als premiats i a tots els participants!!<strong><br \/>\n  <br \/><\/strong><\/p>\n","protected":false},"excerpt":{"rendered":"<p>Als Jocs Florals de l&#8217;Eixample que es van celebrar a l&#8217;Auditori de Barcelona el passat\u00a0 dia 1 de juny, van ser guardonats dos alumnes del nostre centre:<\/p>\n<ul>\n<li>Elisenda Passola 3r premi de poesia categoria E (2n cicle ESO)<\/li>\n<li>Josep Cabr\u00e9 2n premi prosa\u00a0 categoria E (2n cicle&hellip;  <a href=\"https:\/\/agora.xtec.cat\/ies-jaumebalmes\/general\/premis-als-jocs-florals-de-leixample\/\" title=\"Read Premis als jocs Florals de l&#8217;Eixample\">Llegeix m\u00e9s\u00bb<\/a><br \/>\n","protected":false},"author":3,"featured_media":0,"comment_status":"open","ping_status":"open","sticky":false,"template":"","format":"standard","meta":{"_bbp_topic_count":0,"_bbp_reply_count":0,"_bbp_total_topic_count":0,"_bbp_total_reply_count":0,"_bbp_voice_count":0,"_bbp_anonymous_reply_count":0,"_bbp_topic_count_hidden":0,"_bbp_reply_count_hidden":0,"_bbp_forum_subforum_count":0,"footnotes":""},"categories":[1],"tags":[97,100],"class_list":["post-651","post","type-post","status-publish","format-standard","hentry","category-general","tag-intraweb","tag-noticies"],"post_mailing_queue_ids":[],"_links":{"self":[{"href":"https:\/\/agora.xtec.cat\/ies-jaumebalmes\/wp-json\/wp\/v2\/posts\/651","targetHints":{"allow":["GET"]}}],"collection":[{"href":"https:\/\/agora.xtec.cat\/ies-jaumebalmes\/wp-json\/wp\/v2\/posts"}],"about":[{"href":"https:\/\/agora.xtec.cat\/ies-jaumebalmes\/wp-json\/wp\/v2\/types\/post"}],"author":[{"embeddable":true,"href":"https:\/\/agora.xtec.cat\/ies-jaumebalmes\/wp-json\/wp\/v2\/users\/3"}],"replies":[{"embeddable":true,"href":"https:\/\/agora.xtec.cat\/ies-jaumebalmes\/wp-json\/wp\/v2\/comments?post=651"}],"version-history":[{"count":0,"href":"https:\/\/agora.xtec.cat\/ies-jaumebalmes\/wp-json\/wp\/v2\/posts\/651\/revisions"}],"wp:attachment":[{"href":"https:\/\/agora.xtec.cat\/ies-jaumebalmes\/wp-json\/wp\/v2\/media?parent=651"}],"wp:term":[{"taxonomy":"category","embeddable":true,"href":"https:\/\/agora.xtec.cat\/ies-jaumebalmes\/wp-json\/wp\/v2\/categories?post=651"},{"taxonomy":"post_tag","embeddable":true,"href":"https:\/\/agora.xtec.cat\/ies-jaumebalmes\/wp-json\/wp\/v2\/tags?post=651"}],"curies":[{"name":"wp","href":"https:\/\/api.w.org\/{rel}","templated":true}]}}