{"id":650,"date":"2012-06-19T23:29:14","date_gmt":"2012-06-19T22:29:14","guid":{"rendered":"http:\/\/agora.xtec.cat\/ies-jaumebalmes\/general\/premis-a-la-4a-mostra-de-recerca-jove-de-barcelona\/"},"modified":"2012-06-19T23:29:14","modified_gmt":"2012-06-19T22:29:14","slug":"premis-a-la-4a-mostra-de-recerca-jove-de-barcelona","status":"publish","type":"post","link":"https:\/\/agora.xtec.cat\/ies-jaumebalmes\/general\/premis-a-la-4a-mostra-de-recerca-jove-de-barcelona\/","title":{"rendered":"Premis a la 4a mostra de Recerca Jove de Barcelona"},"content":{"rendered":"<p>El dissabte 16 de juny, en el marc de la Festa de la Ci\u00e8ncia organitzada per l\u00e2??Institut de Cultura de Barcelona que va tenir lloc al parc de la Ciutadella durant el cap de setmana, es va celebrar la <a target=\"_blank\" href=\"http:\/\/www.edubcn.cat\/ca\/noticies\/detall?44759\">4a Mostra de Recerca Jove de Barcelona<\/a> i es van lliurar els premis als 12 treballs de recerca guanyadors.\n<\/p>\n<p><img decoding=\"async\" src=\"http:\/\/www.edubcn.cat\/rcs_gene\/1.jpg\" \/>\u00a0\n<\/p>\n<p><strong>En Marc Ferrer alumne de 2n Batxillerat del centre\u00a0 ha estat un dels dos guanyadors<\/strong> de la 4a mostra i gaudir\u00e0 d\u00e2??unes Vacances Cient\u00edfiques que organitza la Communaut\u00e9 des Villes Ariane (CVA) a Lampoldshausen (Alemanya), del 30 de juny al 8 de juliol de 2012.\n<\/p>\n<p><strong>En Marc Alabart<\/strong> que <strong>tamb\u00e9 va arribar a la final<\/strong> va obtenir com a premi una jornada de navegaci\u00f3 pel litoral de la costa nord de Barcelona, el dia 26 de juny, a bord del Far Barcelona, una goleta de dos pals que va ser constru\u00efda l\u00e2??any 1874 a Noruega.\n<\/p>\n<p>L\u00e2??organitzaci\u00f3 tamb\u00e9 va premiar la tutoritzaci\u00f3 dels treballs de recerca, reconeixent aix\u00ed la tasca dels tutors i les tutores dels treballs seleccionats, amb una jornada de navegaci\u00f3.\n<\/p>\n<p><a href=\"\/ies-jaumebalmes\/intranet\/index.php?module=Not%EDcies&#038;func=display&#038;sid=201\">Anteriorment (el 16\/3)<\/a> ja havien informat que en la <a target=\"_blank\" href=\"http:\/\/www.xtec.cat\/crp-eixample\/recerca\/sumariMostra2012.pdf\">III Mostra de\u00a0 Recerca de l\u00e2??Eixample 2012<\/a> dos treballs del centre havien estat entre els 3 finalistes:\n<\/p>\n<ul>\n<li> <strong>La f\u00edsica aplicada al rem: Estudi de la ciavoga. Autor: Marc Ferrer Betorz. Tutora: Teresa Canalias<\/strong>. Institut Jaume Balmes<\/li>\n<\/ul>\n<ul>\n<li><strong>L\u00e2??escola els anys seixanta i setanta. Escoles progressistes catalanes: Escola Mireia. Autor: Marc Alabart Barba. Tutor: Ricard Serrano<\/strong>. Institut Jaume Balmes<br \/>\n  <\/li>\n<\/ul>\n<p>Felicitats a tots els premiats i a la seva tutora i tutor per la feina ben feta!!!.<br \/>\n  <\/p>\n","protected":false},"excerpt":{"rendered":"<p>El dissabte 16 de juny, en el marc de la Festa de la Ci\u00e8ncia organitzada per l\u00e2??Institut de Cultura de Barcelona que va tenir lloc al parc de la Ciutadella durant el cap de setmana, es va celebrar la <a target=\"_blank\" href=\"http:\/\/www.edubcn.cat\/ca\/noticies\/detall?44759\">4a Mostra de Recerca&hellip;  <a href=\"https:\/\/agora.xtec.cat\/ies-jaumebalmes\/general\/premis-a-la-4a-mostra-de-recerca-jove-de-barcelona\/\" title=\"Read Premis a la 4a mostra de Recerca Jove de Barcelona\">Llegeix m\u00e9s\u00bb<\/a><\/p>\n","protected":false},"author":3,"featured_media":0,"comment_status":"open","ping_status":"open","sticky":false,"template":"","format":"standard","meta":{"_bbp_topic_count":0,"_bbp_reply_count":0,"_bbp_total_topic_count":0,"_bbp_total_reply_count":0,"_bbp_voice_count":0,"_bbp_anonymous_reply_count":0,"_bbp_topic_count_hidden":0,"_bbp_reply_count_hidden":0,"_bbp_forum_subforum_count":0,"footnotes":""},"categories":[1],"tags":[97,100],"class_list":["post-650","post","type-post","status-publish","format-standard","hentry","category-general","tag-intraweb","tag-noticies"],"post_mailing_queue_ids":[],"_links":{"self":[{"href":"https:\/\/agora.xtec.cat\/ies-jaumebalmes\/wp-json\/wp\/v2\/posts\/650","targetHints":{"allow":["GET"]}}],"collection":[{"href":"https:\/\/agora.xtec.cat\/ies-jaumebalmes\/wp-json\/wp\/v2\/posts"}],"about":[{"href":"https:\/\/agora.xtec.cat\/ies-jaumebalmes\/wp-json\/wp\/v2\/types\/post"}],"author":[{"embeddable":true,"href":"https:\/\/agora.xtec.cat\/ies-jaumebalmes\/wp-json\/wp\/v2\/users\/3"}],"replies":[{"embeddable":true,"href":"https:\/\/agora.xtec.cat\/ies-jaumebalmes\/wp-json\/wp\/v2\/comments?post=650"}],"version-history":[{"count":0,"href":"https:\/\/agora.xtec.cat\/ies-jaumebalmes\/wp-json\/wp\/v2\/posts\/650\/revisions"}],"wp:attachment":[{"href":"https:\/\/agora.xtec.cat\/ies-jaumebalmes\/wp-json\/wp\/v2\/media?parent=650"}],"wp:term":[{"taxonomy":"category","embeddable":true,"href":"https:\/\/agora.xtec.cat\/ies-jaumebalmes\/wp-json\/wp\/v2\/categories?post=650"},{"taxonomy":"post_tag","embeddable":true,"href":"https:\/\/agora.xtec.cat\/ies-jaumebalmes\/wp-json\/wp\/v2\/tags?post=650"}],"curies":[{"name":"wp","href":"https:\/\/api.w.org\/{rel}","templated":true}]}}