{"id":648,"date":"2012-06-15T09:40:45","date_gmt":"2012-06-15T08:40:45","guid":{"rendered":"http:\/\/agora.xtec.cat\/ies-jaumebalmes\/general\/matriculacio-curs-2012-2013\/"},"modified":"2012-06-15T09:40:45","modified_gmt":"2012-06-15T08:40:45","slug":"matriculacio-curs-2012-2013","status":"publish","type":"post","link":"https:\/\/agora.xtec.cat\/ies-jaumebalmes\/general\/matriculacio-curs-2012-2013\/","title":{"rendered":"Matriculaci\u00f3 curs 2012-2013"},"content":{"rendered":"<table bgcolor=\"#ffff99\" border=\"0\">\n<tbody>\n<tr>\n<td>\n<h1>Matriculaci\u00f3 de l\u00e2??alumnat pel curs escolar 2012-2013:\u00a0<br \/>\n      <br \/>\n    <\/h1>\n<h2>Ex\u00e0mens i matr\u00edcula de setembre de 2012<br \/>\n      <br \/>\n    <\/h2>\n<p><a target=\"_blank\" href=\"\/ies-jaumebalmes\/intranet\/index.php?module=Downloads&#038;func=prep_hand_out&#038;lid=487\">Aqu\u00ed teniu el <strong>calendari dels ex\u00e0mens de setembre (4 i 5) d\u00e2??ESO i Batxillerat<\/strong><\/a>. Qui s\u00e2??hagi de presentar a aquest ex\u00e0mens ha de recollir el <strong>butllet\u00ed de notes el 6<\/strong> de setembre<strong> i matricular-se el 7<\/strong>.\u00a0<br \/>\n      \n    <\/p>\n<h2><strong>Aqu\u00ed teniu les carpetes amb la documentaci\u00f3 per a la matriculaci\u00f3.<br \/>\n      <br \/><\/strong><br \/>\n    <\/h2>\n<\/td>\n<\/tr>\n<\/tbody>\n<\/table>\n<table bgcolor=\"#ffff99\" border=\"0\">\n<tbody>\n<tr>\n<td>\n<ul>\n<li><strong><a href=\"\/ies-jaumebalmes\/intranet\/index.php?module=Downloads&#038;func=prep_hand_out&#038;lid=475\" target=\"_blank\">1r d\u00e2??ESO<\/a><\/strong> (de l\u00e2??11 al 15 de juny) <\/li>\n<li><a href=\"\/ies-jaumebalmes\/intranet\/index.php?module=Downloads&#038;%E2%81%9E%E2%81%9E%u205Efunc=prep_hand_out&#038;lid=476http:\/\/phobos.xtec.cat\/ies-jaumebalmes\/intranet\/index.php?module=Downloads&#038;func=prep_hand_out&#038;lid=476\" target=\"_blank\"><strong>2n d\u00e2??ESO<\/strong><\/a><strong>\u00a0\u00a0 i\u00a0\u00a0 <\/strong><a href=\"\/ies-jaumebalmes\/intranet\/index.php?module=Downloads&#038;func=prep_hand_out&#038;lid=477\" target=\"_blank\"><strong>3r i 4t d\u00e2??ESO<\/strong><\/a><strong>: (<\/strong>l\u00e2??alumnat que a juny ja passi de curs<strong> ha de matricular-se el 26 o 27 de juny, <\/strong>la resta el 6 o 7 de setembre<strong>)<\/strong> <\/li>\n<li><a href=\"\/ies-jaumebalmes\/intranet\/index.php?module=Downloads&#038;func=prep_hand_out&#038;lid=478\" target=\"_blank\"><strong>1r i 2n de Batxillerat<\/strong><\/a><strong> <\/strong><strong>(l\u00e2??alumnat del centre<\/strong> que a juny ja passi de curs<strong> ha de matricular-se el 28 o 29 de juny, <\/strong>la resta el 6 o 7 de setembre<strong>).\u00a0<\/strong> <\/li>\n<li><strong>CFGM Gesti\u00f3 Administrativa: <a href=\"\/ies-jaumebalmes\/intranet\/index.php?module=Downloads&#038;func=prep_hand_out&#038;lid=479\">alumnat nou<\/a> \/ <a href=\"\/ies-jaumebalmes\/intranet\/index.php?module=Downloads&#038;func=prep_hand_out&#038;lid=480\">alumnat del centre<br \/>\n      <br \/><\/a><\/strong> <\/li>\n<li><strong>CFGS: Administraci\u00f3 de Sistemes Inform\u00e0tics en Xarxa (ASIX) : <\/strong><strong><a href=\"\/ies-jaumebalmes\/intranet\/index.php?module=Downloads&#038;func=prep_hand_out&#038;lid=481\">alumnat nou<\/a> \/ <a href=\"\/ies-jaumebalmes\/intranet\/index.php?module=Downloads&#038;func=prep_hand_out&#038;lid=482\">alumnat del centre<\/a><\/strong> <\/li>\n<li><strong>CFGS: Desenvolupament d\u00e2??Aplicacions Web (DAW): <\/strong><strong><a href=\"\/ies-jaumebalmes\/intranet\/index.php?module=Downloads&#038;func=prep_hand_out&#038;lid=483\">alumnat nou<\/a> \/ <a href=\"\/ies-jaumebalmes\/intranet\/index.php?module=Downloads&#038;func=prep_hand_out&#038;lid=484\">alumnat del centre<\/a><\/strong>\u00a0\u00a0 <\/li>\n<li><strong>Matr\u00edcula d\u00e2??alumnat nou al centre de Batxillerat del 2 al 10 de juliol.<\/strong> <\/li>\n<li><strong>Matr\u00edcula d\u00e2??alumnat de Formaci\u00f3 Professional del 2 al 10 de juliol.<\/strong><\/li>\n<\/ul>\n<p> Qui prefereixi recollir la documentaci\u00f3 al centre ho pot fer a consergeria.<\/p>\n<p><strong>L\u00e2??alumnat de 4t d\u00e2??ESO i Batxillerat-di\u00fcrn haur\u00e0 de revisar, pr\u00e8viament a fer la matr\u00edcula<\/strong>, al taulell d\u00e2??anuncis del centre <strong>que les assignatures que ha demanat<\/strong> (espec\u00edfiques de 4t d\u00e2??ESO o Mat\u00e8ries de BTX) <strong>han estat validades pel Cap d\u00e2??Estudis<\/strong>.\n    <\/p>\n<p><\/p>\n<p>Tot l\u00e2??alumnat de Batxillerat-Nocturn haur\u00e0 de revisar, abans de la matricula, el seu itinerari amb el Cap d\u00e2??Estudis de Nocturn .<br \/>\n      \n    <\/p>\n<\/td>\n<\/tr>\n<\/tbody>\n<\/table>\n<p><\/p>\n<h3>Altres novetats<br \/>\n<\/h3>\n<table bgcolor=\"#ffff99\" border=\"0\">\n<tbody>\n<tr>\n<td>\n<p><strong>Novetat del 4\/7<\/strong>: Aqu\u00ed teniu un document amb uns <strong><a target=\"_blank\" href=\"\/ies-jaumebalmes\/intranet\/index.php?module=Downloads&#038;func=prep_hand_out&#038;lid=488\">quadres resum de la simultane\u00eftat dels estudis de m\u00fasica o dansa amb l\u00e2??ESO i el batxillerat<\/a>. <\/strong><\/p>\n<p><strong>Novetat del 20\/6 15h:<\/strong>: El Consorci d\u00e2??Educaci\u00f3 de Barcelona ens ha avan\u00e7at que<strong> s\u00e2??autoritzar\u00e0 la nostra petici\u00f3 per\u00a0 poder fer jornada intensiva a l\u00e2??ESO pel curs 2012-2013<\/strong>\n    <\/p>\n<h3><strong>L\u00e2??<\/strong><strong>horari marc definitiu que ha aprovat el Consell escolar, per a tot el di\u00fcrn, \u00e9s de 8h a 14,30h amb un esbarjo de 30 minuts (de 11h a 11,30h).<\/strong><br \/>\n    <\/h3>\n<\/td>\n<\/tr>\n<\/tbody>\n<\/table>\n<p><\/p>\n<table bgcolor=\"#ffcc66\" border=\"0\">\n<tbody>\n<tr>\n<td>\n<p>Confirmaci\u00f3 oficial del 18\/5\/2012: l\u00e2??Institut Jaume Balmes tamb\u00e9 ofereix pel curs 2012-2013 el <strong><a href=\"http:\/\/www.xtec.cat\/web\/curriculum\/batxillerat\/baccalaureat\" target=\"_blank\">curr\u00edculum mixt batxillerat \u00e2?? baccalaur\u00e9at (batxibac)<\/a>.<\/strong> <strong><\/strong>\n    <\/p>\n<p><strong>Les persones interessades en el batxibac hauran de comunicar-lo en el moment de fer la preinscripci\u00f3<\/strong> i contactarem personalment amb elles per concretar el seu itinerari. <strong>Reuni\u00f3 el dimecres 4 de juliol a les 18h<\/strong><br \/>\n    <\/p>\n<p><strong><\/strong>\n    <\/p>\n<li><strong><strong>Els altres itineraris dels Batxillerat del centre per al 2012-2013 s\u00f3n:\u00a0\u00a0\u00a0<a href=\"\/ies-jaumebalmes\/intranet\/index.php?module=Downloads&#038;func=prep_hand_out&#038;lid=456\" target=\"_blank\">BTX1-Di\u00fcrn<\/a><\/strong>, \u00a0 \u00a0 \u00a0 \u00a0\u00a0<strong><a href=\"\/ies-jaumebalmes\/intranet\/index.php?module=Downloads&#038;func=prep_hand_out&#038;lid=457\" target=\"_blank\">BTX2-Di\u00fcrn<\/a><\/strong>, \u00a0 \u00a0<strong><a href=\"\/ies-jaumebalmes\/intranet\/index.php?module=Downloads&#038;func=prep_hand_out&#038;lid=454\" target=\"_blank\">BTX1-Nocturn<\/a><\/strong>\u00a0\u00a0\u00a0 i\u00a0\u00a0\u00a0\u00a0\u00a0\u00a0\u00a0<strong><a href=\"\/ies-jaumebalmes\/intranet\/index.php?module=Downloads&#038;func=prep_hand_out&#038;lid=455\" target=\"_blank\">BTX2-Nocturn<\/a><\/strong>.\u00a0<strong>Cal lliurar-los omplerts amb la preinscripci\u00f3.<\/strong><\/strong><br \/>\n    <br \/><strong><\/strong><\/p>\n<\/li>\n<\/td>\n<\/tr>\n<\/tbody>\n<\/table>\n<h3><strong>Tota la informaci\u00f3 oficial del departament sobre tot el prov\u00e9s de preinscripci\u00f3 i matriculaci\u00f3 pel curs 2012-2013:<\/strong><br \/>\n<\/h3>\n<h3>\n<\/h3>\n<\/p>\n<p><strong><\/p>\n<ul><strong><\/p>\n<ul>\n<li>Al <strong><a href=\"http:\/\/www.gencat.cat\/preinscripcio\" target=\"_blank\">Web del Departament d\u00e2??Ensenyament | PREINSCRIPCI\u00c3?<\/a><\/strong> <\/li>\n<\/ul>\n<p><\/strong><strong><\/strong><br \/>\n  \n<\/ul>\n<p><\/strong><\/p>\n","protected":false},"excerpt":{"rendered":"<p>Matriculaci\u00f3 de l\u00e2??alumnat pel curs escolar 2012-2013:\u00a0<\/p>\n<p>Ex\u00e0mens i matr\u00edcula de setembre de 2012<\/p>\n<p><a target=\"_blank\" href=\"\/ies-jaumebalmes\/intranet\/index.php?module=Downloads&#038;func=prep_hand_out&#038;lid=487\">Aqu\u00ed teniu el calendari dels ex\u00e0mens de setembre (4 i 5)&hellip;  <a href=\"https:\/\/agora.xtec.cat\/ies-jaumebalmes\/general\/matriculacio-curs-2012-2013\/\" title=\"Read Matriculaci\u00f3 curs 2012-2013\">Llegeix m\u00e9s\u00bb<\/a><\/p>\n","protected":false},"author":3,"featured_media":0,"comment_status":"open","ping_status":"open","sticky":false,"template":"","format":"standard","meta":{"_bbp_topic_count":0,"_bbp_reply_count":0,"_bbp_total_topic_count":0,"_bbp_total_reply_count":0,"_bbp_voice_count":0,"_bbp_anonymous_reply_count":0,"_bbp_topic_count_hidden":0,"_bbp_reply_count_hidden":0,"_bbp_forum_subforum_count":0,"footnotes":""},"categories":[1],"tags":[97,100],"class_list":["post-648","post","type-post","status-publish","format-standard","hentry","category-general","tag-intraweb","tag-noticies"],"post_mailing_queue_ids":[],"_links":{"self":[{"href":"https:\/\/agora.xtec.cat\/ies-jaumebalmes\/wp-json\/wp\/v2\/posts\/648","targetHints":{"allow":["GET"]}}],"collection":[{"href":"https:\/\/agora.xtec.cat\/ies-jaumebalmes\/wp-json\/wp\/v2\/posts"}],"about":[{"href":"https:\/\/agora.xtec.cat\/ies-jaumebalmes\/wp-json\/wp\/v2\/types\/post"}],"author":[{"embeddable":true,"href":"https:\/\/agora.xtec.cat\/ies-jaumebalmes\/wp-json\/wp\/v2\/users\/3"}],"replies":[{"embeddable":true,"href":"https:\/\/agora.xtec.cat\/ies-jaumebalmes\/wp-json\/wp\/v2\/comments?post=648"}],"version-history":[{"count":0,"href":"https:\/\/agora.xtec.cat\/ies-jaumebalmes\/wp-json\/wp\/v2\/posts\/648\/revisions"}],"wp:attachment":[{"href":"https:\/\/agora.xtec.cat\/ies-jaumebalmes\/wp-json\/wp\/v2\/media?parent=648"}],"wp:term":[{"taxonomy":"category","embeddable":true,"href":"https:\/\/agora.xtec.cat\/ies-jaumebalmes\/wp-json\/wp\/v2\/categories?post=648"},{"taxonomy":"post_tag","embeddable":true,"href":"https:\/\/agora.xtec.cat\/ies-jaumebalmes\/wp-json\/wp\/v2\/tags?post=648"}],"curies":[{"name":"wp","href":"https:\/\/api.w.org\/{rel}","templated":true}]}}