{"id":646,"date":"2012-05-09T09:11:05","date_gmt":"2012-05-09T08:11:05","guid":{"rendered":"http:\/\/agora.xtec.cat\/ies-jaumebalmes\/general\/calendari-de-les-activitats-del-mes-de-juny\/"},"modified":"2012-05-09T09:11:05","modified_gmt":"2012-05-09T08:11:05","slug":"calendari-de-les-activitats-del-mes-de-juny","status":"publish","type":"post","link":"https:\/\/agora.xtec.cat\/ies-jaumebalmes\/general\/calendari-de-les-activitats-del-mes-de-juny\/","title":{"rendered":"Calendari de les activitats del mes de juny"},"content":{"rendered":"<p>A les fam\u00edlies de l\u00e2??alumnat d\u00e2??ESO i 1r de Batxillerat-di\u00fcrn li hem enviat avui divendres 18\/5 un <strong>nota\u00a0 explicant el calendari del proper mes de juny<\/strong>.\n<\/p>\n<p>A <a href=\"\/ies-jaumebalmes\/intranet\/index.php?module=Downloads&#038;func=sublevel&#038;cid=9&#038;start=0\">DOCUMENTS | DOCUMENTS P\u00c3?BLICS<\/a>\u00a0 teniu <a target=\"_blank\" href=\"\/ies-jaumebalmes\/intranet\/index.php?module=Downloads&#038;func=prep_hand_out&#038;lid=470\">un resum<\/a> i el calendari dels ex\u00e0mens finals (<a target=\"_blank\" href=\"\/ies-jaumebalmes\/intranet\/index.php?module=Downloads&#038;func=prep_hand_out&#038;lid=466\">ESO<\/a> i 1r de <a target=\"_blank\" href=\"\/ies-jaumebalmes\/intranet\/index.php?module=Downloads&#038;func=prep_hand_out&#038;lid=467\">BTX<\/a>) i extraordinaris (2n de <a target=\"_blank\" href=\"\/ies-jaumebalmes\/intranet\/index.php?module=Downloads&#038;func=prep_hand_out&#038;lid=467\">BTX<\/a>) de juny 2012:\n<\/p>\n<p> <a target=\"_blank\" href=\"\/ies-jaumebalmes\/intranet\/index.php?module=Downloads&#038;func=prep_hand_out&#038;lid=470\"><img decoding=\"async\" src=\"http:\/\/www.xtec.cat\/ies-jaumebalmes\/imatges\/calendari_juny2012.jpg\" \/><\/a><\/p>\n","protected":false},"excerpt":{"rendered":"<p>A les fam\u00edlies de l\u00e2??alumnat d\u00e2??ESO i 1r de Batxillerat-di\u00fcrn li hem enviat avui divendres 18\/5 un nota\u00a0 explicant el calendari del proper mes de juny.<\/p>\n<p>A <a href=\"\/ies-jaumebalmes\/intranet\/index.php?module=Downloads&#038;func=sublevel&#038;cid=9&#038;start=0\">DOCUMENTS | DOCUMENTS P\u00c3?BLICS<\/a>\u00a0 teniu <a target=\"_blank\" href=\"\/ies-jaumebalmes\/intranet\/index.php?module=Downloads&#038;func=prep_hand_out&#038;lid=470\">un resum<\/a> i el calendari dels ex\u00e0mens finals (<a target=\"_blank\" href=\"\/ies-jaumebalmes\/intranet\/index.php?module=Downloads&#038;func=prep_hand_out&#038;lid=466\">ESO<\/a>&hellip;  <a href=\"https:\/\/agora.xtec.cat\/ies-jaumebalmes\/general\/calendari-de-les-activitats-del-mes-de-juny\/\" title=\"Read Calendari de les activitats del mes de juny\">Llegeix m\u00e9s\u00bb<\/a><\/p>\n","protected":false},"author":3,"featured_media":0,"comment_status":"open","ping_status":"open","sticky":false,"template":"","format":"standard","meta":{"_bbp_topic_count":0,"_bbp_reply_count":0,"_bbp_total_topic_count":0,"_bbp_total_reply_count":0,"_bbp_voice_count":0,"_bbp_anonymous_reply_count":0,"_bbp_topic_count_hidden":0,"_bbp_reply_count_hidden":0,"_bbp_forum_subforum_count":0,"footnotes":""},"categories":[1],"tags":[97,100],"class_list":["post-646","post","type-post","status-publish","format-standard","hentry","category-general","tag-intraweb","tag-noticies"],"post_mailing_queue_ids":[],"_links":{"self":[{"href":"https:\/\/agora.xtec.cat\/ies-jaumebalmes\/wp-json\/wp\/v2\/posts\/646","targetHints":{"allow":["GET"]}}],"collection":[{"href":"https:\/\/agora.xtec.cat\/ies-jaumebalmes\/wp-json\/wp\/v2\/posts"}],"about":[{"href":"https:\/\/agora.xtec.cat\/ies-jaumebalmes\/wp-json\/wp\/v2\/types\/post"}],"author":[{"embeddable":true,"href":"https:\/\/agora.xtec.cat\/ies-jaumebalmes\/wp-json\/wp\/v2\/users\/3"}],"replies":[{"embeddable":true,"href":"https:\/\/agora.xtec.cat\/ies-jaumebalmes\/wp-json\/wp\/v2\/comments?post=646"}],"version-history":[{"count":0,"href":"https:\/\/agora.xtec.cat\/ies-jaumebalmes\/wp-json\/wp\/v2\/posts\/646\/revisions"}],"wp:attachment":[{"href":"https:\/\/agora.xtec.cat\/ies-jaumebalmes\/wp-json\/wp\/v2\/media?parent=646"}],"wp:term":[{"taxonomy":"category","embeddable":true,"href":"https:\/\/agora.xtec.cat\/ies-jaumebalmes\/wp-json\/wp\/v2\/categories?post=646"},{"taxonomy":"post_tag","embeddable":true,"href":"https:\/\/agora.xtec.cat\/ies-jaumebalmes\/wp-json\/wp\/v2\/tags?post=646"}],"curies":[{"name":"wp","href":"https:\/\/api.w.org\/{rel}","templated":true}]}}