{"id":644,"date":"2012-04-24T00:24:36","date_gmt":"2012-04-23T23:24:36","guid":{"rendered":"http:\/\/agora.xtec.cat\/ies-jaumebalmes\/general\/publiacio-del-premis-de-sant-jordi-2012\/"},"modified":"2012-04-24T00:24:36","modified_gmt":"2012-04-23T23:24:36","slug":"publiacio-del-premis-de-sant-jordi-2012","status":"publish","type":"post","link":"https:\/\/agora.xtec.cat\/ies-jaumebalmes\/general\/publiacio-del-premis-de-sant-jordi-2012\/","title":{"rendered":"Selecci\u00f3 fotos de la Diada de Sant Jordi 2012 i Publiaci\u00f3 del premis"},"content":{"rendered":"<p>A la <a href=\"\/ies-jaumebalmes\/intranet\/index.php?module=IWwebbox&#038;ref=galeria\">Galeria Multim\u00e8dia<\/a> teniu una selecci\u00f3 de<strong> fotos de les diverses activitats de la Diada de Sant Jordi 2012<\/strong>.\n<\/p>\n<p><a target=\"_blank\" href=\"\/ies-jaumebalmes\/cpg1410\/albums\/20120423SantJordi\/normal_20120423_CIMG7617.jpg\"><img decoding=\"async\" src=\"\/ies-jaumebalmes\/cpg1410\/albums\/20120423SantJordi\/normal_20120423_CIMG7617.jpg\" \/><\/a> <a target=\"_blank\" href=\"\/ies-jaumebalmes\/cpg1410\/thumbnails.php?album=131\"><img decoding=\"async\" src=\"\/ies-jaumebalmes\/cpg1410\/albums\/20120423SantJordi\/normal_20120423_CIMG7816.jpg\" \/><\/a><\/p>\n<p>I a <a target=\"_blank\" href=\"index.php?module=IWwebbox&#038;ref=revista\">Documents | Revista i Publicacions<\/a> la versi\u00f3 digital de la publicaci\u00f3 que recull els premis de Sant Jordi 2012. Es va lliurar una c\u00f2pia en paper a cada premiat\/da en acabar els actes de la Diada del 23 d\u00e2??abril.\n<\/p>\n<p>Segur que gaudireu d\u00e2??aquesta magn\u00edfica feina del nostre alumnat.<br \/>\n  \n<\/p>\n<p> <a target=\"_blank\" href=\"http:\/\/www.xtec.cat\/ies-jaumebalmes\/revista\/balmes201204santjordi.pdf\"><img loading=\"lazy\" decoding=\"async\" alt=\"Premis de Sannt Jordi 2012\" src=\"http:\/\/www.xtec.cat\/ies-jaumebalmes\/revista\/portada%20i%20contraportada%20201204stjordi.jpg\" align=\"left\" height=\"377\" width=\"500\" \/><\/a><\/p>\n","protected":false},"excerpt":{"rendered":"<p>A la <a href=\"\/ies-jaumebalmes\/intranet\/index.php?module=IWwebbox&#038;ref=galeria\">Galeria Multim\u00e8dia<\/a> teniu una selecci\u00f3 de fotos de les diverses activitats de la Diada de Sant Jordi 2012.<\/p>\n<p><a target=\"_blank\" href=\"\/ies-jaumebalmes\/cpg1410\/albums\/20120423SantJordi\/normal_20120423_CIMG7617.jpg\"><\/a> <a target=\"_blank\" href=\"\/ies-jaumebalmes\/cpg1410\/thumbnails.php?album=131\"><\/a><br \/>\nI a <a target=\"_blank\" href=\"index.php?module=IWwebbox&#038;ref=revista\">Documents | Revista i Publicacions<\/a> la versi\u00f3 digital de la publicaci\u00f3 que recull els premis de&hellip;  <a href=\"https:\/\/agora.xtec.cat\/ies-jaumebalmes\/general\/publiacio-del-premis-de-sant-jordi-2012\/\" title=\"Read Selecci\u00f3 fotos de la Diada de Sant Jordi 2012 i Publiaci\u00f3 del premis\">Llegeix m\u00e9s\u00bb<\/a><\/p>\n","protected":false},"author":3,"featured_media":0,"comment_status":"open","ping_status":"open","sticky":false,"template":"","format":"standard","meta":{"_bbp_topic_count":0,"_bbp_reply_count":0,"_bbp_total_topic_count":0,"_bbp_total_reply_count":0,"_bbp_voice_count":0,"_bbp_anonymous_reply_count":0,"_bbp_topic_count_hidden":0,"_bbp_reply_count_hidden":0,"_bbp_forum_subforum_count":0,"footnotes":""},"categories":[1],"tags":[97,100],"class_list":["post-644","post","type-post","status-publish","format-standard","hentry","category-general","tag-intraweb","tag-noticies"],"post_mailing_queue_ids":[],"_links":{"self":[{"href":"https:\/\/agora.xtec.cat\/ies-jaumebalmes\/wp-json\/wp\/v2\/posts\/644","targetHints":{"allow":["GET"]}}],"collection":[{"href":"https:\/\/agora.xtec.cat\/ies-jaumebalmes\/wp-json\/wp\/v2\/posts"}],"about":[{"href":"https:\/\/agora.xtec.cat\/ies-jaumebalmes\/wp-json\/wp\/v2\/types\/post"}],"author":[{"embeddable":true,"href":"https:\/\/agora.xtec.cat\/ies-jaumebalmes\/wp-json\/wp\/v2\/users\/3"}],"replies":[{"embeddable":true,"href":"https:\/\/agora.xtec.cat\/ies-jaumebalmes\/wp-json\/wp\/v2\/comments?post=644"}],"version-history":[{"count":0,"href":"https:\/\/agora.xtec.cat\/ies-jaumebalmes\/wp-json\/wp\/v2\/posts\/644\/revisions"}],"wp:attachment":[{"href":"https:\/\/agora.xtec.cat\/ies-jaumebalmes\/wp-json\/wp\/v2\/media?parent=644"}],"wp:term":[{"taxonomy":"category","embeddable":true,"href":"https:\/\/agora.xtec.cat\/ies-jaumebalmes\/wp-json\/wp\/v2\/categories?post=644"},{"taxonomy":"post_tag","embeddable":true,"href":"https:\/\/agora.xtec.cat\/ies-jaumebalmes\/wp-json\/wp\/v2\/tags?post=644"}],"curies":[{"name":"wp","href":"https:\/\/api.w.org\/{rel}","templated":true}]}}