{"id":640,"date":"2012-04-13T17:09:13","date_gmt":"2012-04-13T16:09:13","guid":{"rendered":"http:\/\/agora.xtec.cat\/ies-jaumebalmes\/general\/ja-podeu-escoltar-el-programa-de-radio-de-lalumnat-de-mitjans-de-comunicacio-btx1\/"},"modified":"2012-04-13T17:09:13","modified_gmt":"2012-04-13T16:09:13","slug":"ja-podeu-escoltar-el-programa-de-radio-de-lalumnat-de-mitjans-de-comunicacio-btx1","status":"publish","type":"post","link":"https:\/\/agora.xtec.cat\/ies-jaumebalmes\/general\/ja-podeu-escoltar-el-programa-de-radio-de-lalumnat-de-mitjans-de-comunicacio-btx1\/","title":{"rendered":"Ja podeu escoltar el programa de r\u00e0dio de l&#8217;alumnat de Mitjans de Comunicaci\u00f3 (BTX1)"},"content":{"rendered":"<p> <a href=\"http:\/\/www.coneixmon.org\/news\/ca_ES\/2012\/04\/04\/0001\/ja-es-poden-escoltar-els-programes-de-radio-de-coneixmon-amb-l-institut-viatja\" target=\"_blank\">Ja es PODEN ESCOLTAR els PROGRAMES de R\u00c3?DIO de CONEIXM\u00c3?N amb l&#8217;INSTITUT VIATJA! <\/a>\n<\/p>\n<p>Ja estan disponibles per escoltar tots els programes de r\u00e0dio del projecte <a href=\"http:\/\/www.coneixmon.org\/news\/ca_ES\/2011\/09\/01\/0001\/ja-tenim-els-10-instituts-que-participaran-a-l-institut-viatja-amb-el-turisme-responsable\" target=\"_blank\">L&#8217;institut viatja<\/a>\u00a0promogut per l&#8217;<a target=\"_blank\" href=\"http:\/\/www.coneixmon.org\/ca\/organitzacio\/quisom.html\">Associaci\u00f3 COMSOC &#8211; Comunicaci\u00f3 Social<\/a> en el marc del portal <a target=\"_blank\" href=\"http:\/\/www.coneixmon.org\/\">www.coneixmon.org.<\/a> Es tracta de 10 programes fets per alumnes de 10 instituts de la prov\u00edncia de Barcelona que han parlat sobre <a href=\"http:\/\/www.coneixmon.org\/ca\/turismeresponsable.html\">turisme responsable<\/a> centrant-se en un pa\u00eds del seu inter\u00e8s. Els i les joves han fet de periodistes per documentar-se, elaborar el gui\u00f3 d&#8217;un programa radiof\u00f2nic i enregistrar-lo, entrevistant, a m\u00e9s, a membres d&#8217;entitats que promouen i proposen iniciatives de turisme responsable i persones que han viscut l&#8217;experi\u00e8ncia d&#8217;aquests viatges en primera persona.\n<\/p>\n<p><\/p>\n<p><strong>El programa que van realitzar els nostres alumnes de Mitjans de Comunicaci\u00f3 \u00e9s aquest: <a target=\"_blank\" href=\"http:\/\/www.coneixmon.org\/news\/ca_ES\/2012\/03\/23\/0001\/l-institut-jaume-balmes-coneix-els-balcans-i-kevlar-fotoperiodistes-amb-un-programa-de-radio\">L&#8217;INSTITUT JAUME BALMES CONEIX els BALCANS i KEVLAR <\/a><\/strong><\/p>\n","protected":false},"excerpt":{"rendered":"<p> <a href=\"http:\/\/www.coneixmon.org\/news\/ca_ES\/2012\/04\/04\/0001\/ja-es-poden-escoltar-els-programes-de-radio-de-coneixmon-amb-l-institut-viatja\" target=\"_blank\">Ja es PODEN ESCOLTAR els PROGRAMES de R\u00c3?DIO de CONEIXM\u00c3?N amb l&#8217;INSTITUT VIATJA! <\/a><\/p>\n<p>Ja estan disponibles per escoltar tots els programes de r\u00e0dio del projecte <a href=\"http:\/\/www.coneixmon.org\/news\/ca_ES\/2011\/09\/01\/0001\/ja-tenim-els-10-instituts-que-participaran-a-l-institut-viatja-amb-el-turisme-responsable\" target=\"_blank\">L&#8217;institut viatja<\/a>\u00a0promogut per l&#8217;<a target=\"_blank\" href=\"http:\/\/www.coneixmon.org\/ca\/organitzacio\/quisom.html\">Associaci\u00f3 COMSOC &#8211; Comunicaci\u00f3 Social<\/a> en el marc del portal&hellip;  <a href=\"https:\/\/agora.xtec.cat\/ies-jaumebalmes\/general\/ja-podeu-escoltar-el-programa-de-radio-de-lalumnat-de-mitjans-de-comunicacio-btx1\/\" title=\"Read Ja podeu escoltar el programa de r\u00e0dio de l&#8217;alumnat de Mitjans de Comunicaci\u00f3 (BTX1)\">Llegeix m\u00e9s\u00bb<\/a><\/p>\n","protected":false},"author":3,"featured_media":0,"comment_status":"open","ping_status":"open","sticky":false,"template":"","format":"standard","meta":{"_bbp_topic_count":0,"_bbp_reply_count":0,"_bbp_total_topic_count":0,"_bbp_total_reply_count":0,"_bbp_voice_count":0,"_bbp_anonymous_reply_count":0,"_bbp_topic_count_hidden":0,"_bbp_reply_count_hidden":0,"_bbp_forum_subforum_count":0,"footnotes":""},"categories":[1],"tags":[97,100],"class_list":["post-640","post","type-post","status-publish","format-standard","hentry","category-general","tag-intraweb","tag-noticies"],"post_mailing_queue_ids":[],"_links":{"self":[{"href":"https:\/\/agora.xtec.cat\/ies-jaumebalmes\/wp-json\/wp\/v2\/posts\/640","targetHints":{"allow":["GET"]}}],"collection":[{"href":"https:\/\/agora.xtec.cat\/ies-jaumebalmes\/wp-json\/wp\/v2\/posts"}],"about":[{"href":"https:\/\/agora.xtec.cat\/ies-jaumebalmes\/wp-json\/wp\/v2\/types\/post"}],"author":[{"embeddable":true,"href":"https:\/\/agora.xtec.cat\/ies-jaumebalmes\/wp-json\/wp\/v2\/users\/3"}],"replies":[{"embeddable":true,"href":"https:\/\/agora.xtec.cat\/ies-jaumebalmes\/wp-json\/wp\/v2\/comments?post=640"}],"version-history":[{"count":0,"href":"https:\/\/agora.xtec.cat\/ies-jaumebalmes\/wp-json\/wp\/v2\/posts\/640\/revisions"}],"wp:attachment":[{"href":"https:\/\/agora.xtec.cat\/ies-jaumebalmes\/wp-json\/wp\/v2\/media?parent=640"}],"wp:term":[{"taxonomy":"category","embeddable":true,"href":"https:\/\/agora.xtec.cat\/ies-jaumebalmes\/wp-json\/wp\/v2\/categories?post=640"},{"taxonomy":"post_tag","embeddable":true,"href":"https:\/\/agora.xtec.cat\/ies-jaumebalmes\/wp-json\/wp\/v2\/tags?post=640"}],"curies":[{"name":"wp","href":"https:\/\/api.w.org\/{rel}","templated":true}]}}