{"id":639,"date":"2012-04-13T17:05:25","date_gmt":"2012-04-13T16:05:25","guid":{"rendered":"http:\/\/agora.xtec.cat\/ies-jaumebalmes\/general\/festa-de-sant-jordi-i-activitats-dabril-i-maig-2012\/"},"modified":"2012-04-13T17:05:25","modified_gmt":"2012-04-13T16:05:25","slug":"festa-de-sant-jordi-i-activitats-dabril-i-maig-2012","status":"publish","type":"post","link":"https:\/\/agora.xtec.cat\/ies-jaumebalmes\/general\/festa-de-sant-jordi-i-activitats-dabril-i-maig-2012\/","title":{"rendered":"Festa de Sant Jordi i Activitats d&#8217;Abril i Maig 2012"},"content":{"rendered":"<p>Ja teniu disponible a <a href=\"index.php?module=Downloads&#038;func=sublevel&#038;cid=9&#038;start=0\"><strong>Documents P\u00fablics:<\/strong><\/a>\n<\/p>\n<ul>\n<li><a href=\"index.php?module=Downloads&#038;func=sublevel&#038;cid=9&#038;start=0\"><strong><\/strong><\/a> el <a target=\"_blank\" href=\"index.php?module=Downloads&#038;func=prep_hand_out&#038;lid=451\">calendari de les activitats del centre d\u00e2??Abril i Maig de 2012<\/a> i<\/li>\n<li>l\u00e2??<a target=\"_blank\" href=\"index.php?module=Downloads&#038;func=prep_hand_out&#038;lid=452\">horari de la Festa programada per a la Diada de Sant Jordi 2012<\/a> (23\/4). <font style=\"font-family:arial,helvetica,sans-serif\" size=\"2\"><strong>Un any m\u00e9s convidem a totes les fam\u00edlies a venir a l&#8217;institut per veure la ballada de bastons que es far\u00e0 el dia de Sant Jordi a les 12h. al pati.<\/strong><\/font><\/li>\n<\/ul>\n","protected":false},"excerpt":{"rendered":"<p>Ja teniu disponible a <a href=\"index.php?module=Downloads&#038;func=sublevel&#038;cid=9&#038;start=0\">Documents P\u00fablics:<\/a><\/p>\n<ul>\n<li><a href=\"index.php?module=Downloads&#038;func=sublevel&#038;cid=9&#038;start=0\"><\/a> el <a target=\"_blank\" href=\"index.php?module=Downloads&#038;func=prep_hand_out&#038;lid=451\">calendari de les activitats del centre d\u00e2??Abril i Maig de 2012<\/a> i<\/li>\n<li>l\u00e2??<a target=\"_blank\" href=\"index.php?module=Downloads&#038;func=prep_hand_out&#038;lid=452\">horari de la Festa programada per a la Diada de Sant Jordi 2012<\/a> (23\/4). Un any m\u00e9s convidem a totes les&hellip;  <a href=\"https:\/\/agora.xtec.cat\/ies-jaumebalmes\/general\/festa-de-sant-jordi-i-activitats-dabril-i-maig-2012\/\" title=\"Read Festa de Sant Jordi i Activitats d&#8217;Abril i Maig 2012\">Llegeix m\u00e9s\u00bb<\/a><br \/>\n","protected":false},"author":3,"featured_media":0,"comment_status":"open","ping_status":"open","sticky":false,"template":"","format":"standard","meta":{"_bbp_topic_count":0,"_bbp_reply_count":0,"_bbp_total_topic_count":0,"_bbp_total_reply_count":0,"_bbp_voice_count":0,"_bbp_anonymous_reply_count":0,"_bbp_topic_count_hidden":0,"_bbp_reply_count_hidden":0,"_bbp_forum_subforum_count":0,"footnotes":""},"categories":[1],"tags":[97,100],"class_list":["post-639","post","type-post","status-publish","format-standard","hentry","category-general","tag-intraweb","tag-noticies"],"post_mailing_queue_ids":[],"_links":{"self":[{"href":"https:\/\/agora.xtec.cat\/ies-jaumebalmes\/wp-json\/wp\/v2\/posts\/639","targetHints":{"allow":["GET"]}}],"collection":[{"href":"https:\/\/agora.xtec.cat\/ies-jaumebalmes\/wp-json\/wp\/v2\/posts"}],"about":[{"href":"https:\/\/agora.xtec.cat\/ies-jaumebalmes\/wp-json\/wp\/v2\/types\/post"}],"author":[{"embeddable":true,"href":"https:\/\/agora.xtec.cat\/ies-jaumebalmes\/wp-json\/wp\/v2\/users\/3"}],"replies":[{"embeddable":true,"href":"https:\/\/agora.xtec.cat\/ies-jaumebalmes\/wp-json\/wp\/v2\/comments?post=639"}],"version-history":[{"count":0,"href":"https:\/\/agora.xtec.cat\/ies-jaumebalmes\/wp-json\/wp\/v2\/posts\/639\/revisions"}],"wp:attachment":[{"href":"https:\/\/agora.xtec.cat\/ies-jaumebalmes\/wp-json\/wp\/v2\/media?parent=639"}],"wp:term":[{"taxonomy":"category","embeddable":true,"href":"https:\/\/agora.xtec.cat\/ies-jaumebalmes\/wp-json\/wp\/v2\/categories?post=639"},{"taxonomy":"post_tag","embeddable":true,"href":"https:\/\/agora.xtec.cat\/ies-jaumebalmes\/wp-json\/wp\/v2\/tags?post=639"}],"curies":[{"name":"wp","href":"https:\/\/api.w.org\/{rel}","templated":true}]}}